{"id":3320,"date":"2022-11-22T15:57:01","date_gmt":"2022-11-22T14:57:01","guid":{"rendered":"https:\/\/butxacatv.com\/?p=3320"},"modified":"2022-12-22T16:42:41","modified_gmt":"2022-12-22T15:42:41","slug":"servicios-audiovisuales-41a-fiesta-de-la-ratafia","status":"publish","type":"post","link":"https:\/\/butxacatv.com\/es\/servicios-audiovisuales-41a-fiesta-de-la-ratafia\/","title":{"rendered":"Servicios audiovisuales: 41a Fiesta de la Ratafia"},"content":{"rendered":"\n<style type=\"text\/css\" data-created_by=\"avia_inline_auto\" id=\"style-css-av-gj9om0-63c48085d7ab46a6f097d46feba90739\">\n.flex_column.av-gj9om0-63c48085d7ab46a6f097d46feba90739{\n-webkit-border-radius:0px 0px 0px 0px;\n-moz-border-radius:0px 0px 0px 0px;\nborder-radius:0px 0px 0px 0px;\npadding:0px 0px 0px 0px;\n}\n<\/style>\n<div  class='flex_column av-gj9om0-63c48085d7ab46a6f097d46feba90739 av_one_half  avia-builder-el-0  el_before_av_hr  avia-builder-el-first  first flex_column_div av-zero-column-padding  '     ><style type=\"text\/css\" data-created_by=\"avia_inline_auto\" id=\"style-css-av-elh1d4-6508cf1ad857348df89c9892de7f9192\">\n.avia-image-container.av-elh1d4-6508cf1ad857348df89c9892de7f9192 img.avia_image{\nbox-shadow:none;\n}\n.avia-image-container.av-elh1d4-6508cf1ad857348df89c9892de7f9192 .av-image-caption-overlay-center{\ncolor:#ffffff;\n}\n<\/style>\n<div  class='avia-image-container av-elh1d4-6508cf1ad857348df89c9892de7f9192 av-styling- avia-align-left  avia-builder-el-1  avia-builder-el-no-sibling '   itemprop=\"image\" itemscope=\"itemscope\" itemtype=\"https:\/\/schema.org\/ImageObject\" ><div class=\"avia-image-container-inner\"><div class=\"avia-image-overlay-wrap\"><img decoding=\"async\" class='wp-image-3310 avia-img-lazy-loading-not-3310 avia_image ' src=\"https:\/\/butxacatv.com\/wp-content\/uploads\/2022\/11\/confraria_de_la_ratafia-300x120.webp\" alt='' title='confraria_de_la_ratafia'  height=\"120\" width=\"300\"  itemprop=\"thumbnailUrl\" srcset=\"https:\/\/butxacatv.com\/wp-content\/uploads\/2022\/11\/confraria_de_la_ratafia-300x120.webp 300w, https:\/\/butxacatv.com\/wp-content\/uploads\/2022\/11\/confraria_de_la_ratafia-1030x413.webp 1030w, https:\/\/butxacatv.com\/wp-content\/uploads\/2022\/11\/confraria_de_la_ratafia-768x308.webp 768w, https:\/\/butxacatv.com\/wp-content\/uploads\/2022\/11\/confraria_de_la_ratafia-1536x615.webp 1536w, https:\/\/butxacatv.com\/wp-content\/uploads\/2022\/11\/confraria_de_la_ratafia-1500x601.webp 1500w, https:\/\/butxacatv.com\/wp-content\/uploads\/2022\/11\/confraria_de_la_ratafia-705x282.webp 705w, https:\/\/butxacatv.com\/wp-content\/uploads\/2022\/11\/confraria_de_la_ratafia-600x240.webp 600w, https:\/\/butxacatv.com\/wp-content\/uploads\/2022\/11\/confraria_de_la_ratafia.webp 2000w\" sizes=\"(max-width: 300px) 100vw, 300px\" \/><\/div><\/div><\/div><\/div>\n<div  class='hr av-cvi8q0-5311d6e55888e04b6aa65cb382af29ea hr-default  avia-builder-el-2  el_after_av_one_half  el_before_av_textblock '><span class='hr-inner '><span class=\"hr-inner-style\"><\/span><\/span><\/div>\n<section  class='av_textblock_section av-lascapwr-606c2ceb50aae103bf5bf055896df939 '   itemscope=\"itemscope\" itemtype=\"https:\/\/schema.org\/BlogPosting\" itemprop=\"blogPost\" ><div class='avia_textblock'  itemprop=\"text\" ><p><strong>Empresa\/entidad organizadora:<\/strong> Cofrad\u00eda de la Rataf\u00eda de Santa Coloma de Farners<\/p>\n<p>Colaboraci\u00f3n con la Cofrad\u00eda de la rataf\u00eda con una serie de entrevistas a algunos de sus principales protagonistas.<\/p>\n<\/div><\/section>\n<div  class='hr av-at74pk-dfda86e5d0c644c4c4288df28c0a3a1b hr-default  avia-builder-el-4  el_after_av_textblock  el_before_av_video '><span class='hr-inner '><span class=\"hr-inner-style\"><\/span><\/span><\/div>\n<div  class='avia-video av-94tcjc-4f982c7949d10d71fa21b1964bc13d10 avia-video-16-9 av-no-preview-image avia-video-load-always av-lazyload-immediate av-lazyload-video-embed'  itemprop=\"video\" itemtype=\"https:\/\/schema.org\/VideoObject\"  data-original_url='https:\/\/www.youtube.com\/watch?v=JzuJGTos_PI'><script type='text\/html' class='av-video-tmpl'><div class='avia-iframe-wrap'><iframe title=\"L&#039;entrevista de la ratafia amb David Piany\" width=\"1500\" height=\"844\" src=\"https:\/\/www.youtube.com\/embed\/JzuJGTos_PI?feature=oembed&autoplay=0&loop=0&controls=1&mute=0\" frameborder=\"0\" allow=\"accelerometer; autoplay; clipboard-write; encrypted-media; gyroscope; picture-in-picture\" allowfullscreen><\/iframe><\/div><\/script><div class='av-click-to-play-overlay'><div class=\"avia_playpause_icon\"><\/div><\/div><\/div>\n<div  class='hr av-85r4q0-eaaf8daafa7c9e0db29d7bdb150fb601 hr-default  avia-builder-el-6  el_after_av_video  el_before_av_video '><span class='hr-inner '><span class=\"hr-inner-style\"><\/span><\/span><\/div>\n<div  class='avia-video av-6cet2w-a22c353c6db0637d1b134450cffef9be avia-video-16-9 av-no-preview-image avia-video-load-always av-lazyload-immediate av-lazyload-video-embed'  itemprop=\"video\" itemtype=\"https:\/\/schema.org\/VideoObject\"  data-original_url='https:\/\/www.youtube.com\/watch?v=MFCl2gZ2Xe8'><script type='text\/html' class='av-video-tmpl'><div class='avia-iframe-wrap'><iframe title=\"L&#039;entrevista de la ratafia amb Joan Mart\u00ed i Jordi Sol\u00e0\" width=\"1500\" height=\"844\" src=\"https:\/\/www.youtube.com\/embed\/MFCl2gZ2Xe8?feature=oembed&autoplay=0&loop=0&controls=1&mute=0\" frameborder=\"0\" allow=\"accelerometer; autoplay; clipboard-write; encrypted-media; gyroscope; picture-in-picture\" allowfullscreen><\/iframe><\/div><\/script><div class='av-click-to-play-overlay'><div class=\"avia_playpause_icon\"><\/div><\/div><\/div>\n<div  class='hr av-3lqfa0-b41494bb8c196b8cf2f6c8a5752dc104 hr-default  avia-builder-el-8  el_after_av_video  el_before_av_video '><span class='hr-inner '><span class=\"hr-inner-style\"><\/span><\/span><\/div>\n<div  class='avia-video av-20yygo-a89950a70ae58ba00acf2484abf37ed3 avia-video-16-9 av-no-preview-image avia-video-load-always av-lazyload-immediate av-lazyload-video-embed'  itemprop=\"video\" itemtype=\"https:\/\/schema.org\/VideoObject\"  data-original_url='https:\/\/www.youtube.com\/watch?v=FwhKnaJDBUI'><script type='text\/html' class='av-video-tmpl'><div class='avia-iframe-wrap'><iframe title=\"L&#039;entrevista de la ratafia amb Pau Pujol, de La Sobirana\" width=\"1500\" height=\"844\" src=\"https:\/\/www.youtube.com\/embed\/FwhKnaJDBUI?feature=oembed&autoplay=0&loop=0&controls=1&mute=0\" frameborder=\"0\" allow=\"accelerometer; autoplay; clipboard-write; encrypted-media; gyroscope; picture-in-picture\" allowfullscreen><\/iframe><\/div><\/script><div class='av-click-to-play-overlay'><div class=\"avia_playpause_icon\"><\/div><\/div><\/div>\n<div  class='hr av-av_hr-7bacd336e8c7b574fdeac16e430feaa5 hr-default  avia-builder-el-10  el_after_av_video  el_before_av_video '><span class='hr-inner '><span class=\"hr-inner-style\"><\/span><\/span><\/div>\n<div  class='avia-video av-lbz95u0f-66eb8c64e26ca4c2f98bcc385f64ed46 avia-video-16-9 av-no-preview-image avia-video-load-always av-lazyload-immediate av-lazyload-video-embed'  itemprop=\"video\" itemtype=\"https:\/\/schema.org\/VideoObject\"  data-original_url='https:\/\/www.youtube.com\/watch?v=AijjaMz9mqU'><script type='text\/html' class='av-video-tmpl'><div class='avia-iframe-wrap'><iframe title=\"Entrevista a en Sergi Roca guanyador del 41\u00e8 concurs, acompanyat d\u2019en Jordi Roca\" width=\"1500\" height=\"844\" src=\"https:\/\/www.youtube.com\/embed\/AijjaMz9mqU?feature=oembed&autoplay=0&loop=0&controls=1&mute=0\" frameborder=\"0\" allow=\"accelerometer; autoplay; clipboard-write; encrypted-media; gyroscope; picture-in-picture\" allowfullscreen><\/iframe><\/div><\/script><div class='av-click-to-play-overlay'><div class=\"avia_playpause_icon\"><\/div><\/div><\/div>\n","protected":false},"excerpt":{"rendered":"","protected":false},"author":2,"featured_media":3326,"comment_status":"closed","ping_status":"closed","sticky":false,"template":"","format":"standard","meta":[],"categories":[78,146],"tags":[],"yoast_head":"<!-- This site is optimized with the Yoast SEO plugin v20.9 - https:\/\/yoast.com\/wordpress\/plugins\/seo\/ -->\n<title>Servicios audiovisuales: 41a Fiesta de la Ratafia - BUTXACA TV<\/title>\n<meta name=\"robots\" content=\"index, follow, max-snippet:-1, max-image-preview:large, max-video-preview:-1\" \/>\n<link rel=\"canonical\" href=\"https:\/\/butxacatv.com\/es\/servicios-audiovisuales-41a-fiesta-de-la-ratafia\/\" \/>\n<meta property=\"og:locale\" content=\"es_ES\" \/>\n<meta property=\"og:type\" content=\"article\" \/>\n<meta property=\"og:title\" content=\"Servicios audiovisuales: 41a Fiesta de la Ratafia - BUTXACA TV\" \/>\n<meta property=\"og:url\" content=\"https:\/\/butxacatv.com\/es\/servicios-audiovisuales-41a-fiesta-de-la-ratafia\/\" \/>\n<meta property=\"og:site_name\" content=\"BUTXACA TV\" \/>\n<meta property=\"article:publisher\" content=\"https:\/\/www.facebook.com\/Butxacatv\" \/>\n<meta property=\"article:published_time\" content=\"2022-11-22T14:57:01+00:00\" \/>\n<meta property=\"article:modified_time\" content=\"2022-12-22T15:42:41+00:00\" \/>\n<meta property=\"og:image\" content=\"https:\/\/butxacatv.com\/wp-content\/uploads\/2022\/11\/festa-ratafia-1.jpeg\" \/>\n\t<meta property=\"og:image:width\" content=\"720\" \/>\n\t<meta property=\"og:image:height\" content=\"405\" \/>\n\t<meta property=\"og:image:type\" content=\"image\/jpeg\" \/>\n<meta name=\"author\" content=\"bt-administrador\" \/>\n<meta name=\"twitter:label1\" content=\"Escrito por\" \/>\n\t<meta name=\"twitter:data1\" content=\"bt-administrador\" \/>\n\t<meta name=\"twitter:label2\" content=\"Tiempo de lectura\" \/>\n\t<meta name=\"twitter:data2\" content=\"2 minutos\" \/>\n<script type=\"application\/ld+json\" class=\"yoast-schema-graph\">{\"@context\":\"https:\/\/schema.org\",\"@graph\":[{\"@type\":\"WebPage\",\"@id\":\"https:\/\/butxacatv.com\/es\/servicios-audiovisuales-41a-fiesta-de-la-ratafia\/\",\"url\":\"https:\/\/butxacatv.com\/es\/servicios-audiovisuales-41a-fiesta-de-la-ratafia\/\",\"name\":\"Servicios audiovisuales: 41a Fiesta de la Ratafia - BUTXACA TV\",\"isPartOf\":{\"@id\":\"https:\/\/butxacatv.com\/#website\"},\"datePublished\":\"2022-11-22T14:57:01+00:00\",\"dateModified\":\"2022-12-22T15:42:41+00:00\",\"author\":{\"@id\":\"https:\/\/butxacatv.com\/#\/schema\/person\/a061863d3c344ba65b6fee2ef2a1a3ea\"},\"breadcrumb\":{\"@id\":\"https:\/\/butxacatv.com\/es\/servicios-audiovisuales-41a-fiesta-de-la-ratafia\/#breadcrumb\"},\"inLanguage\":\"es\",\"potentialAction\":[{\"@type\":\"ReadAction\",\"target\":[\"https:\/\/butxacatv.com\/es\/servicios-audiovisuales-41a-fiesta-de-la-ratafia\/\"]}]},{\"@type\":\"BreadcrumbList\",\"@id\":\"https:\/\/butxacatv.com\/es\/servicios-audiovisuales-41a-fiesta-de-la-ratafia\/#breadcrumb\",\"itemListElement\":[{\"@type\":\"ListItem\",\"position\":1,\"name\":\"Portada\",\"item\":\"https:\/\/butxacatv.com\/es\/home\/\"},{\"@type\":\"ListItem\",\"position\":2,\"name\":\"Servicios audiovisuales: 41a Fiesta de la Ratafia\"}]},{\"@type\":\"WebSite\",\"@id\":\"https:\/\/butxacatv.com\/#website\",\"url\":\"https:\/\/butxacatv.com\/\",\"name\":\"BUTXACA TV\",\"description\":\"BUTXACA TV\",\"potentialAction\":[{\"@type\":\"SearchAction\",\"target\":{\"@type\":\"EntryPoint\",\"urlTemplate\":\"https:\/\/butxacatv.com\/?s={search_term_string}\"},\"query-input\":\"required name=search_term_string\"}],\"inLanguage\":\"es\"},{\"@type\":\"Person\",\"@id\":\"https:\/\/butxacatv.com\/#\/schema\/person\/a061863d3c344ba65b6fee2ef2a1a3ea\",\"name\":\"bt-administrador\",\"url\":\"https:\/\/butxacatv.com\/es\/author\/bt-administrador\/\"}]}<\/script>\n<!-- \/ Yoast SEO plugin. -->","yoast_head_json":{"title":"Servicios audiovisuales: 41a Fiesta de la Ratafia - BUTXACA TV","robots":{"index":"index","follow":"follow","max-snippet":"max-snippet:-1","max-image-preview":"max-image-preview:large","max-video-preview":"max-video-preview:-1"},"canonical":"https:\/\/butxacatv.com\/es\/servicios-audiovisuales-41a-fiesta-de-la-ratafia\/","og_locale":"es_ES","og_type":"article","og_title":"Servicios audiovisuales: 41a Fiesta de la Ratafia - BUTXACA TV","og_url":"https:\/\/butxacatv.com\/es\/servicios-audiovisuales-41a-fiesta-de-la-ratafia\/","og_site_name":"BUTXACA TV","article_publisher":"https:\/\/www.facebook.com\/Butxacatv","article_published_time":"2022-11-22T14:57:01+00:00","article_modified_time":"2022-12-22T15:42:41+00:00","og_image":[{"width":720,"height":405,"url":"https:\/\/butxacatv.com\/wp-content\/uploads\/2022\/11\/festa-ratafia-1.jpeg","type":"image\/jpeg"}],"author":"bt-administrador","twitter_misc":{"Escrito por":"bt-administrador","Tiempo de lectura":"2 minutos"},"schema":{"@context":"https:\/\/schema.org","@graph":[{"@type":"WebPage","@id":"https:\/\/butxacatv.com\/es\/servicios-audiovisuales-41a-fiesta-de-la-ratafia\/","url":"https:\/\/butxacatv.com\/es\/servicios-audiovisuales-41a-fiesta-de-la-ratafia\/","name":"Servicios audiovisuales: 41a Fiesta de la Ratafia - BUTXACA TV","isPartOf":{"@id":"https:\/\/butxacatv.com\/#website"},"datePublished":"2022-11-22T14:57:01+00:00","dateModified":"2022-12-22T15:42:41+00:00","author":{"@id":"https:\/\/butxacatv.com\/#\/schema\/person\/a061863d3c344ba65b6fee2ef2a1a3ea"},"breadcrumb":{"@id":"https:\/\/butxacatv.com\/es\/servicios-audiovisuales-41a-fiesta-de-la-ratafia\/#breadcrumb"},"inLanguage":"es","potentialAction":[{"@type":"ReadAction","target":["https:\/\/butxacatv.com\/es\/servicios-audiovisuales-41a-fiesta-de-la-ratafia\/"]}]},{"@type":"BreadcrumbList","@id":"https:\/\/butxacatv.com\/es\/servicios-audiovisuales-41a-fiesta-de-la-ratafia\/#breadcrumb","itemListElement":[{"@type":"ListItem","position":1,"name":"Portada","item":"https:\/\/butxacatv.com\/es\/home\/"},{"@type":"ListItem","position":2,"name":"Servicios audiovisuales: 41a Fiesta de la Ratafia"}]},{"@type":"WebSite","@id":"https:\/\/butxacatv.com\/#website","url":"https:\/\/butxacatv.com\/","name":"BUTXACA TV","description":"BUTXACA TV","potentialAction":[{"@type":"SearchAction","target":{"@type":"EntryPoint","urlTemplate":"https:\/\/butxacatv.com\/?s={search_term_string}"},"query-input":"required name=search_term_string"}],"inLanguage":"es"},{"@type":"Person","@id":"https:\/\/butxacatv.com\/#\/schema\/person\/a061863d3c344ba65b6fee2ef2a1a3ea","name":"bt-administrador","url":"https:\/\/butxacatv.com\/es\/author\/bt-administrador\/"}]}},"_links":{"self":[{"href":"https:\/\/butxacatv.com\/es\/wp-json\/wp\/v2\/posts\/3320"}],"collection":[{"href":"https:\/\/butxacatv.com\/es\/wp-json\/wp\/v2\/posts"}],"about":[{"href":"https:\/\/butxacatv.com\/es\/wp-json\/wp\/v2\/types\/post"}],"author":[{"embeddable":true,"href":"https:\/\/butxacatv.com\/es\/wp-json\/wp\/v2\/users\/2"}],"replies":[{"embeddable":true,"href":"https:\/\/butxacatv.com\/es\/wp-json\/wp\/v2\/comments?post=3320"}],"version-history":[{"count":6,"href":"https:\/\/butxacatv.com\/es\/wp-json\/wp\/v2\/posts\/3320\/revisions"}],"predecessor-version":[{"id":3340,"href":"https:\/\/butxacatv.com\/es\/wp-json\/wp\/v2\/posts\/3320\/revisions\/3340"}],"wp:featuredmedia":[{"embeddable":true,"href":"https:\/\/butxacatv.com\/es\/wp-json\/wp\/v2\/media\/3326"}],"wp:attachment":[{"href":"https:\/\/butxacatv.com\/es\/wp-json\/wp\/v2\/media?parent=3320"}],"wp:term":[{"taxonomy":"category","embeddable":true,"href":"https:\/\/butxacatv.com\/es\/wp-json\/wp\/v2\/categories?post=3320"},{"taxonomy":"post_tag","embeddable":true,"href":"https:\/\/butxacatv.com\/es\/wp-json\/wp\/v2\/tags?post=3320"}],"curies":[{"name":"wp","href":"https:\/\/api.w.org\/{rel}","templated":true}]}}