{"id":3289,"date":"2022-11-11T11:42:42","date_gmt":"2022-11-11T10:42:42","guid":{"rendered":"https:\/\/butxacatv.com\/?p=3289"},"modified":"2022-12-22T16:47:40","modified_gmt":"2022-12-22T15:47:40","slug":"servicios-audiovisuales-la-selva-comarca-de-rutas","status":"publish","type":"post","link":"https:\/\/butxacatv.com\/es\/servicios-audiovisuales-la-selva-comarca-de-rutas\/","title":{"rendered":"Servicios audiovisuales: La Selva &#8211; Comarca de Rutas"},"content":{"rendered":"\n<style type=\"text\/css\" data-created_by=\"avia_inline_auto\" id=\"style-css-av-f7hv09-9d733e9f1f6208be8d7f267cb1ad24e1\">\n.flex_column.av-f7hv09-9d733e9f1f6208be8d7f267cb1ad24e1{\n-webkit-border-radius:0px 0px 0px 0px;\n-moz-border-radius:0px 0px 0px 0px;\nborder-radius:0px 0px 0px 0px;\npadding:0px 0px 0px 0px;\n}\n<\/style>\n<div  class='flex_column av-f7hv09-9d733e9f1f6208be8d7f267cb1ad24e1 av_one_half  avia-builder-el-0  el_before_av_hr  avia-builder-el-first  first flex_column_div av-zero-column-padding  '     ><style type=\"text\/css\" data-created_by=\"avia_inline_auto\" id=\"style-css-av-e6fevt-e56900af067c24b2f7258736c0a5ab51\">\n.avia-image-container.av-e6fevt-e56900af067c24b2f7258736c0a5ab51 img.avia_image{\nbox-shadow:none;\n}\n.avia-image-container.av-e6fevt-e56900af067c24b2f7258736c0a5ab51 .av-image-caption-overlay-center{\ncolor:#ffffff;\n}\n<\/style>\n<div  class='avia-image-container av-e6fevt-e56900af067c24b2f7258736c0a5ab51 av-styling- avia-align-left  avia-builder-el-1  avia-builder-el-no-sibling '   itemprop=\"image\" itemscope=\"itemscope\" itemtype=\"https:\/\/schema.org\/ImageObject\" ><div class=\"avia-image-container-inner\"><div class=\"avia-image-overlay-wrap\"><img decoding=\"async\" class='wp-image-3260 avia-img-lazy-loading-not-3260 avia_image ' src=\"https:\/\/butxacatv.com\/wp-content\/uploads\/2022\/11\/unnamed-180x180.jpeg\" alt='' title='unnamed'  height=\"180\" width=\"180\"  itemprop=\"thumbnailUrl\" srcset=\"https:\/\/butxacatv.com\/wp-content\/uploads\/2022\/11\/unnamed-180x180.jpeg 180w, https:\/\/butxacatv.com\/wp-content\/uploads\/2022\/11\/unnamed-300x300.jpeg 300w, https:\/\/butxacatv.com\/wp-content\/uploads\/2022\/11\/unnamed-80x80.jpeg 80w, https:\/\/butxacatv.com\/wp-content\/uploads\/2022\/11\/unnamed-768x768.jpeg 768w, https:\/\/butxacatv.com\/wp-content\/uploads\/2022\/11\/unnamed-36x36.jpeg 36w, https:\/\/butxacatv.com\/wp-content\/uploads\/2022\/11\/unnamed-705x705.jpeg 705w, https:\/\/butxacatv.com\/wp-content\/uploads\/2022\/11\/unnamed-100x100.jpeg 100w, https:\/\/butxacatv.com\/wp-content\/uploads\/2022\/11\/unnamed-600x600.jpeg 600w, https:\/\/butxacatv.com\/wp-content\/uploads\/2022\/11\/unnamed.jpeg 900w\" sizes=\"(max-width: 180px) 100vw, 180px\" \/><\/div><\/div><\/div><\/div>\n<div  class='hr av-cv43ft-045f3433e00bcc8795a82d17004b4170 hr-default  avia-builder-el-2  el_after_av_one_half  el_before_av_textblock '><span class='hr-inner '><span class=\"hr-inner-style\"><\/span><\/span><\/div>\n<section  class='av_textblock_section av-lacde296-6946cbebda8d18519f87bd75e55e8826 '   itemscope=\"itemscope\" itemtype=\"https:\/\/schema.org\/BlogPosting\" itemprop=\"blogPost\" ><div class='avia_textblock'  itemprop=\"text\" ><p><strong>Empresa\/entidad organizadora:<\/strong> La Selva Turisme<\/p>\n<p>Grabaci\u00f3n y edici\u00f3n de v\u00eddeos promocionales para conocer los magn\u00edficos parajes naturales y el rico patrimonio cultural que conforman la comarca de la Selva.<\/p>\n<\/div><\/section>\n<div  class='hr av-bcgi3t-75e449d8adfe4d21b8d149c7dbfd7774 hr-default  avia-builder-el-4  el_after_av_textblock  el_before_av_video '><span class='hr-inner '><span class=\"hr-inner-style\"><\/span><\/span><\/div>\n<div  class='avia-video av-8qz0p5-79b130e374b98a29553703df5760e9be avia-video-16-9 av-no-preview-image avia-video-load-always av-lazyload-immediate av-lazyload-video-embed'  itemprop=\"video\" itemtype=\"https:\/\/schema.org\/VideoObject\"  data-original_url='https:\/\/www.youtube.com\/watch?v=ympw7nmguAg'><script type='text\/html' class='av-video-tmpl'><div class='avia-iframe-wrap'><iframe title=\"Ruta dels or\u00edgens de la Selva\" width=\"1500\" height=\"844\" src=\"https:\/\/www.youtube.com\/embed\/ympw7nmguAg?feature=oembed&autoplay=0&loop=0&controls=1&mute=0\" frameborder=\"0\" allow=\"accelerometer; autoplay; clipboard-write; encrypted-media; gyroscope; picture-in-picture\" allowfullscreen><\/iframe><\/div><\/script><div class='av-click-to-play-overlay'><div class=\"avia_playpause_icon\"><\/div><\/div><\/div>\n<div  class='hr av-7gr509-95132e3822e08f04e0b089adb6b9c0e9 hr-default  avia-builder-el-6  el_after_av_video  el_before_av_video '><span class='hr-inner '><span class=\"hr-inner-style\"><\/span><\/span><\/div>\n<div  class='avia-video av-5mnlfd-9ae22e8d0e2c6887858074e7ee0b3e6e avia-video-16-9 av-no-preview-image avia-video-load-always av-lazyload-immediate av-lazyload-video-embed'  itemprop=\"video\" itemtype=\"https:\/\/schema.org\/VideoObject\"  data-original_url='https:\/\/www.youtube.com\/watch?v=mDRwyJ3TsGg'><script type='text\/html' class='av-video-tmpl'><div class='avia-iframe-wrap'><iframe title=\"Ruta del modernisme a la Selva\" width=\"1500\" height=\"844\" src=\"https:\/\/www.youtube.com\/embed\/mDRwyJ3TsGg?feature=oembed&autoplay=0&loop=0&controls=1&mute=0\" frameborder=\"0\" allow=\"accelerometer; autoplay; clipboard-write; encrypted-media; gyroscope; picture-in-picture\" allowfullscreen><\/iframe><\/div><\/script><div class='av-click-to-play-overlay'><div class=\"avia_playpause_icon\"><\/div><\/div><\/div>\n<div  class='hr av-42d26h-2ba8de8292953ccb24d67609769ab681 hr-default  avia-builder-el-8  el_after_av_video  el_before_av_video '><span class='hr-inner '><span class=\"hr-inner-style\"><\/span><\/span><\/div>\n<div  class='avia-video av-2e8a2x-d7e2ec64a6d022276c0cc3578ba300b4 avia-video-16-9 av-no-preview-image avia-video-load-always av-lazyload-immediate av-lazyload-video-embed'  itemprop=\"video\" itemtype=\"https:\/\/schema.org\/VideoObject\"  data-original_url='https:\/\/www.youtube.com\/watch?v=LRXSVQnXn_c'><script type='text\/html' class='av-video-tmpl'><div class='avia-iframe-wrap'><iframe title=\"Ruta dels Castells de la Selva\" width=\"1500\" height=\"844\" src=\"https:\/\/www.youtube.com\/embed\/LRXSVQnXn_c?feature=oembed&autoplay=0&loop=0&controls=1&mute=0\" frameborder=\"0\" allow=\"accelerometer; autoplay; clipboard-write; encrypted-media; gyroscope; picture-in-picture\" allowfullscreen><\/iframe><\/div><\/script><div class='av-click-to-play-overlay'><div class=\"avia_playpause_icon\"><\/div><\/div><\/div>\n<div  class='hr av-av_hr-7bacd336e8c7b574fdeac16e430feaa5 hr-default  avia-builder-el-10  el_after_av_video  el_before_av_video '><span class='hr-inner '><span class=\"hr-inner-style\"><\/span><\/span><\/div>\n<div  class='avia-video av-lbz9bwku-4d8b1dd6f7979a3f5d9d2ca9b7af2b7a avia-video-16-9 av-no-preview-image avia-video-load-always av-lazyload-immediate av-lazyload-video-embed'  itemprop=\"video\" itemtype=\"https:\/\/schema.org\/VideoObject\"  data-original_url='https:\/\/www.youtube.com\/watch?v=ZPvJF5X5ycw'><script type='text\/html' class='av-video-tmpl'><div class='avia-iframe-wrap'><iframe title=\"Ruta del rom\u00e0nic religi\u00f3s a la Selva\" width=\"1500\" height=\"844\" src=\"https:\/\/www.youtube.com\/embed\/ZPvJF5X5ycw?feature=oembed&autoplay=0&loop=0&controls=1&mute=0\" frameborder=\"0\" allow=\"accelerometer; autoplay; clipboard-write; encrypted-media; gyroscope; picture-in-picture\" allowfullscreen><\/iframe><\/div><\/script><div class='av-click-to-play-overlay'><div class=\"avia_playpause_icon\"><\/div><\/div><\/div>\n<div  class='hr av-av_hr-7bacd336e8c7b574fdeac16e430feaa5 hr-default  avia-builder-el-12  el_after_av_video  el_before_av_video '><span class='hr-inner '><span class=\"hr-inner-style\"><\/span><\/span><\/div>\n<div  class='avia-video av-lbz9c88i-aee9cc108e386664582780c79712e288 avia-video-16-9 av-no-preview-image avia-video-load-always av-lazyload-immediate av-lazyload-video-embed'  itemprop=\"video\" itemtype=\"https:\/\/schema.org\/VideoObject\"  data-original_url='https:\/\/www.youtube.com\/watch?v=a8MH2-llj2c'><script type='text\/html' class='av-video-tmpl'><div class='avia-iframe-wrap'><iframe title=\"Ruta de la Selva Mar\u00edtima, patrimoni pesquer\" width=\"1500\" height=\"844\" src=\"https:\/\/www.youtube.com\/embed\/a8MH2-llj2c?feature=oembed&autoplay=0&loop=0&controls=1&mute=0\" frameborder=\"0\" allow=\"accelerometer; autoplay; clipboard-write; encrypted-media; gyroscope; picture-in-picture\" allowfullscreen><\/iframe><\/div><\/script><div class='av-click-to-play-overlay'><div class=\"avia_playpause_icon\"><\/div><\/div><\/div>\n","protected":false},"excerpt":{"rendered":"","protected":false},"author":2,"featured_media":3280,"comment_status":"closed","ping_status":"closed","sticky":false,"template":"","format":"standard","meta":[],"categories":[85,146],"tags":[],"yoast_head":"<!-- This site is optimized with the Yoast SEO plugin v20.9 - https:\/\/yoast.com\/wordpress\/plugins\/seo\/ -->\n<title>Servicios audiovisuales: La Selva - Comarca de Rutas - BUTXACA TV<\/title>\n<meta name=\"robots\" content=\"index, follow, max-snippet:-1, max-image-preview:large, max-video-preview:-1\" \/>\n<link rel=\"canonical\" href=\"https:\/\/butxacatv.com\/es\/servicios-audiovisuales-la-selva-comarca-de-rutas\/\" \/>\n<meta property=\"og:locale\" content=\"es_ES\" \/>\n<meta property=\"og:type\" content=\"article\" \/>\n<meta property=\"og:title\" content=\"Servicios audiovisuales: La Selva - Comarca de Rutas - BUTXACA TV\" \/>\n<meta property=\"og:url\" content=\"https:\/\/butxacatv.com\/es\/servicios-audiovisuales-la-selva-comarca-de-rutas\/\" \/>\n<meta property=\"og:site_name\" content=\"BUTXACA TV\" \/>\n<meta property=\"article:publisher\" content=\"https:\/\/www.facebook.com\/Butxacatv\" \/>\n<meta property=\"article:published_time\" content=\"2022-11-11T10:42:42+00:00\" \/>\n<meta property=\"article:modified_time\" content=\"2022-12-22T15:47:40+00:00\" \/>\n<meta property=\"og:image\" content=\"https:\/\/butxacatv.com\/wp-content\/uploads\/2022\/11\/Captura-de-pantalla-2022-11-11-a-las-10.57.03.png\" \/>\n\t<meta property=\"og:image:width\" content=\"1316\" \/>\n\t<meta property=\"og:image:height\" content=\"736\" \/>\n\t<meta property=\"og:image:type\" content=\"image\/png\" \/>\n<meta name=\"author\" content=\"bt-administrador\" \/>\n<meta name=\"twitter:label1\" content=\"Escrito por\" \/>\n\t<meta name=\"twitter:data1\" content=\"bt-administrador\" \/>\n\t<meta name=\"twitter:label2\" content=\"Tiempo de lectura\" \/>\n\t<meta name=\"twitter:data2\" content=\"2 minutos\" \/>\n<script type=\"application\/ld+json\" class=\"yoast-schema-graph\">{\"@context\":\"https:\/\/schema.org\",\"@graph\":[{\"@type\":\"WebPage\",\"@id\":\"https:\/\/butxacatv.com\/es\/servicios-audiovisuales-la-selva-comarca-de-rutas\/\",\"url\":\"https:\/\/butxacatv.com\/es\/servicios-audiovisuales-la-selva-comarca-de-rutas\/\",\"name\":\"Servicios audiovisuales: La Selva - Comarca de Rutas - BUTXACA TV\",\"isPartOf\":{\"@id\":\"https:\/\/butxacatv.com\/#website\"},\"datePublished\":\"2022-11-11T10:42:42+00:00\",\"dateModified\":\"2022-12-22T15:47:40+00:00\",\"author\":{\"@id\":\"https:\/\/butxacatv.com\/#\/schema\/person\/a061863d3c344ba65b6fee2ef2a1a3ea\"},\"breadcrumb\":{\"@id\":\"https:\/\/butxacatv.com\/es\/servicios-audiovisuales-la-selva-comarca-de-rutas\/#breadcrumb\"},\"inLanguage\":\"es\",\"potentialAction\":[{\"@type\":\"ReadAction\",\"target\":[\"https:\/\/butxacatv.com\/es\/servicios-audiovisuales-la-selva-comarca-de-rutas\/\"]}]},{\"@type\":\"BreadcrumbList\",\"@id\":\"https:\/\/butxacatv.com\/es\/servicios-audiovisuales-la-selva-comarca-de-rutas\/#breadcrumb\",\"itemListElement\":[{\"@type\":\"ListItem\",\"position\":1,\"name\":\"Portada\",\"item\":\"https:\/\/butxacatv.com\/es\/home\/\"},{\"@type\":\"ListItem\",\"position\":2,\"name\":\"Servicios audiovisuales: La Selva &#8211; Comarca de Rutas\"}]},{\"@type\":\"WebSite\",\"@id\":\"https:\/\/butxacatv.com\/#website\",\"url\":\"https:\/\/butxacatv.com\/\",\"name\":\"BUTXACA TV\",\"description\":\"BUTXACA TV\",\"potentialAction\":[{\"@type\":\"SearchAction\",\"target\":{\"@type\":\"EntryPoint\",\"urlTemplate\":\"https:\/\/butxacatv.com\/?s={search_term_string}\"},\"query-input\":\"required name=search_term_string\"}],\"inLanguage\":\"es\"},{\"@type\":\"Person\",\"@id\":\"https:\/\/butxacatv.com\/#\/schema\/person\/a061863d3c344ba65b6fee2ef2a1a3ea\",\"name\":\"bt-administrador\",\"url\":\"https:\/\/butxacatv.com\/es\/author\/bt-administrador\/\"}]}<\/script>\n<!-- \/ Yoast SEO plugin. -->","yoast_head_json":{"title":"Servicios audiovisuales: La Selva - Comarca de Rutas - BUTXACA TV","robots":{"index":"index","follow":"follow","max-snippet":"max-snippet:-1","max-image-preview":"max-image-preview:large","max-video-preview":"max-video-preview:-1"},"canonical":"https:\/\/butxacatv.com\/es\/servicios-audiovisuales-la-selva-comarca-de-rutas\/","og_locale":"es_ES","og_type":"article","og_title":"Servicios audiovisuales: La Selva - Comarca de Rutas - BUTXACA TV","og_url":"https:\/\/butxacatv.com\/es\/servicios-audiovisuales-la-selva-comarca-de-rutas\/","og_site_name":"BUTXACA TV","article_publisher":"https:\/\/www.facebook.com\/Butxacatv","article_published_time":"2022-11-11T10:42:42+00:00","article_modified_time":"2022-12-22T15:47:40+00:00","og_image":[{"width":1316,"height":736,"url":"https:\/\/butxacatv.com\/wp-content\/uploads\/2022\/11\/Captura-de-pantalla-2022-11-11-a-las-10.57.03.png","type":"image\/png"}],"author":"bt-administrador","twitter_misc":{"Escrito por":"bt-administrador","Tiempo de lectura":"2 minutos"},"schema":{"@context":"https:\/\/schema.org","@graph":[{"@type":"WebPage","@id":"https:\/\/butxacatv.com\/es\/servicios-audiovisuales-la-selva-comarca-de-rutas\/","url":"https:\/\/butxacatv.com\/es\/servicios-audiovisuales-la-selva-comarca-de-rutas\/","name":"Servicios audiovisuales: La Selva - Comarca de Rutas - BUTXACA TV","isPartOf":{"@id":"https:\/\/butxacatv.com\/#website"},"datePublished":"2022-11-11T10:42:42+00:00","dateModified":"2022-12-22T15:47:40+00:00","author":{"@id":"https:\/\/butxacatv.com\/#\/schema\/person\/a061863d3c344ba65b6fee2ef2a1a3ea"},"breadcrumb":{"@id":"https:\/\/butxacatv.com\/es\/servicios-audiovisuales-la-selva-comarca-de-rutas\/#breadcrumb"},"inLanguage":"es","potentialAction":[{"@type":"ReadAction","target":["https:\/\/butxacatv.com\/es\/servicios-audiovisuales-la-selva-comarca-de-rutas\/"]}]},{"@type":"BreadcrumbList","@id":"https:\/\/butxacatv.com\/es\/servicios-audiovisuales-la-selva-comarca-de-rutas\/#breadcrumb","itemListElement":[{"@type":"ListItem","position":1,"name":"Portada","item":"https:\/\/butxacatv.com\/es\/home\/"},{"@type":"ListItem","position":2,"name":"Servicios audiovisuales: La Selva &#8211; Comarca de Rutas"}]},{"@type":"WebSite","@id":"https:\/\/butxacatv.com\/#website","url":"https:\/\/butxacatv.com\/","name":"BUTXACA TV","description":"BUTXACA TV","potentialAction":[{"@type":"SearchAction","target":{"@type":"EntryPoint","urlTemplate":"https:\/\/butxacatv.com\/?s={search_term_string}"},"query-input":"required name=search_term_string"}],"inLanguage":"es"},{"@type":"Person","@id":"https:\/\/butxacatv.com\/#\/schema\/person\/a061863d3c344ba65b6fee2ef2a1a3ea","name":"bt-administrador","url":"https:\/\/butxacatv.com\/es\/author\/bt-administrador\/"}]}},"_links":{"self":[{"href":"https:\/\/butxacatv.com\/es\/wp-json\/wp\/v2\/posts\/3289"}],"collection":[{"href":"https:\/\/butxacatv.com\/es\/wp-json\/wp\/v2\/posts"}],"about":[{"href":"https:\/\/butxacatv.com\/es\/wp-json\/wp\/v2\/types\/post"}],"author":[{"embeddable":true,"href":"https:\/\/butxacatv.com\/es\/wp-json\/wp\/v2\/users\/2"}],"replies":[{"embeddable":true,"href":"https:\/\/butxacatv.com\/es\/wp-json\/wp\/v2\/comments?post=3289"}],"version-history":[{"count":4,"href":"https:\/\/butxacatv.com\/es\/wp-json\/wp\/v2\/posts\/3289\/revisions"}],"predecessor-version":[{"id":3347,"href":"https:\/\/butxacatv.com\/es\/wp-json\/wp\/v2\/posts\/3289\/revisions\/3347"}],"wp:featuredmedia":[{"embeddable":true,"href":"https:\/\/butxacatv.com\/es\/wp-json\/wp\/v2\/media\/3280"}],"wp:attachment":[{"href":"https:\/\/butxacatv.com\/es\/wp-json\/wp\/v2\/media?parent=3289"}],"wp:term":[{"taxonomy":"category","embeddable":true,"href":"https:\/\/butxacatv.com\/es\/wp-json\/wp\/v2\/categories?post=3289"},{"taxonomy":"post_tag","embeddable":true,"href":"https:\/\/butxacatv.com\/es\/wp-json\/wp\/v2\/tags?post=3289"}],"curies":[{"name":"wp","href":"https:\/\/api.w.org\/{rel}","templated":true}]}}