{"id":3058,"date":"2022-04-28T16:22:50","date_gmt":"2022-04-28T14:22:50","guid":{"rendered":"https:\/\/butxacatv.com\/?p=3058"},"modified":"2022-04-28T16:22:51","modified_gmt":"2022-04-28T14:22:51","slug":"trabajo-decente-y-crecimiento-economico-vi-jornadas-visiones-de-un-mundo-desigual","status":"publish","type":"post","link":"https:\/\/butxacatv.com\/es\/trabajo-decente-y-crecimiento-economico-vi-jornadas-visiones-de-un-mundo-desigual\/","title":{"rendered":"Trabajo decente y crecimiento econ\u00f3mico, VI Jornadas Visiones de un Mundo Desigual"},"content":{"rendered":"\n<style type=\"text\/css\" data-created_by=\"avia_inline_auto\" id=\"style-css-av-1dysvk-0e244a25d4d63a6b54cd7527a5b7bb3f\">\n.flex_column.av-1dysvk-0e244a25d4d63a6b54cd7527a5b7bb3f{\n-webkit-border-radius:0px 0px 0px 0px;\n-moz-border-radius:0px 0px 0px 0px;\nborder-radius:0px 0px 0px 0px;\npadding:0px 0px 0px 0px;\n}\n<\/style>\n<div  class='flex_column av-1dysvk-0e244a25d4d63a6b54cd7527a5b7bb3f av_one_half  avia-builder-el-0  el_before_av_hr  avia-builder-el-first  first flex_column_div av-zero-column-padding  '     ><div  class='avia-slideshow av-280p6k-4c7fced6edcb56623c9990b98715b2b9 avia-slideshow-featured av_slideshow avia-slide-slider  avia-builder-el-1  avia-builder-el-no-sibling  av-slideshow-ui av-control-default av-slideshow-manual av-loop-once av-loop-manual-endless av-default-height-applied avia-slideshow-1' data-slideshow-options=\"{&quot;animation&quot;:&quot;slide&quot;,&quot;autoplay&quot;:false,&quot;loop_autoplay&quot;:&quot;once&quot;,&quot;interval&quot;:5,&quot;loop_manual&quot;:&quot;manual-endless&quot;,&quot;autoplay_stopper&quot;:false,&quot;noNavigation&quot;:false,&quot;bg_slider&quot;:false,&quot;keep_padding&quot;:false,&quot;hoverpause&quot;:false,&quot;show_slide_delay&quot;:0}\"  itemprop=\"image\" itemscope=\"itemscope\" itemtype=\"https:\/\/schema.org\/ImageObject\" ><ul class='avia-slideshow-inner ' style='padding-bottom: 62.5%;'><li  class='avia-slideshow-slide av-280p6k-4c7fced6edcb56623c9990b98715b2b9__0  slide-1 slide-odd'><div data-rel='slideshow-1' class='avia-slide-wrap '   ><img decoding=\"async\" class=\"wp-image-1950 avia-img-lazy-loading-not-1950\"  src=\"https:\/\/butxacatv.com\/wp-content\/uploads\/2021\/04\/ok1.jpg\" width=\"400\" height=\"250\" title='ok1' alt=''  itemprop=\"thumbnailUrl\" srcset=\"https:\/\/butxacatv.com\/wp-content\/uploads\/2021\/04\/ok1.jpg 400w, https:\/\/butxacatv.com\/wp-content\/uploads\/2021\/04\/ok1-300x188.jpg 300w\" sizes=\"(max-width: 400px) 100vw, 400px\" \/><\/div><\/li><li  class='avia-slideshow-slide av-280p6k-4c7fced6edcb56623c9990b98715b2b9__1  slide-2 slide-even'><div data-rel='slideshow-1' class='avia-slide-wrap '   ><img decoding=\"async\" class=\"wp-image-1944 avia-img-lazy-loading-not-1944\"  src=\"https:\/\/butxacatv.com\/wp-content\/uploads\/2021\/04\/New-Project-4.jpg\" width=\"400\" height=\"250\" title='New Project-4' alt=''  itemprop=\"thumbnailUrl\" srcset=\"https:\/\/butxacatv.com\/wp-content\/uploads\/2021\/04\/New-Project-4.jpg 400w, https:\/\/butxacatv.com\/wp-content\/uploads\/2021\/04\/New-Project-4-300x188.jpg 300w\" sizes=\"(max-width: 400px) 100vw, 400px\" \/><\/div><\/li><li  class='avia-slideshow-slide av-280p6k-4c7fced6edcb56623c9990b98715b2b9__2  slide-3 slide-odd'><div data-rel='slideshow-1' class='avia-slide-wrap '   ><img decoding=\"async\" class=\"wp-image-1947 avia-img-lazy-loading-not-1947\"  src=\"https:\/\/butxacatv.com\/wp-content\/uploads\/2021\/04\/New-Project-1.jpg\" width=\"400\" height=\"250\" title='New Project' alt=''  itemprop=\"thumbnailUrl\" srcset=\"https:\/\/butxacatv.com\/wp-content\/uploads\/2021\/04\/New-Project-1.jpg 400w, https:\/\/butxacatv.com\/wp-content\/uploads\/2021\/04\/New-Project-1-300x188.jpg 300w\" sizes=\"(max-width: 400px) 100vw, 400px\" \/><\/div><\/li><li  class='avia-slideshow-slide av-280p6k-4c7fced6edcb56623c9990b98715b2b9__3  slide-4 slide-even'><div data-rel='slideshow-1' class='avia-slide-wrap '   ><img decoding=\"async\" class=\"wp-image-1941 avia-img-lazy-loading-not-1941\"  src=\"https:\/\/butxacatv.com\/wp-content\/uploads\/2021\/04\/New-Project-3-1.jpg\" width=\"400\" height=\"250\" title='New Project-3' alt=''  itemprop=\"thumbnailUrl\" srcset=\"https:\/\/butxacatv.com\/wp-content\/uploads\/2021\/04\/New-Project-3-1.jpg 400w, https:\/\/butxacatv.com\/wp-content\/uploads\/2021\/04\/New-Project-3-1-300x188.jpg 300w\" sizes=\"(max-width: 400px) 100vw, 400px\" \/><\/div><\/li><\/ul><div class='avia-slideshow-arrows avia-slideshow-controls' ><a href='#prev' class='prev-slide ' aria-hidden='true' data-av_icon='\ue87c' data-av_iconfont='entypo-fontello'  tabindex='-1'>Anterior<\/a><a href='#next' class='next-slide ' aria-hidden='true' data-av_icon='\ue87d' data-av_iconfont='entypo-fontello'  tabindex='-1'>Posterior<\/a><\/div><div class='avia-slideshow-dots avia-slideshow-controls'><a href='#1' class='goto-slide active' >1<\/a><a href='#2' class='goto-slide ' >2<\/a><a href='#3' class='goto-slide ' >3<\/a><a href='#4' class='goto-slide ' >4<\/a><\/div><\/div><\/div>\n<div  class='hr av-7p5k0-0c9758bab4aaaa6bc45cadffda5aeb7c hr-default  avia-builder-el-2  el_after_av_one_half  el_before_av_textblock '><span class='hr-inner '><span class=\"hr-inner-style\"><\/span><\/span><\/div>\n<section  class='av_textblock_section av-kmvvddzy-ded04bc457180ae42a3fdeeb9a63613d '   itemscope=\"itemscope\" itemtype=\"https:\/\/schema.org\/BlogPosting\" itemprop=\"blogPost\" ><div class='avia_textblock'  itemprop=\"text\" ><p><strong>Empresa\/entidad organizadora:<\/strong> Unidad de Compromiso Social (UdG), Unidad de Desarrollo y Cooperaci\u00f3n (UdL), URV Solidaria (URV), UPF solidaria (UPF).<\/p>\n<p>Emisi\u00f3n en directo y en estreno de la programaci\u00f3n de las VI Jornadas Visiones de un Mundo Desigual. Trabajo decente y crecimiento econ\u00f3mico.<\/p>\n<ul>\n<li>Decrecimiento y colapso a cargo de Carlos Taibo (25 ABR)<\/li>\n<li>Lucha contra la precariedad laboral. Hacia la nueva era del turismo a cargo de Roxana Hern\u00e1ndez (26 ABR)<\/li>\n<li>Trabajo decente e inmigraci\u00f3n a cargo de Ferran Camas (2 MAYO)<\/li>\n<li>De la ocupaci\u00f3n a los trabajos: una mirada desde la perspectiva de g\u00e9nero a cargo de Sara Moreno (13 MAYO)<\/li>\n<\/ul>\n<\/div><\/section>\n<div  id=\"bols\"  class='hr av-kn5v3et7-22864253468fecfbdad65d7314c4b8ea hr-default  avia-builder-el-4  el_after_av_textblock  el_before_av_video '><span class='hr-inner '><span class=\"hr-inner-style\"><\/span><\/span><\/div>\n<div  id=\"covid\"  class='avia-video av-kn5uqork-15af003f610c03f004f7cf14c9950f64 avia-video-16-9 av-no-preview-image avia-video-load-always av-lazyload-immediate av-lazyload-video-embed'  itemprop=\"video\" itemtype=\"https:\/\/schema.org\/VideoObject\"  data-original_url='https:\/\/www.youtube.com\/watch?v=eZddnay0Q2g'><script type='text\/html' class='av-video-tmpl'><div class='avia-iframe-wrap'><iframe title=\"? DIRECTE - 25 d\u2019ABRIL 2022 - 17h. &quot;Decreixement i col\u00b7lapse\u201d\" width=\"1500\" height=\"844\" src=\"https:\/\/www.youtube.com\/embed\/eZddnay0Q2g?feature=oembed&autoplay=0&loop=0&controls=1&mute=0\" frameborder=\"0\" allow=\"accelerometer; autoplay; clipboard-write; encrypted-media; gyroscope; picture-in-picture\" allowfullscreen><\/iframe><\/div><\/script><div class='av-click-to-play-overlay'><div class=\"avia_playpause_icon\"><\/div><\/div><\/div>\n<div  id=\"bols\"  class='hr av-kn5v3et7-22864253468fecfbdad65d7314c4b8ea hr-default  avia-builder-el-6  el_after_av_video  el_before_av_video '><span class='hr-inner '><span class=\"hr-inner-style\"><\/span><\/span><\/div>\n<div  id=\"emocions\"  class='avia-video av-kn5urtni-6cf9416f27325911eb94e6d8f7fe4453 avia-video-16-9 av-no-preview-image avia-video-load-always av-lazyload-immediate av-lazyload-video-embed'  itemprop=\"video\" itemtype=\"https:\/\/schema.org\/VideoObject\"  data-original_url='https:\/\/www.youtube.com\/watch?v=ouiGrO8CUVc'><script type='text\/html' class='av-video-tmpl'><div class='avia-iframe-wrap'><iframe title=\"? DIRECTE - 26 ABR 22 - 17h. &quot;Lluita contra la precarietat laboral. Cap a la nova era del turisme&quot;\" width=\"1500\" height=\"844\" src=\"https:\/\/www.youtube.com\/embed\/ouiGrO8CUVc?feature=oembed&autoplay=0&loop=0&controls=1&mute=0\" frameborder=\"0\" allow=\"accelerometer; autoplay; clipboard-write; encrypted-media; gyroscope; picture-in-picture\" allowfullscreen><\/iframe><\/div><\/script><div class='av-click-to-play-overlay'><div class=\"avia_playpause_icon\"><\/div><\/div><\/div>\n<div  id=\"consells\"  class='hr av-wkdy8-a4856af1db329636dc451b5eeec54267 hr-default  avia-builder-el-8  el_after_av_video  el_before_av_video '><span class='hr-inner '><span class=\"hr-inner-style\"><\/span><\/span><\/div>\n<div  id=\"salut\"  class='avia-video av-kn5uvk31-eef48ff2ba6997df6f716d82ee300260 avia-video-16-9 av-no-preview-image avia-video-load-always av-lazyload-immediate av-lazyload-video-embed'  itemprop=\"video\" itemtype=\"https:\/\/schema.org\/VideoObject\"  data-original_url='https:\/\/www.youtube.com\/watch?v=aJ-HIkByi9g'><script type='text\/html' class='av-video-tmpl'><div class='avia-iframe-wrap'><iframe title=\"? DIRECTE - 2 de MAIG 2022 - 17h. &quot;Treball decent i immigraci\u00f3 \u201d\" width=\"1500\" height=\"844\" src=\"https:\/\/www.youtube.com\/embed\/aJ-HIkByi9g?feature=oembed&autoplay=0&loop=0&controls=1&mute=0\" frameborder=\"0\" allow=\"accelerometer; autoplay; clipboard-write; encrypted-media; gyroscope; picture-in-picture\" allowfullscreen><\/iframe><\/div><\/script><div class='av-click-to-play-overlay'><div class=\"avia_playpause_icon\"><\/div><\/div><\/div>\n<div  id=\"show\"  class='hr av-wkdy8-ae7c560d24945c2a29940dd367e0f038 hr-default  avia-builder-el-10  el_after_av_video  el_before_av_video '><span class='hr-inner '><span class=\"hr-inner-style\"><\/span><\/span><\/div>\n<div  id=\"desigualtat\"  class='avia-video av-kn5xppzw-3beb79c19f32d2672b90d6690fe7b3b2 avia-video-16-9 av-no-preview-image avia-video-load-always av-lazyload-immediate av-lazyload-video-embed'  itemprop=\"video\" itemtype=\"https:\/\/schema.org\/VideoObject\"  data-original_url='https:\/\/www.youtube.com\/watch?v=MCu4mnqQS-s'><script type='text\/html' class='av-video-tmpl'><div class='avia-iframe-wrap'><iframe title=\"? DIRECTE - 3 MAIG 22 - 17h &quot;De l&#039;ocupaci\u00f3 als treballs: una mirada des de la perspectiva de g\u00e8nere\" width=\"1500\" height=\"844\" src=\"https:\/\/www.youtube.com\/embed\/MCu4mnqQS-s?feature=oembed&autoplay=0&loop=0&controls=1&mute=0\" frameborder=\"0\" allow=\"accelerometer; autoplay; clipboard-write; encrypted-media; gyroscope; picture-in-picture\" allowfullscreen><\/iframe><\/div><\/script><div class='av-click-to-play-overlay'><div class=\"avia_playpause_icon\"><\/div><\/div><\/div>\n","protected":false},"excerpt":{"rendered":"","protected":false},"author":2,"featured_media":3052,"comment_status":"closed","ping_status":"closed","sticky":false,"template":"","format":"standard","meta":[],"categories":[75,83,87],"tags":[],"yoast_head":"<!-- This site is optimized with the Yoast SEO plugin v20.9 - https:\/\/yoast.com\/wordpress\/plugins\/seo\/ -->\n<title>Trabajo decente y crecimiento econ\u00f3mico, VI Jornadas Visiones de un Mundo Desigual - BUTXACA TV<\/title>\n<meta name=\"robots\" content=\"index, follow, max-snippet:-1, max-image-preview:large, max-video-preview:-1\" \/>\n<link rel=\"canonical\" href=\"https:\/\/butxacatv.com\/es\/trabajo-decente-y-crecimiento-economico-vi-jornadas-visiones-de-un-mundo-desigual\/\" \/>\n<meta property=\"og:locale\" content=\"es_ES\" \/>\n<meta property=\"og:type\" content=\"article\" \/>\n<meta property=\"og:title\" content=\"Trabajo decente y crecimiento econ\u00f3mico, VI Jornadas Visiones de un Mundo Desigual - BUTXACA TV\" \/>\n<meta property=\"og:url\" content=\"https:\/\/butxacatv.com\/es\/trabajo-decente-y-crecimiento-economico-vi-jornadas-visiones-de-un-mundo-desigual\/\" \/>\n<meta property=\"og:site_name\" content=\"BUTXACA TV\" \/>\n<meta property=\"article:publisher\" content=\"https:\/\/www.facebook.com\/Butxacatv\" \/>\n<meta property=\"article:published_time\" content=\"2022-04-28T14:22:50+00:00\" \/>\n<meta property=\"article:modified_time\" content=\"2022-04-28T14:22:51+00:00\" \/>\n<meta property=\"og:image\" content=\"https:\/\/butxacatv.com\/wp-content\/uploads\/2022\/04\/038-UCS-VISIO-2022.png\" \/>\n\t<meta property=\"og:image:width\" content=\"720\" \/>\n\t<meta property=\"og:image:height\" content=\"405\" \/>\n\t<meta property=\"og:image:type\" content=\"image\/png\" \/>\n<meta name=\"author\" content=\"bt-administrador\" \/>\n<meta name=\"twitter:label1\" content=\"Escrito por\" \/>\n\t<meta name=\"twitter:data1\" content=\"bt-administrador\" \/>\n\t<meta name=\"twitter:label2\" content=\"Tiempo de lectura\" \/>\n\t<meta name=\"twitter:data2\" content=\"4 minutos\" \/>\n<script type=\"application\/ld+json\" class=\"yoast-schema-graph\">{\"@context\":\"https:\/\/schema.org\",\"@graph\":[{\"@type\":\"WebPage\",\"@id\":\"https:\/\/butxacatv.com\/es\/trabajo-decente-y-crecimiento-economico-vi-jornadas-visiones-de-un-mundo-desigual\/\",\"url\":\"https:\/\/butxacatv.com\/es\/trabajo-decente-y-crecimiento-economico-vi-jornadas-visiones-de-un-mundo-desigual\/\",\"name\":\"Trabajo decente y crecimiento econ\u00f3mico, VI Jornadas Visiones de un Mundo Desigual - BUTXACA TV\",\"isPartOf\":{\"@id\":\"https:\/\/butxacatv.com\/#website\"},\"datePublished\":\"2022-04-28T14:22:50+00:00\",\"dateModified\":\"2022-04-28T14:22:51+00:00\",\"author\":{\"@id\":\"https:\/\/butxacatv.com\/#\/schema\/person\/a061863d3c344ba65b6fee2ef2a1a3ea\"},\"breadcrumb\":{\"@id\":\"https:\/\/butxacatv.com\/es\/trabajo-decente-y-crecimiento-economico-vi-jornadas-visiones-de-un-mundo-desigual\/#breadcrumb\"},\"inLanguage\":\"es\",\"potentialAction\":[{\"@type\":\"ReadAction\",\"target\":[\"https:\/\/butxacatv.com\/es\/trabajo-decente-y-crecimiento-economico-vi-jornadas-visiones-de-un-mundo-desigual\/\"]}]},{\"@type\":\"BreadcrumbList\",\"@id\":\"https:\/\/butxacatv.com\/es\/trabajo-decente-y-crecimiento-economico-vi-jornadas-visiones-de-un-mundo-desigual\/#breadcrumb\",\"itemListElement\":[{\"@type\":\"ListItem\",\"position\":1,\"name\":\"Portada\",\"item\":\"https:\/\/butxacatv.com\/es\/home\/\"},{\"@type\":\"ListItem\",\"position\":2,\"name\":\"Trabajo decente y crecimiento econ\u00f3mico, VI Jornadas Visiones de un Mundo Desigual\"}]},{\"@type\":\"WebSite\",\"@id\":\"https:\/\/butxacatv.com\/#website\",\"url\":\"https:\/\/butxacatv.com\/\",\"name\":\"BUTXACA TV\",\"description\":\"BUTXACA TV\",\"potentialAction\":[{\"@type\":\"SearchAction\",\"target\":{\"@type\":\"EntryPoint\",\"urlTemplate\":\"https:\/\/butxacatv.com\/?s={search_term_string}\"},\"query-input\":\"required name=search_term_string\"}],\"inLanguage\":\"es\"},{\"@type\":\"Person\",\"@id\":\"https:\/\/butxacatv.com\/#\/schema\/person\/a061863d3c344ba65b6fee2ef2a1a3ea\",\"name\":\"bt-administrador\",\"url\":\"https:\/\/butxacatv.com\/es\/author\/bt-administrador\/\"}]}<\/script>\n<!-- \/ Yoast SEO plugin. -->","yoast_head_json":{"title":"Trabajo decente y crecimiento econ\u00f3mico, VI Jornadas Visiones de un Mundo Desigual - BUTXACA TV","robots":{"index":"index","follow":"follow","max-snippet":"max-snippet:-1","max-image-preview":"max-image-preview:large","max-video-preview":"max-video-preview:-1"},"canonical":"https:\/\/butxacatv.com\/es\/trabajo-decente-y-crecimiento-economico-vi-jornadas-visiones-de-un-mundo-desigual\/","og_locale":"es_ES","og_type":"article","og_title":"Trabajo decente y crecimiento econ\u00f3mico, VI Jornadas Visiones de un Mundo Desigual - BUTXACA TV","og_url":"https:\/\/butxacatv.com\/es\/trabajo-decente-y-crecimiento-economico-vi-jornadas-visiones-de-un-mundo-desigual\/","og_site_name":"BUTXACA TV","article_publisher":"https:\/\/www.facebook.com\/Butxacatv","article_published_time":"2022-04-28T14:22:50+00:00","article_modified_time":"2022-04-28T14:22:51+00:00","og_image":[{"width":720,"height":405,"url":"https:\/\/butxacatv.com\/wp-content\/uploads\/2022\/04\/038-UCS-VISIO-2022.png","type":"image\/png"}],"author":"bt-administrador","twitter_misc":{"Escrito por":"bt-administrador","Tiempo de lectura":"4 minutos"},"schema":{"@context":"https:\/\/schema.org","@graph":[{"@type":"WebPage","@id":"https:\/\/butxacatv.com\/es\/trabajo-decente-y-crecimiento-economico-vi-jornadas-visiones-de-un-mundo-desigual\/","url":"https:\/\/butxacatv.com\/es\/trabajo-decente-y-crecimiento-economico-vi-jornadas-visiones-de-un-mundo-desigual\/","name":"Trabajo decente y crecimiento econ\u00f3mico, VI Jornadas Visiones de un Mundo Desigual - BUTXACA TV","isPartOf":{"@id":"https:\/\/butxacatv.com\/#website"},"datePublished":"2022-04-28T14:22:50+00:00","dateModified":"2022-04-28T14:22:51+00:00","author":{"@id":"https:\/\/butxacatv.com\/#\/schema\/person\/a061863d3c344ba65b6fee2ef2a1a3ea"},"breadcrumb":{"@id":"https:\/\/butxacatv.com\/es\/trabajo-decente-y-crecimiento-economico-vi-jornadas-visiones-de-un-mundo-desigual\/#breadcrumb"},"inLanguage":"es","potentialAction":[{"@type":"ReadAction","target":["https:\/\/butxacatv.com\/es\/trabajo-decente-y-crecimiento-economico-vi-jornadas-visiones-de-un-mundo-desigual\/"]}]},{"@type":"BreadcrumbList","@id":"https:\/\/butxacatv.com\/es\/trabajo-decente-y-crecimiento-economico-vi-jornadas-visiones-de-un-mundo-desigual\/#breadcrumb","itemListElement":[{"@type":"ListItem","position":1,"name":"Portada","item":"https:\/\/butxacatv.com\/es\/home\/"},{"@type":"ListItem","position":2,"name":"Trabajo decente y crecimiento econ\u00f3mico, VI Jornadas Visiones de un Mundo Desigual"}]},{"@type":"WebSite","@id":"https:\/\/butxacatv.com\/#website","url":"https:\/\/butxacatv.com\/","name":"BUTXACA TV","description":"BUTXACA TV","potentialAction":[{"@type":"SearchAction","target":{"@type":"EntryPoint","urlTemplate":"https:\/\/butxacatv.com\/?s={search_term_string}"},"query-input":"required name=search_term_string"}],"inLanguage":"es"},{"@type":"Person","@id":"https:\/\/butxacatv.com\/#\/schema\/person\/a061863d3c344ba65b6fee2ef2a1a3ea","name":"bt-administrador","url":"https:\/\/butxacatv.com\/es\/author\/bt-administrador\/"}]}},"_links":{"self":[{"href":"https:\/\/butxacatv.com\/es\/wp-json\/wp\/v2\/posts\/3058"}],"collection":[{"href":"https:\/\/butxacatv.com\/es\/wp-json\/wp\/v2\/posts"}],"about":[{"href":"https:\/\/butxacatv.com\/es\/wp-json\/wp\/v2\/types\/post"}],"author":[{"embeddable":true,"href":"https:\/\/butxacatv.com\/es\/wp-json\/wp\/v2\/users\/2"}],"replies":[{"embeddable":true,"href":"https:\/\/butxacatv.com\/es\/wp-json\/wp\/v2\/comments?post=3058"}],"version-history":[{"count":1,"href":"https:\/\/butxacatv.com\/es\/wp-json\/wp\/v2\/posts\/3058\/revisions"}],"predecessor-version":[{"id":3059,"href":"https:\/\/butxacatv.com\/es\/wp-json\/wp\/v2\/posts\/3058\/revisions\/3059"}],"wp:featuredmedia":[{"embeddable":true,"href":"https:\/\/butxacatv.com\/es\/wp-json\/wp\/v2\/media\/3052"}],"wp:attachment":[{"href":"https:\/\/butxacatv.com\/es\/wp-json\/wp\/v2\/media?parent=3058"}],"wp:term":[{"taxonomy":"category","embeddable":true,"href":"https:\/\/butxacatv.com\/es\/wp-json\/wp\/v2\/categories?post=3058"},{"taxonomy":"post_tag","embeddable":true,"href":"https:\/\/butxacatv.com\/es\/wp-json\/wp\/v2\/tags?post=3058"}],"curies":[{"name":"wp","href":"https:\/\/api.w.org\/{rel}","templated":true}]}}