{"id":3009,"date":"2022-04-11T16:47:13","date_gmt":"2022-04-11T14:47:13","guid":{"rendered":"https:\/\/butxacatv.com\/?p=3009"},"modified":"2022-04-11T16:47:15","modified_gmt":"2022-04-11T14:47:15","slug":"ii-semana-saludable-interuniversitaria-de-cataluna","status":"publish","type":"post","link":"https:\/\/butxacatv.com\/es\/ii-semana-saludable-interuniversitaria-de-cataluna\/","title":{"rendered":"II Semana Saludable Interuniversitaria de Catalu\u00f1a"},"content":{"rendered":"\n<style type=\"text\/css\" data-created_by=\"avia_inline_auto\" id=\"style-css-av-1dysvk-0e244a25d4d63a6b54cd7527a5b7bb3f\">\n.flex_column.av-1dysvk-0e244a25d4d63a6b54cd7527a5b7bb3f{\n-webkit-border-radius:0px 0px 0px 0px;\n-moz-border-radius:0px 0px 0px 0px;\nborder-radius:0px 0px 0px 0px;\npadding:0px 0px 0px 0px;\n}\n<\/style>\n<div  class='flex_column av-1dysvk-0e244a25d4d63a6b54cd7527a5b7bb3f av_one_half  avia-builder-el-0  el_before_av_hr  avia-builder-el-first  first flex_column_div av-zero-column-padding  '     ><div  class='avia-slideshow av-kmvz1wcj-fb673e062a77714f7cf572b37d693d85 avia-slideshow-no scaling av_slideshow avia-slide-slider  avia-builder-el-1  avia-builder-el-no-sibling  av-slideshow-ui av-control-default av-slideshow-autoplay av-loop-endless av-loop-manual-endless av-default-height-applied avia-slideshow-1' data-slideshow-options=\"{&quot;animation&quot;:&quot;slide&quot;,&quot;autoplay&quot;:true,&quot;loop_autoplay&quot;:&quot;endless&quot;,&quot;interval&quot;:5,&quot;loop_manual&quot;:&quot;manual-endless&quot;,&quot;autoplay_stopper&quot;:false,&quot;noNavigation&quot;:false,&quot;bg_slider&quot;:false,&quot;keep_padding&quot;:false,&quot;hoverpause&quot;:false,&quot;show_slide_delay&quot;:0}\"  itemprop=\"image\" itemscope=\"itemscope\" itemtype=\"https:\/\/schema.org\/ImageObject\" ><ul class='avia-slideshow-inner ' style='padding-bottom: 38.834951456311%;'><li  class='avia-slideshow-slide av-kmvz1wcj-fb673e062a77714f7cf572b37d693d85__0  slide-1 slide-odd'><div data-rel='slideshow-1' class='avia-slide-wrap '   ><img decoding=\"async\" class=\"wp-image-1523 avia-img-lazy-loading-not-1523\"  src=\"https:\/\/butxacatv.com\/wp-content\/uploads\/2021\/03\/uscat-1.jpg\" width=\"927\" height=\"360\" title='uscat' alt=''  itemprop=\"thumbnailUrl\" srcset=\"https:\/\/butxacatv.com\/wp-content\/uploads\/2021\/03\/uscat-1.jpg 927w, https:\/\/butxacatv.com\/wp-content\/uploads\/2021\/03\/uscat-1-300x117.jpg 300w, https:\/\/butxacatv.com\/wp-content\/uploads\/2021\/03\/uscat-1-768x298.jpg 768w, https:\/\/butxacatv.com\/wp-content\/uploads\/2021\/03\/uscat-1-705x274.jpg 705w, https:\/\/butxacatv.com\/wp-content\/uploads\/2021\/03\/uscat-1-600x233.jpg 600w\" sizes=\"(max-width: 927px) 100vw, 927px\" \/><\/div><\/li><li  class='avia-slideshow-slide av-kmvz1wcj-fb673e062a77714f7cf572b37d693d85__1  slide-2 slide-even'><div data-rel='slideshow-1' class='avia-slide-wrap '   ><img decoding=\"async\" class=\"wp-image-1519 avia-img-lazy-loading-not-1519\"  src=\"https:\/\/butxacatv.com\/wp-content\/uploads\/2021\/03\/uof.jpg\" width=\"927\" height=\"360\" title='uof' alt=''  itemprop=\"thumbnailUrl\" srcset=\"https:\/\/butxacatv.com\/wp-content\/uploads\/2021\/03\/uof.jpg 927w, https:\/\/butxacatv.com\/wp-content\/uploads\/2021\/03\/uof-300x117.jpg 300w, https:\/\/butxacatv.com\/wp-content\/uploads\/2021\/03\/uof-768x298.jpg 768w, https:\/\/butxacatv.com\/wp-content\/uploads\/2021\/03\/uof-705x274.jpg 705w, https:\/\/butxacatv.com\/wp-content\/uploads\/2021\/03\/uof-600x233.jpg 600w\" sizes=\"(max-width: 927px) 100vw, 927px\" \/><\/div><\/li><li  class='avia-slideshow-slide av-kmvz1wcj-fb673e062a77714f7cf572b37d693d85__2  slide-3 slide-odd'><div data-rel='slideshow-1' class='avia-slide-wrap '   ><img decoding=\"async\" class=\"wp-image-1517 avia-img-lazy-loading-not-1517\"  src=\"https:\/\/butxacatv.com\/wp-content\/uploads\/2021\/03\/ub.jpg\" width=\"927\" height=\"360\" title='ub' alt=''  itemprop=\"thumbnailUrl\" srcset=\"https:\/\/butxacatv.com\/wp-content\/uploads\/2021\/03\/ub.jpg 927w, https:\/\/butxacatv.com\/wp-content\/uploads\/2021\/03\/ub-300x117.jpg 300w, https:\/\/butxacatv.com\/wp-content\/uploads\/2021\/03\/ub-768x298.jpg 768w, https:\/\/butxacatv.com\/wp-content\/uploads\/2021\/03\/ub-705x274.jpg 705w, https:\/\/butxacatv.com\/wp-content\/uploads\/2021\/03\/ub-600x233.jpg 600w\" sizes=\"(max-width: 927px) 100vw, 927px\" \/><\/div><\/li><li  class='avia-slideshow-slide av-kmvz1wcj-fb673e062a77714f7cf572b37d693d85__3  slide-4 slide-even'><div data-rel='slideshow-1' class='avia-slide-wrap '   ><img decoding=\"async\" class=\"wp-image-1515 avia-img-lazy-loading-not-1515\"  src=\"https:\/\/butxacatv.com\/wp-content\/uploads\/2021\/03\/uab.jpg\" width=\"927\" height=\"360\" title='uab' alt=''  itemprop=\"thumbnailUrl\" srcset=\"https:\/\/butxacatv.com\/wp-content\/uploads\/2021\/03\/uab.jpg 927w, https:\/\/butxacatv.com\/wp-content\/uploads\/2021\/03\/uab-300x117.jpg 300w, https:\/\/butxacatv.com\/wp-content\/uploads\/2021\/03\/uab-768x298.jpg 768w, https:\/\/butxacatv.com\/wp-content\/uploads\/2021\/03\/uab-705x274.jpg 705w, https:\/\/butxacatv.com\/wp-content\/uploads\/2021\/03\/uab-600x233.jpg 600w\" sizes=\"(max-width: 927px) 100vw, 927px\" \/><\/div><\/li><li  class='avia-slideshow-slide av-kmvz1wcj-fb673e062a77714f7cf572b37d693d85__4  slide-5 slide-odd'><div data-rel='slideshow-1' class='avia-slide-wrap '   ><img decoding=\"async\" class=\"wp-image-2994 avia-img-lazy-loading-not-2994\"  src=\"https:\/\/butxacatv.com\/wp-content\/uploads\/2022\/04\/upc-positiu-p3005-interior-blanc.png\" width=\"567\" height=\"170\" title='upc-positiu-p3005-interior-blanc' alt=''  itemprop=\"thumbnailUrl\" srcset=\"https:\/\/butxacatv.com\/wp-content\/uploads\/2022\/04\/upc-positiu-p3005-interior-blanc.png 567w, https:\/\/butxacatv.com\/wp-content\/uploads\/2022\/04\/upc-positiu-p3005-interior-blanc-300x90.png 300w\" sizes=\"(max-width: 567px) 100vw, 567px\" \/><\/div><\/li><li  class='avia-slideshow-slide av-kmvz1wcj-fb673e062a77714f7cf572b37d693d85__5  slide-6 slide-even'><div data-rel='slideshow-1' class='avia-slide-wrap '   ><img decoding=\"async\" class=\"wp-image-1521 avia-img-lazy-loading-not-1521\"  src=\"https:\/\/butxacatv.com\/wp-content\/uploads\/2021\/03\/urv.jpg\" width=\"927\" height=\"360\" title='urv' alt=''  itemprop=\"thumbnailUrl\" srcset=\"https:\/\/butxacatv.com\/wp-content\/uploads\/2021\/03\/urv.jpg 927w, https:\/\/butxacatv.com\/wp-content\/uploads\/2021\/03\/urv-300x117.jpg 300w, https:\/\/butxacatv.com\/wp-content\/uploads\/2021\/03\/urv-768x298.jpg 768w, https:\/\/butxacatv.com\/wp-content\/uploads\/2021\/03\/urv-705x274.jpg 705w, https:\/\/butxacatv.com\/wp-content\/uploads\/2021\/03\/urv-600x233.jpg 600w\" sizes=\"(max-width: 927px) 100vw, 927px\" \/><\/div><\/li><li  class='avia-slideshow-slide av-kmvz1wcj-fb673e062a77714f7cf572b37d693d85__6  slide-7 slide-odd'><div data-rel='slideshow-1' class='avia-slide-wrap '   ><img decoding=\"async\" class=\"wp-image-1531 avia-img-lazy-loading-not-1531\"  src=\"https:\/\/butxacatv.com\/wp-content\/uploads\/2021\/04\/compromis.png\" width=\"864\" height=\"208\" title='compromis' alt=''  itemprop=\"thumbnailUrl\" srcset=\"https:\/\/butxacatv.com\/wp-content\/uploads\/2021\/04\/compromis.png 864w, https:\/\/butxacatv.com\/wp-content\/uploads\/2021\/04\/compromis-300x72.png 300w, https:\/\/butxacatv.com\/wp-content\/uploads\/2021\/04\/compromis-768x185.png 768w, https:\/\/butxacatv.com\/wp-content\/uploads\/2021\/04\/compromis-705x170.png 705w, https:\/\/butxacatv.com\/wp-content\/uploads\/2021\/04\/compromis-600x144.png 600w\" sizes=\"(max-width: 864px) 100vw, 864px\" \/><\/div><\/li><\/ul><div class='avia-slideshow-arrows avia-slideshow-controls' ><a href='#prev' class='prev-slide ' aria-hidden='true' data-av_icon='\ue87c' data-av_iconfont='entypo-fontello'  tabindex='-1'>Anterior<\/a><a href='#next' class='next-slide ' aria-hidden='true' data-av_icon='\ue87d' data-av_iconfont='entypo-fontello'  tabindex='-1'>Posterior<\/a><\/div><div class='avia-slideshow-dots avia-slideshow-controls'><a href='#1' class='goto-slide active' >1<\/a><a href='#2' class='goto-slide ' >2<\/a><a href='#3' class='goto-slide ' >3<\/a><a href='#4' class='goto-slide ' >4<\/a><a href='#5' class='goto-slide ' >5<\/a><a href='#6' class='goto-slide ' >6<\/a><a href='#7' class='goto-slide ' >7<\/a><\/div><\/div><\/div>\n<div  class='hr av-7p5k0-0c9758bab4aaaa6bc45cadffda5aeb7c hr-default  avia-builder-el-2  el_after_av_one_half  el_before_av_textblock '><span class='hr-inner '><span class=\"hr-inner-style\"><\/span><\/span><\/div>\n<section  class='av_textblock_section av-kmvvddzy-ded04bc457180ae42a3fdeeb9a63613d '   itemscope=\"itemscope\" itemtype=\"https:\/\/schema.org\/BlogPosting\" itemprop=\"blogPost\" ><div class='avia_textblock'  itemprop=\"text\" ><p><strong>Empresa\/entidad organizadora:<\/strong> Red Catalana Universidades Catalanas, USCAT<\/p>\n<p>Emisi\u00f3n en directo y en estreno de la programaci\u00f3n de 6 actividades vinculadas a 2a #SetmanaSaludable Interuniversitaria de Catalu\u00f1a con la colaboraci\u00f3n del UPF, UAB, UB, UdG, URB y UPC.<\/p>\n<ol>\n<li>Presentaci\u00f3n institucional y arteterapia en la UB: Una nueva herramienta para recuperar bienestar personal<\/li>\n<li>Trastorno de la conducta alimentaria desde dentro<\/li>\n<li>Guardianes de la Salud Mental: Prevenci\u00f3n de conductas suicidas<\/li>\n<li>Sesi\u00f3n pr\u00e1ctica de Yoga kundalini: crea un espacio de tranquilidad y paz interior<\/li>\n<li>T\u00e9cnicas de gesti\u00f3n del tiempo para el bienestar emocional<\/li>\n<li>Mon\u00f3logo, \u00abLa mujer del tercero segunda\u00bb. Hablamos del estigma de las enfermedades mentales<\/li>\n<\/ol>\n<\/div><\/section>\n\n<style type=\"text\/css\" data-created_by=\"avia_inline_auto\" id=\"style-css-av-kmwh85j4-91ff873b1b93255706d7ae4d580e5745\">\n#top .hr.av-kmwh85j4-91ff873b1b93255706d7ae4d580e5745{\nmargin-top:30px;\nmargin-bottom:30px;\n}\n.hr.av-kmwh85j4-91ff873b1b93255706d7ae4d580e5745 .hr-inner{\nwidth:50px;\nmax-width:45%;\n}\n<\/style>\n<div  id=\"presentacio\"  class='hr av-kmwh85j4-91ff873b1b93255706d7ae4d580e5745 hr-custom  avia-builder-el-4  el_after_av_textblock  el_before_av_video  hr-center hr-icon-yes'><span class='hr-inner inner-border-av-border-thin'><span class=\"hr-inner-style\"><\/span><\/span><span class='av-seperator-icon' aria-hidden='true' data-av_icon='\ue808' data-av_iconfont='entypo-fontello'><\/span><span class='hr-inner inner-border-av-border-thin'><span class=\"hr-inner-style\"><\/span><\/span><\/div>\n<div  id=\"presentacio\"  class='avia-video av-kn5uqork-3dc400fad2d4bde26b7f6993ef32d77c avia-video-16-9 av-no-preview-image avia-video-load-always av-lazyload-immediate av-lazyload-video-embed'  itemprop=\"video\" itemtype=\"https:\/\/schema.org\/VideoObject\"  data-original_url='https:\/\/youtu.be\/9wL0DU9LSbM'><script type='text\/html' class='av-video-tmpl'><div class='avia-iframe-wrap'><iframe title=\"(01)?  Presentaci\u00f3 institucional i Artter\u00e0pia a la UB: Una nova eina per recuperar benestar personal\" width=\"1500\" height=\"844\" src=\"https:\/\/www.youtube.com\/embed\/9wL0DU9LSbM?feature=oembed&autoplay=0&loop=0&controls=1&mute=0\" frameborder=\"0\" allow=\"accelerometer; autoplay; clipboard-write; encrypted-media; gyroscope; picture-in-picture\" allowfullscreen><\/iframe><\/div><\/script><div class='av-click-to-play-overlay'><div class=\"avia_playpause_icon\"><\/div><\/div><\/div>\n<div  id=\"bols\"  class='hr av-kn5v3et7-22864253468fecfbdad65d7314c4b8ea hr-default  avia-builder-el-6  el_after_av_video  el_before_av_video '><span class='hr-inner '><span class=\"hr-inner-style\"><\/span><\/span><\/div>\n<div  class='avia-video av-kn5urtni-678a924345923d21f8fd55ac435a9bc4 avia-video-16-9 av-no-preview-image avia-video-load-always av-lazyload-immediate av-lazyload-video-embed'  itemprop=\"video\" itemtype=\"https:\/\/schema.org\/VideoObject\"  data-original_url='https:\/\/youtu.be\/5orEw6fBqEs'><script type='text\/html' class='av-video-tmpl'><div class='avia-iframe-wrap'><iframe title=\"(02) ?  Trastorn de la conducta aliment\u00e0ria des de dins\" width=\"1500\" height=\"844\" src=\"https:\/\/www.youtube.com\/embed\/5orEw6fBqEs?feature=oembed&autoplay=0&loop=0&controls=1&mute=0\" frameborder=\"0\" allow=\"accelerometer; autoplay; clipboard-write; encrypted-media; gyroscope; picture-in-picture\" allowfullscreen><\/iframe><\/div><\/script><div class='av-click-to-play-overlay'><div class=\"avia_playpause_icon\"><\/div><\/div><\/div>\n<div  id=\"consells\"  class='hr av-wkdy8-a4856af1db329636dc451b5eeec54267 hr-default  avia-builder-el-8  el_after_av_video  el_before_av_video '><span class='hr-inner '><span class=\"hr-inner-style\"><\/span><\/span><\/div>\n<div  class='avia-video av-kn5xppzw-a8653e4c44f5f61d982aa87b225d531f avia-video-16-9 av-no-preview-image avia-video-load-always av-lazyload-immediate av-lazyload-video-embed'  itemprop=\"video\" itemtype=\"https:\/\/schema.org\/VideoObject\"  data-original_url='https:\/\/youtu.be\/CB6n-b7XuI0'><script type='text\/html' class='av-video-tmpl'><div class='avia-iframe-wrap'><iframe title=\"(04) ?  Guardians de la Salut Mental: Prevenci\u00f3 de conductes su\u00efcides\" width=\"1500\" height=\"844\" src=\"https:\/\/www.youtube.com\/embed\/CB6n-b7XuI0?feature=oembed&autoplay=0&loop=0&controls=1&mute=0\" frameborder=\"0\" allow=\"accelerometer; autoplay; clipboard-write; encrypted-media; gyroscope; picture-in-picture\" allowfullscreen><\/iframe><\/div><\/script><div class='av-click-to-play-overlay'><div class=\"avia_playpause_icon\"><\/div><\/div><\/div>\n<div  id=\"show\"  class='hr av-wkdy8-ae7c560d24945c2a29940dd367e0f038 hr-default  avia-builder-el-10  el_after_av_video  el_before_av_video '><span class='hr-inner '><span class=\"hr-inner-style\"><\/span><\/span><\/div>\n<div  class='avia-video av-kn5uvk31-7a4506ab8d8fbfe7b875c26b7f04e45d avia-video-16-9 av-no-preview-image avia-video-load-always av-lazyload-immediate av-lazyload-video-embed'  itemprop=\"video\" itemtype=\"https:\/\/schema.org\/VideoObject\"  data-original_url='https:\/\/youtu.be\/PPKxRm7mtig'><script type='text\/html' class='av-video-tmpl'><div class='avia-iframe-wrap'><iframe title=\"(05) ?  Sessi\u00f3 pr\u00e0ctica de Ioga kundalini: crea un espai de tranquil\u00b7litat i pau interior\" width=\"1500\" height=\"844\" src=\"https:\/\/www.youtube.com\/embed\/PPKxRm7mtig?feature=oembed&autoplay=0&loop=0&controls=1&mute=0\" frameborder=\"0\" allow=\"accelerometer; autoplay; clipboard-write; encrypted-media; gyroscope; picture-in-picture\" allowfullscreen><\/iframe><\/div><\/script><div class='av-click-to-play-overlay'><div class=\"avia_playpause_icon\"><\/div><\/div><\/div>\n<div  id=\"benestar\"  class='hr av-rxc28-776e8c1c2a737388cabdf61c9cd693b6 hr-default  avia-builder-el-12  el_after_av_video  el_before_av_video '><span class='hr-inner '><span class=\"hr-inner-style\"><\/span><\/span><\/div>\n<div  class='avia-video av-kn5uwh8j-3a40a9f0ed4079cf81f4f82018a39524 avia-video-16-9 av-no-preview-image avia-video-load-always av-lazyload-immediate av-lazyload-video-embed'  itemprop=\"video\" itemtype=\"https:\/\/schema.org\/VideoObject\"  data-original_url='https:\/\/youtu.be\/C93pjd8n1TI'><script type='text\/html' class='av-video-tmpl'><div class='avia-iframe-wrap'><iframe title=\"(06) ? T\u00e8cniques de gesti\u00f3 del temps per al benestar emocional\" width=\"1500\" height=\"844\" src=\"https:\/\/www.youtube.com\/embed\/C93pjd8n1TI?feature=oembed&autoplay=0&loop=0&controls=1&mute=0\" frameborder=\"0\" allow=\"accelerometer; autoplay; clipboard-write; encrypted-media; gyroscope; picture-in-picture\" allowfullscreen><\/iframe><\/div><\/script><div class='av-click-to-play-overlay'><div class=\"avia_playpause_icon\"><\/div><\/div><\/div>\n<div  id=\"alimentacio\"  class='hr av-j1khk-cee92a4a03cc21470a3cb772cd14cd58 hr-default  avia-builder-el-14  el_after_av_video  el_before_av_video '><span class='hr-inner '><span class=\"hr-inner-style\"><\/span><\/span><\/div>\n<div  class='avia-video av-kn5uxc7j-472d80f7b951bb3fb14c00b5695f3d97 avia-video-16-9 av-no-preview-image avia-video-load-always av-lazyload-immediate av-lazyload-video-embed'  itemprop=\"video\" itemtype=\"https:\/\/schema.org\/VideoObject\"  data-original_url='https:\/\/youtu.be\/x5oMIWp2rvM'><script type='text\/html' class='av-video-tmpl'><div class='avia-iframe-wrap'><iframe title=\"(07) ? Mon\u00f2leg, &quot;La dona del tercer segona&quot;. Parlem de l&#039;estigma de les malalties mentals\" width=\"1500\" height=\"844\" src=\"https:\/\/www.youtube.com\/embed\/x5oMIWp2rvM?feature=oembed&autoplay=0&loop=0&controls=1&mute=0\" frameborder=\"0\" allow=\"accelerometer; autoplay; clipboard-write; encrypted-media; gyroscope; picture-in-picture\" allowfullscreen><\/iframe><\/div><\/script><div class='av-click-to-play-overlay'><div class=\"avia_playpause_icon\"><\/div><\/div><\/div>\n","protected":false},"excerpt":{"rendered":"","protected":false},"author":2,"featured_media":3004,"comment_status":"closed","ping_status":"closed","sticky":false,"template":"","format":"standard","meta":[],"categories":[75,82,90,83,76],"tags":[],"yoast_head":"<!-- This site is optimized with the Yoast SEO plugin v20.9 - https:\/\/yoast.com\/wordpress\/plugins\/seo\/ -->\n<title>II Semana Saludable Interuniversitaria de Catalu\u00f1a - BUTXACA TV<\/title>\n<meta name=\"robots\" content=\"index, follow, max-snippet:-1, max-image-preview:large, max-video-preview:-1\" \/>\n<link rel=\"canonical\" href=\"https:\/\/butxacatv.com\/es\/ii-semana-saludable-interuniversitaria-de-cataluna\/\" \/>\n<meta property=\"og:locale\" content=\"es_ES\" \/>\n<meta property=\"og:type\" content=\"article\" \/>\n<meta property=\"og:title\" content=\"II Semana Saludable Interuniversitaria de Catalu\u00f1a - BUTXACA TV\" \/>\n<meta property=\"og:url\" content=\"https:\/\/butxacatv.com\/es\/ii-semana-saludable-interuniversitaria-de-cataluna\/\" \/>\n<meta property=\"og:site_name\" content=\"BUTXACA TV\" \/>\n<meta property=\"article:publisher\" content=\"https:\/\/www.facebook.com\/Butxacatv\" \/>\n<meta property=\"article:published_time\" content=\"2022-04-11T14:47:13+00:00\" \/>\n<meta property=\"article:modified_time\" content=\"2022-04-11T14:47:15+00:00\" \/>\n<meta property=\"og:image\" content=\"https:\/\/butxacatv.com\/wp-content\/uploads\/2022\/04\/041-USCAT22_OK_Cartela-principal.jpg\" \/>\n\t<meta property=\"og:image:width\" content=\"1280\" \/>\n\t<meta property=\"og:image:height\" content=\"720\" \/>\n\t<meta property=\"og:image:type\" content=\"image\/jpeg\" \/>\n<meta name=\"author\" content=\"bt-administrador\" \/>\n<meta name=\"twitter:label1\" content=\"Escrito por\" \/>\n\t<meta name=\"twitter:data1\" content=\"bt-administrador\" \/>\n\t<meta name=\"twitter:label2\" content=\"Tiempo de lectura\" \/>\n\t<meta name=\"twitter:data2\" content=\"7 minutos\" \/>\n<script type=\"application\/ld+json\" class=\"yoast-schema-graph\">{\"@context\":\"https:\/\/schema.org\",\"@graph\":[{\"@type\":\"WebPage\",\"@id\":\"https:\/\/butxacatv.com\/es\/ii-semana-saludable-interuniversitaria-de-cataluna\/\",\"url\":\"https:\/\/butxacatv.com\/es\/ii-semana-saludable-interuniversitaria-de-cataluna\/\",\"name\":\"II Semana Saludable Interuniversitaria de Catalu\u00f1a - BUTXACA TV\",\"isPartOf\":{\"@id\":\"https:\/\/butxacatv.com\/#website\"},\"datePublished\":\"2022-04-11T14:47:13+00:00\",\"dateModified\":\"2022-04-11T14:47:15+00:00\",\"author\":{\"@id\":\"https:\/\/butxacatv.com\/#\/schema\/person\/a061863d3c344ba65b6fee2ef2a1a3ea\"},\"breadcrumb\":{\"@id\":\"https:\/\/butxacatv.com\/es\/ii-semana-saludable-interuniversitaria-de-cataluna\/#breadcrumb\"},\"inLanguage\":\"es\",\"potentialAction\":[{\"@type\":\"ReadAction\",\"target\":[\"https:\/\/butxacatv.com\/es\/ii-semana-saludable-interuniversitaria-de-cataluna\/\"]}]},{\"@type\":\"BreadcrumbList\",\"@id\":\"https:\/\/butxacatv.com\/es\/ii-semana-saludable-interuniversitaria-de-cataluna\/#breadcrumb\",\"itemListElement\":[{\"@type\":\"ListItem\",\"position\":1,\"name\":\"Portada\",\"item\":\"https:\/\/butxacatv.com\/es\/home\/\"},{\"@type\":\"ListItem\",\"position\":2,\"name\":\"II Semana Saludable Interuniversitaria de Catalu\u00f1a\"}]},{\"@type\":\"WebSite\",\"@id\":\"https:\/\/butxacatv.com\/#website\",\"url\":\"https:\/\/butxacatv.com\/\",\"name\":\"BUTXACA TV\",\"description\":\"BUTXACA TV\",\"potentialAction\":[{\"@type\":\"SearchAction\",\"target\":{\"@type\":\"EntryPoint\",\"urlTemplate\":\"https:\/\/butxacatv.com\/?s={search_term_string}\"},\"query-input\":\"required name=search_term_string\"}],\"inLanguage\":\"es\"},{\"@type\":\"Person\",\"@id\":\"https:\/\/butxacatv.com\/#\/schema\/person\/a061863d3c344ba65b6fee2ef2a1a3ea\",\"name\":\"bt-administrador\",\"url\":\"https:\/\/butxacatv.com\/es\/author\/bt-administrador\/\"}]}<\/script>\n<!-- \/ Yoast SEO plugin. -->","yoast_head_json":{"title":"II Semana Saludable Interuniversitaria de Catalu\u00f1a - BUTXACA TV","robots":{"index":"index","follow":"follow","max-snippet":"max-snippet:-1","max-image-preview":"max-image-preview:large","max-video-preview":"max-video-preview:-1"},"canonical":"https:\/\/butxacatv.com\/es\/ii-semana-saludable-interuniversitaria-de-cataluna\/","og_locale":"es_ES","og_type":"article","og_title":"II Semana Saludable Interuniversitaria de Catalu\u00f1a - BUTXACA TV","og_url":"https:\/\/butxacatv.com\/es\/ii-semana-saludable-interuniversitaria-de-cataluna\/","og_site_name":"BUTXACA TV","article_publisher":"https:\/\/www.facebook.com\/Butxacatv","article_published_time":"2022-04-11T14:47:13+00:00","article_modified_time":"2022-04-11T14:47:15+00:00","og_image":[{"width":1280,"height":720,"url":"https:\/\/butxacatv.com\/wp-content\/uploads\/2022\/04\/041-USCAT22_OK_Cartela-principal.jpg","type":"image\/jpeg"}],"author":"bt-administrador","twitter_misc":{"Escrito por":"bt-administrador","Tiempo de lectura":"7 minutos"},"schema":{"@context":"https:\/\/schema.org","@graph":[{"@type":"WebPage","@id":"https:\/\/butxacatv.com\/es\/ii-semana-saludable-interuniversitaria-de-cataluna\/","url":"https:\/\/butxacatv.com\/es\/ii-semana-saludable-interuniversitaria-de-cataluna\/","name":"II Semana Saludable Interuniversitaria de Catalu\u00f1a - BUTXACA TV","isPartOf":{"@id":"https:\/\/butxacatv.com\/#website"},"datePublished":"2022-04-11T14:47:13+00:00","dateModified":"2022-04-11T14:47:15+00:00","author":{"@id":"https:\/\/butxacatv.com\/#\/schema\/person\/a061863d3c344ba65b6fee2ef2a1a3ea"},"breadcrumb":{"@id":"https:\/\/butxacatv.com\/es\/ii-semana-saludable-interuniversitaria-de-cataluna\/#breadcrumb"},"inLanguage":"es","potentialAction":[{"@type":"ReadAction","target":["https:\/\/butxacatv.com\/es\/ii-semana-saludable-interuniversitaria-de-cataluna\/"]}]},{"@type":"BreadcrumbList","@id":"https:\/\/butxacatv.com\/es\/ii-semana-saludable-interuniversitaria-de-cataluna\/#breadcrumb","itemListElement":[{"@type":"ListItem","position":1,"name":"Portada","item":"https:\/\/butxacatv.com\/es\/home\/"},{"@type":"ListItem","position":2,"name":"II Semana Saludable Interuniversitaria de Catalu\u00f1a"}]},{"@type":"WebSite","@id":"https:\/\/butxacatv.com\/#website","url":"https:\/\/butxacatv.com\/","name":"BUTXACA TV","description":"BUTXACA TV","potentialAction":[{"@type":"SearchAction","target":{"@type":"EntryPoint","urlTemplate":"https:\/\/butxacatv.com\/?s={search_term_string}"},"query-input":"required name=search_term_string"}],"inLanguage":"es"},{"@type":"Person","@id":"https:\/\/butxacatv.com\/#\/schema\/person\/a061863d3c344ba65b6fee2ef2a1a3ea","name":"bt-administrador","url":"https:\/\/butxacatv.com\/es\/author\/bt-administrador\/"}]}},"_links":{"self":[{"href":"https:\/\/butxacatv.com\/es\/wp-json\/wp\/v2\/posts\/3009"}],"collection":[{"href":"https:\/\/butxacatv.com\/es\/wp-json\/wp\/v2\/posts"}],"about":[{"href":"https:\/\/butxacatv.com\/es\/wp-json\/wp\/v2\/types\/post"}],"author":[{"embeddable":true,"href":"https:\/\/butxacatv.com\/es\/wp-json\/wp\/v2\/users\/2"}],"replies":[{"embeddable":true,"href":"https:\/\/butxacatv.com\/es\/wp-json\/wp\/v2\/comments?post=3009"}],"version-history":[{"count":1,"href":"https:\/\/butxacatv.com\/es\/wp-json\/wp\/v2\/posts\/3009\/revisions"}],"predecessor-version":[{"id":3010,"href":"https:\/\/butxacatv.com\/es\/wp-json\/wp\/v2\/posts\/3009\/revisions\/3010"}],"wp:featuredmedia":[{"embeddable":true,"href":"https:\/\/butxacatv.com\/es\/wp-json\/wp\/v2\/media\/3004"}],"wp:attachment":[{"href":"https:\/\/butxacatv.com\/es\/wp-json\/wp\/v2\/media?parent=3009"}],"wp:term":[{"taxonomy":"category","embeddable":true,"href":"https:\/\/butxacatv.com\/es\/wp-json\/wp\/v2\/categories?post=3009"},{"taxonomy":"post_tag","embeddable":true,"href":"https:\/\/butxacatv.com\/es\/wp-json\/wp\/v2\/tags?post=3009"}],"curies":[{"name":"wp","href":"https:\/\/api.w.org\/{rel}","templated":true}]}}