{"id":2912,"date":"2022-03-28T17:13:54","date_gmt":"2022-03-28T15:13:54","guid":{"rendered":"https:\/\/butxacatv.com\/?p=2912"},"modified":"2022-03-28T17:13:55","modified_gmt":"2022-03-28T15:13:55","slug":"videos-promocionales-exposicion-trazos-pintura-aborigen-australiana","status":"publish","type":"post","link":"https:\/\/butxacatv.com\/es\/videos-promocionales-exposicion-trazos-pintura-aborigen-australiana\/","title":{"rendered":"V\u00eddeos promocionales exposici\u00f3n \u00abTrazos &#8211; Pintura aborigen australiana\u00bb"},"content":{"rendered":"\n<style type=\"text\/css\" data-created_by=\"avia_inline_auto\" id=\"style-css-av-564d5i-d610bfdf32c6be2e5f3c0fbdd1d5bd46\">\n.flex_column.av-564d5i-d610bfdf32c6be2e5f3c0fbdd1d5bd46{\n-webkit-border-radius:0px 0px 0px 0px;\n-moz-border-radius:0px 0px 0px 0px;\nborder-radius:0px 0px 0px 0px;\npadding:0px 0px 0px 0px;\n}\n<\/style>\n<div  class='flex_column av-564d5i-d610bfdf32c6be2e5f3c0fbdd1d5bd46 av_one_half  avia-builder-el-0  el_before_av_hr  avia-builder-el-first  first flex_column_div av-zero-column-padding  '     ><div  class='avia-slideshow av-kq99707p-6e426d7f99acbd45cb95a3dfa053013a avia-slideshow-medium av_slideshow avia-slide-slider  avia-builder-el-1  avia-builder-el-no-sibling  av-slideshow-ui av-control-default av-slideshow-autoplay av-loop-endless av-loop-manual-endless av-default-height-applied avia-slideshow-1' data-slideshow-options=\"{&quot;animation&quot;:&quot;slide&quot;,&quot;autoplay&quot;:true,&quot;loop_autoplay&quot;:&quot;endless&quot;,&quot;interval&quot;:5,&quot;loop_manual&quot;:&quot;manual-endless&quot;,&quot;autoplay_stopper&quot;:false,&quot;noNavigation&quot;:false,&quot;bg_slider&quot;:false,&quot;keep_padding&quot;:false,&quot;hoverpause&quot;:false,&quot;show_slide_delay&quot;:0}\"  itemprop=\"image\" itemscope=\"itemscope\" itemtype=\"https:\/\/schema.org\/ImageObject\" ><ul class='avia-slideshow-inner ' style='padding-bottom: 100%;'><li  class='avia-slideshow-slide av-kq99707p-6e426d7f99acbd45cb95a3dfa053013a__0  av-single-slide slide-1 slide-odd'><div data-rel='slideshow-1' class='avia-slide-wrap '   ><img decoding=\"async\" class=\"wp-image-2268 avia-img-lazy-loading-not-2268\"  src=\"https:\/\/butxacatv.com\/wp-content\/uploads\/2021\/06\/MUEC-300x300.jpg\" width=\"300\" height=\"300\" title='MUEC' alt=''  itemprop=\"thumbnailUrl\" srcset=\"https:\/\/butxacatv.com\/wp-content\/uploads\/2021\/06\/MUEC-300x300.jpg 300w, https:\/\/butxacatv.com\/wp-content\/uploads\/2021\/06\/MUEC-80x80.jpg 80w, https:\/\/butxacatv.com\/wp-content\/uploads\/2021\/06\/MUEC-36x36.jpg 36w, https:\/\/butxacatv.com\/wp-content\/uploads\/2021\/06\/MUEC-180x180.jpg 180w, https:\/\/butxacatv.com\/wp-content\/uploads\/2021\/06\/MUEC-100x100.jpg 100w, https:\/\/butxacatv.com\/wp-content\/uploads\/2021\/06\/MUEC.jpg 400w\" sizes=\"(max-width: 300px) 100vw, 300px\" \/><\/div><\/li><\/ul><\/div><\/div>\n<div  class='hr av-3pb02u-da143de673d7c4c55a7ef47dacab85ef hr-default  avia-builder-el-2  el_after_av_one_half  el_before_av_textblock '><span class='hr-inner '><span class=\"hr-inner-style\"><\/span><\/span><\/div>\n<section  class='av_textblock_section av-kpqkumor-9299526028df0ac4a09338708060d63b '   itemscope=\"itemscope\" itemtype=\"https:\/\/schema.org\/BlogPosting\" itemprop=\"blogPost\" ><div class='avia_textblock'  itemprop=\"text\" ><p><strong>Empresa\/entidad organizadora:<\/strong> Museo Etnol\u00f3gico y de Culturas del Mundo<\/p>\n<p>V\u00eddeos para promocionar la exposici\u00f3n <strong>Trazos &#8211; Pintura aborigen australiana: tradici\u00f3n y contemporaneidad<\/strong><\/p>\n<\/div><\/section>\n<div  class='hr av-33obo6-078812721e78dc25a27c14e1225bea9a hr-default  avia-builder-el-4  el_after_av_textblock  el_before_av_video '><span class='hr-inner '><span class=\"hr-inner-style\"><\/span><\/span><\/div>\n<div  class='avia-video av-kpqksjd7-a5a5c948fecc9f60edab636960f595e9 avia-video-16-9 av-no-preview-image avia-video-load-always av-lazyload-immediate av-lazyload-video-embed'  itemprop=\"video\" itemtype=\"https:\/\/schema.org\/VideoObject\"  data-original_url='https:\/\/www.youtube.com\/watch?v=9nHpc0eco3o'><script type='text\/html' class='av-video-tmpl'><div class='avia-iframe-wrap'><iframe title=\"#ExpoTra\u00e7os - Part I: Pintar el Temps dels somnis\" width=\"1500\" height=\"844\" src=\"https:\/\/www.youtube.com\/embed\/9nHpc0eco3o?feature=oembed&autoplay=0&loop=0&controls=1&mute=0\" frameborder=\"0\" allow=\"accelerometer; autoplay; clipboard-write; encrypted-media; gyroscope; picture-in-picture\" allowfullscreen><\/iframe><\/div><\/script><div class='av-click-to-play-overlay'><div class=\"avia_playpause_icon\"><\/div><\/div><\/div>\n<div  class='hr av-33obo6-078812721e78dc25a27c14e1225bea9a hr-default  avia-builder-el-6  el_after_av_video  el_before_av_video '><span class='hr-inner '><span class=\"hr-inner-style\"><\/span><\/span><\/div>\n<div  class='avia-video av-kpqksjd7-d0026de97fb435cde7ed34e98fb2aa3d avia-video-16-9 av-no-preview-image avia-video-load-always av-lazyload-immediate av-lazyload-video-embed'  itemprop=\"video\" itemtype=\"https:\/\/schema.org\/VideoObject\"  data-original_url='https:\/\/www.youtube.com\/watch?v=-uSiDRqpcYU'><script type='text\/html' class='av-video-tmpl'><div class='avia-iframe-wrap'><iframe title=\"#ExpoTra\u00e7os - Part II: Els acr\u00edlics i la \u00abdesacralitzaci\u00f3\u00bb de la pintura.\" width=\"1500\" height=\"844\" src=\"https:\/\/www.youtube.com\/embed\/-uSiDRqpcYU?feature=oembed&autoplay=0&loop=0&controls=1&mute=0\" frameborder=\"0\" allow=\"accelerometer; autoplay; clipboard-write; encrypted-media; gyroscope; picture-in-picture\" allowfullscreen><\/iframe><\/div><\/script><div class='av-click-to-play-overlay'><div class=\"avia_playpause_icon\"><\/div><\/div><\/div>\n<div  class='hr av-33obo6-078812721e78dc25a27c14e1225bea9a hr-default  avia-builder-el-8  el_after_av_video  el_before_av_video '><span class='hr-inner '><span class=\"hr-inner-style\"><\/span><\/span><\/div>\n<div  class='avia-video av-kpqksjd7-0a75b3f42c0facc7fd2cb87702533a53 avia-video-16-9 av-no-preview-image avia-video-load-always av-lazyload-immediate av-lazyload-video-embed'  itemprop=\"video\" itemtype=\"https:\/\/schema.org\/VideoObject\"  data-original_url='https:\/\/www.youtube.com\/watch?v=oYw1Su0bE0E'><script type='text\/html' class='av-video-tmpl'><div class='avia-iframe-wrap'><iframe title=\"#ExpoTra\u00e7os - Part III: Art actual. Narratives postcolonials\" width=\"1500\" height=\"844\" src=\"https:\/\/www.youtube.com\/embed\/oYw1Su0bE0E?feature=oembed&autoplay=0&loop=0&controls=1&mute=0\" frameborder=\"0\" allow=\"accelerometer; autoplay; clipboard-write; encrypted-media; gyroscope; picture-in-picture\" allowfullscreen><\/iframe><\/div><\/script><div class='av-click-to-play-overlay'><div class=\"avia_playpause_icon\"><\/div><\/div><\/div>\n","protected":false},"excerpt":{"rendered":"","protected":false},"author":2,"featured_media":2903,"comment_status":"closed","ping_status":"closed","sticky":false,"template":"","format":"standard","meta":[],"categories":[85],"tags":[],"yoast_head":"<!-- This site is optimized with the Yoast SEO plugin v20.9 - https:\/\/yoast.com\/wordpress\/plugins\/seo\/ -->\n<title>V\u00eddeos promocionales exposici\u00f3n &quot;Trazos - Pintura aborigen australiana&quot; - BUTXACA TV<\/title>\n<meta name=\"robots\" content=\"index, follow, max-snippet:-1, max-image-preview:large, max-video-preview:-1\" \/>\n<link rel=\"canonical\" href=\"https:\/\/butxacatv.com\/es\/videos-promocionales-exposicion-trazos-pintura-aborigen-australiana\/\" \/>\n<meta property=\"og:locale\" content=\"es_ES\" \/>\n<meta property=\"og:type\" content=\"article\" \/>\n<meta property=\"og:title\" content=\"V\u00eddeos promocionales exposici\u00f3n &quot;Trazos - Pintura aborigen australiana&quot; - BUTXACA TV\" \/>\n<meta property=\"og:url\" content=\"https:\/\/butxacatv.com\/es\/videos-promocionales-exposicion-trazos-pintura-aborigen-australiana\/\" \/>\n<meta property=\"og:site_name\" content=\"BUTXACA TV\" \/>\n<meta property=\"article:publisher\" content=\"https:\/\/www.facebook.com\/Butxacatv\" \/>\n<meta property=\"article:published_time\" content=\"2022-03-28T15:13:54+00:00\" \/>\n<meta property=\"article:modified_time\" content=\"2022-03-28T15:13:55+00:00\" \/>\n<meta property=\"og:image\" content=\"https:\/\/butxacatv.com\/wp-content\/uploads\/2022\/03\/037A-Museu-etno.-Trac\u0327os_2_Careta_1_OK.jpg\" \/>\n\t<meta property=\"og:image:width\" content=\"1080\" \/>\n\t<meta property=\"og:image:height\" content=\"608\" \/>\n\t<meta property=\"og:image:type\" content=\"image\/jpeg\" \/>\n<meta name=\"author\" content=\"bt-administrador\" \/>\n<meta name=\"twitter:label1\" content=\"Escrito por\" \/>\n\t<meta name=\"twitter:data1\" content=\"bt-administrador\" \/>\n\t<meta name=\"twitter:label2\" content=\"Tiempo de lectura\" \/>\n\t<meta name=\"twitter:data2\" content=\"3 minutos\" \/>\n<script type=\"application\/ld+json\" class=\"yoast-schema-graph\">{\"@context\":\"https:\/\/schema.org\",\"@graph\":[{\"@type\":\"WebPage\",\"@id\":\"https:\/\/butxacatv.com\/es\/videos-promocionales-exposicion-trazos-pintura-aborigen-australiana\/\",\"url\":\"https:\/\/butxacatv.com\/es\/videos-promocionales-exposicion-trazos-pintura-aborigen-australiana\/\",\"name\":\"V\u00eddeos promocionales exposici\u00f3n \\\"Trazos - Pintura aborigen australiana\\\" - BUTXACA TV\",\"isPartOf\":{\"@id\":\"https:\/\/butxacatv.com\/#website\"},\"datePublished\":\"2022-03-28T15:13:54+00:00\",\"dateModified\":\"2022-03-28T15:13:55+00:00\",\"author\":{\"@id\":\"https:\/\/butxacatv.com\/#\/schema\/person\/a061863d3c344ba65b6fee2ef2a1a3ea\"},\"breadcrumb\":{\"@id\":\"https:\/\/butxacatv.com\/es\/videos-promocionales-exposicion-trazos-pintura-aborigen-australiana\/#breadcrumb\"},\"inLanguage\":\"es\",\"potentialAction\":[{\"@type\":\"ReadAction\",\"target\":[\"https:\/\/butxacatv.com\/es\/videos-promocionales-exposicion-trazos-pintura-aborigen-australiana\/\"]}]},{\"@type\":\"BreadcrumbList\",\"@id\":\"https:\/\/butxacatv.com\/es\/videos-promocionales-exposicion-trazos-pintura-aborigen-australiana\/#breadcrumb\",\"itemListElement\":[{\"@type\":\"ListItem\",\"position\":1,\"name\":\"Portada\",\"item\":\"https:\/\/butxacatv.com\/es\/home\/\"},{\"@type\":\"ListItem\",\"position\":2,\"name\":\"V\u00eddeos promocionales exposici\u00f3n \u00abTrazos &#8211; Pintura aborigen australiana\u00bb\"}]},{\"@type\":\"WebSite\",\"@id\":\"https:\/\/butxacatv.com\/#website\",\"url\":\"https:\/\/butxacatv.com\/\",\"name\":\"BUTXACA TV\",\"description\":\"BUTXACA TV\",\"potentialAction\":[{\"@type\":\"SearchAction\",\"target\":{\"@type\":\"EntryPoint\",\"urlTemplate\":\"https:\/\/butxacatv.com\/?s={search_term_string}\"},\"query-input\":\"required name=search_term_string\"}],\"inLanguage\":\"es\"},{\"@type\":\"Person\",\"@id\":\"https:\/\/butxacatv.com\/#\/schema\/person\/a061863d3c344ba65b6fee2ef2a1a3ea\",\"name\":\"bt-administrador\",\"url\":\"https:\/\/butxacatv.com\/es\/author\/bt-administrador\/\"}]}<\/script>\n<!-- \/ Yoast SEO plugin. -->","yoast_head_json":{"title":"V\u00eddeos promocionales exposici\u00f3n \"Trazos - Pintura aborigen australiana\" - BUTXACA TV","robots":{"index":"index","follow":"follow","max-snippet":"max-snippet:-1","max-image-preview":"max-image-preview:large","max-video-preview":"max-video-preview:-1"},"canonical":"https:\/\/butxacatv.com\/es\/videos-promocionales-exposicion-trazos-pintura-aborigen-australiana\/","og_locale":"es_ES","og_type":"article","og_title":"V\u00eddeos promocionales exposici\u00f3n \"Trazos - Pintura aborigen australiana\" - BUTXACA TV","og_url":"https:\/\/butxacatv.com\/es\/videos-promocionales-exposicion-trazos-pintura-aborigen-australiana\/","og_site_name":"BUTXACA TV","article_publisher":"https:\/\/www.facebook.com\/Butxacatv","article_published_time":"2022-03-28T15:13:54+00:00","article_modified_time":"2022-03-28T15:13:55+00:00","og_image":[{"width":1080,"height":608,"url":"https:\/\/butxacatv.com\/wp-content\/uploads\/2022\/03\/037A-Museu-etno.-Trac\u0327os_2_Careta_1_OK.jpg","type":"image\/jpeg"}],"author":"bt-administrador","twitter_misc":{"Escrito por":"bt-administrador","Tiempo de lectura":"3 minutos"},"schema":{"@context":"https:\/\/schema.org","@graph":[{"@type":"WebPage","@id":"https:\/\/butxacatv.com\/es\/videos-promocionales-exposicion-trazos-pintura-aborigen-australiana\/","url":"https:\/\/butxacatv.com\/es\/videos-promocionales-exposicion-trazos-pintura-aborigen-australiana\/","name":"V\u00eddeos promocionales exposici\u00f3n \"Trazos - Pintura aborigen australiana\" - BUTXACA TV","isPartOf":{"@id":"https:\/\/butxacatv.com\/#website"},"datePublished":"2022-03-28T15:13:54+00:00","dateModified":"2022-03-28T15:13:55+00:00","author":{"@id":"https:\/\/butxacatv.com\/#\/schema\/person\/a061863d3c344ba65b6fee2ef2a1a3ea"},"breadcrumb":{"@id":"https:\/\/butxacatv.com\/es\/videos-promocionales-exposicion-trazos-pintura-aborigen-australiana\/#breadcrumb"},"inLanguage":"es","potentialAction":[{"@type":"ReadAction","target":["https:\/\/butxacatv.com\/es\/videos-promocionales-exposicion-trazos-pintura-aborigen-australiana\/"]}]},{"@type":"BreadcrumbList","@id":"https:\/\/butxacatv.com\/es\/videos-promocionales-exposicion-trazos-pintura-aborigen-australiana\/#breadcrumb","itemListElement":[{"@type":"ListItem","position":1,"name":"Portada","item":"https:\/\/butxacatv.com\/es\/home\/"},{"@type":"ListItem","position":2,"name":"V\u00eddeos promocionales exposici\u00f3n \u00abTrazos &#8211; Pintura aborigen australiana\u00bb"}]},{"@type":"WebSite","@id":"https:\/\/butxacatv.com\/#website","url":"https:\/\/butxacatv.com\/","name":"BUTXACA TV","description":"BUTXACA TV","potentialAction":[{"@type":"SearchAction","target":{"@type":"EntryPoint","urlTemplate":"https:\/\/butxacatv.com\/?s={search_term_string}"},"query-input":"required name=search_term_string"}],"inLanguage":"es"},{"@type":"Person","@id":"https:\/\/butxacatv.com\/#\/schema\/person\/a061863d3c344ba65b6fee2ef2a1a3ea","name":"bt-administrador","url":"https:\/\/butxacatv.com\/es\/author\/bt-administrador\/"}]}},"_links":{"self":[{"href":"https:\/\/butxacatv.com\/es\/wp-json\/wp\/v2\/posts\/2912"}],"collection":[{"href":"https:\/\/butxacatv.com\/es\/wp-json\/wp\/v2\/posts"}],"about":[{"href":"https:\/\/butxacatv.com\/es\/wp-json\/wp\/v2\/types\/post"}],"author":[{"embeddable":true,"href":"https:\/\/butxacatv.com\/es\/wp-json\/wp\/v2\/users\/2"}],"replies":[{"embeddable":true,"href":"https:\/\/butxacatv.com\/es\/wp-json\/wp\/v2\/comments?post=2912"}],"version-history":[{"count":1,"href":"https:\/\/butxacatv.com\/es\/wp-json\/wp\/v2\/posts\/2912\/revisions"}],"predecessor-version":[{"id":2913,"href":"https:\/\/butxacatv.com\/es\/wp-json\/wp\/v2\/posts\/2912\/revisions\/2913"}],"wp:featuredmedia":[{"embeddable":true,"href":"https:\/\/butxacatv.com\/es\/wp-json\/wp\/v2\/media\/2903"}],"wp:attachment":[{"href":"https:\/\/butxacatv.com\/es\/wp-json\/wp\/v2\/media?parent=2912"}],"wp:term":[{"taxonomy":"category","embeddable":true,"href":"https:\/\/butxacatv.com\/es\/wp-json\/wp\/v2\/categories?post=2912"},{"taxonomy":"post_tag","embeddable":true,"href":"https:\/\/butxacatv.com\/es\/wp-json\/wp\/v2\/tags?post=2912"}],"curies":[{"name":"wp","href":"https:\/\/api.w.org\/{rel}","templated":true}]}}