{"id":2887,"date":"2022-03-08T10:10:08","date_gmt":"2022-03-08T09:10:08","guid":{"rendered":"https:\/\/butxacatv.com\/?p=2887"},"modified":"2022-03-28T16:32:49","modified_gmt":"2022-03-28T14:32:49","slug":"mesas-redondas-de-los-cursos-de-la-ucs-del-2o-semestre-21-22","status":"publish","type":"post","link":"https:\/\/butxacatv.com\/es\/mesas-redondas-de-los-cursos-de-la-ucs-del-2o-semestre-21-22\/","title":{"rendered":"Mesas Redondas de los cursos de la UCS del 2\u00ba semestre 21\/22"},"content":{"rendered":"\n<style type=\"text\/css\" data-created_by=\"avia_inline_auto\" id=\"style-css-av-1dysvk-0e244a25d4d63a6b54cd7527a5b7bb3f\">\n.flex_column.av-1dysvk-0e244a25d4d63a6b54cd7527a5b7bb3f{\n-webkit-border-radius:0px 0px 0px 0px;\n-moz-border-radius:0px 0px 0px 0px;\nborder-radius:0px 0px 0px 0px;\npadding:0px 0px 0px 0px;\n}\n<\/style>\n<div  class='flex_column av-1dysvk-0e244a25d4d63a6b54cd7527a5b7bb3f av_one_half  avia-builder-el-0  el_before_av_hr  avia-builder-el-first  first flex_column_div av-zero-column-padding  '     ><style type=\"text\/css\" data-created_by=\"avia_inline_auto\" id=\"style-css-av-kvuptnew-37d67b02d3815acd005972aa47e3d662\">\n.avia-image-container.av-kvuptnew-37d67b02d3815acd005972aa47e3d662 img.avia_image{\nbox-shadow:none;\n}\n.avia-image-container.av-kvuptnew-37d67b02d3815acd005972aa47e3d662 .av-image-caption-overlay-center{\ncolor:#ffffff;\n}\n<\/style>\n<div  class='avia-image-container av-kvuptnew-37d67b02d3815acd005972aa47e3d662 av-styling- avia-align-left  avia-builder-el-1  avia-builder-el-no-sibling '   itemprop=\"image\" itemscope=\"itemscope\" itemtype=\"https:\/\/schema.org\/ImageObject\" ><div class=\"avia-image-container-inner\"><div class=\"avia-image-overlay-wrap\"><img decoding=\"async\" class='wp-image-1950 avia-img-lazy-loading-not-1950 avia_image ' src=\"https:\/\/butxacatv.com\/wp-content\/uploads\/2021\/04\/ok1-300x188.jpg\" alt='' title='ok1'  height=\"188\" width=\"300\"  itemprop=\"thumbnailUrl\" srcset=\"https:\/\/butxacatv.com\/wp-content\/uploads\/2021\/04\/ok1-300x188.jpg 300w, https:\/\/butxacatv.com\/wp-content\/uploads\/2021\/04\/ok1.jpg 400w\" sizes=\"(max-width: 300px) 100vw, 300px\" \/><\/div><\/div><\/div><\/div>\n<div  class='hr av-7p5k0-0c9758bab4aaaa6bc45cadffda5aeb7c hr-default  avia-builder-el-2  el_after_av_one_half  el_before_av_textblock '><span class='hr-inner '><span class=\"hr-inner-style\"><\/span><\/span><\/div>\n<section  class='av_textblock_section av-kmvvddzy-ded04bc457180ae42a3fdeeb9a63613d '   itemscope=\"itemscope\" itemtype=\"https:\/\/schema.org\/BlogPosting\" itemprop=\"blogPost\" ><div class='avia_textblock'  itemprop=\"text\" ><p><strong>Empresa\/entidad organizadora:<\/strong> Unidad de Compromiso Social (UdG)<\/p>\n<p>Const\u00f3 de cinco programas:<\/p>\n<ul>\n<li style=\"list-style-type: none\">\n<ul class=\"ul1\">\n<li><a href=\"#cooperaci\u00f3\"><strong>Cooperaci\u00f3 per al desenvolupament<\/strong><\/a> (24\/02\/22)<\/li>\n<li><a href=\"#racismes\"><strong>Visibilitzant els racismes: discursos, pr\u00e0ctiques i resist\u00e8ncies <\/strong><\/a>(3\/3\/22)<\/li>\n<li><a href=\"#lgbti\"><strong>Introducci\u00f3 a la diversitat sexual i de g\u00e8nere<\/strong><\/a> (10\/03\/22)<\/li>\n<li><a href=\"#drogues\"><strong>Consum de drogues i drogodepend\u00e8ncies: diverg\u00e8ncies i conflu\u00e8ncies<\/strong><\/a> (17\/03\/22)<\/li>\n<li class=\"li1\"><a href=\"#discapacitat\"><strong>Introducci\u00f3 al treball amb persones amb discapacitat<\/strong><\/a> (24\/03\/22)<\/li>\n<li><a href=\"#tca\"><strong>Trastorns de la conducta aliment\u00e0ria<\/strong><\/a> (31\/03\/22)<\/li>\n<li><a href=\"#suicidi\"><strong>Prevenci\u00f3 de la conducta su\u00efcida<\/strong><\/a> (7\/04\/22)<\/li>\n<\/ul>\n<\/li>\n<\/ul>\n<p>Mesas redondas en directo por los canales YouTube y Facebook de la Unidad de Compromiso Social de la UdG. Con la participaci\u00f3n de los ponentes que han participado en las p\u00edldoras de los cursos formativos, con el objetivo de que los universitarios inscritos puedan interactuar con los ponentes a trav\u00e9s de los chats y resolver dudas.<\/p>\n<\/div><\/section>\n\n<style type=\"text\/css\" data-created_by=\"avia_inline_auto\" id=\"style-css-av-kmwh85j4-16ca41f8a66cb7fc9451f87e61315e46\">\n#top .hr.av-kmwh85j4-16ca41f8a66cb7fc9451f87e61315e46{\nmargin-top:30px;\nmargin-bottom:30px;\n}\n.hr.av-kmwh85j4-16ca41f8a66cb7fc9451f87e61315e46 .hr-inner{\nwidth:50px;\n}\n<\/style>\n<div  id=\"presentacio\"  class='hr av-kmwh85j4-16ca41f8a66cb7fc9451f87e61315e46 hr-custom  avia-builder-el-4  el_after_av_textblock  el_before_av_video  hr-center hr-icon-no'><span class='hr-inner inner-border-av-border-thin'><span class=\"hr-inner-style\"><\/span><\/span><\/div>\n<div  id=\"cooperaci\"  class='avia-video av-kn5uqork-ec6681e98ae7f4ca359600b0e7c31cd2 avia-video-16-9 av-no-preview-image avia-video-load-always av-lazyload-immediate av-lazyload-video-embed'  itemprop=\"video\" itemtype=\"https:\/\/schema.org\/VideoObject\"  data-original_url='https:\/\/www.youtube.com\/watch?v=PmWq45LfTi8'><script type='text\/html' class='av-video-tmpl'><div class='avia-iframe-wrap'><iframe title=\"?DIRECTE - 24 de FEBRER 2022 - 16h, UCS. Taula rodona: Cooperaci\u00f3 per al desenvolupament\" width=\"1500\" height=\"844\" src=\"https:\/\/www.youtube.com\/embed\/PmWq45LfTi8?feature=oembed&autoplay=0&loop=0&controls=1&mute=0\" frameborder=\"0\" allow=\"accelerometer; autoplay; clipboard-write; encrypted-media; gyroscope; picture-in-picture\" allowfullscreen><\/iframe><\/div><\/script><div class='av-click-to-play-overlay'><div class=\"avia_playpause_icon\"><\/div><\/div><\/div>\n<div  id=\"bols\"  class='hr av-kn5v3et7-22864253468fecfbdad65d7314c4b8ea hr-default  avia-builder-el-6  el_after_av_video  el_before_av_video '><span class='hr-inner '><span class=\"hr-inner-style\"><\/span><\/span><\/div>\n<div  id=\"racismes\"  class='avia-video av-kn5urtni-3a00bbf0d883110e2397461b78e41452 avia-video-16-9 av-no-preview-image avia-video-load-always av-lazyload-immediate av-lazyload-video-embed'  itemprop=\"video\" itemtype=\"https:\/\/schema.org\/VideoObject\"  data-original_url='https:\/\/www.youtube.com\/watch?v=KWYS31I-BOc'><script type='text\/html' class='av-video-tmpl'><div class='avia-iframe-wrap'><iframe title=\"?DIRECTE - 3 de MAR\u00c7 2022 - 16h, UCS. Taula rodona: Visibilitzant els racismes\" width=\"1500\" height=\"844\" src=\"https:\/\/www.youtube.com\/embed\/KWYS31I-BOc?feature=oembed&autoplay=0&loop=0&controls=1&mute=0\" frameborder=\"0\" allow=\"accelerometer; autoplay; clipboard-write; encrypted-media; gyroscope; picture-in-picture\" allowfullscreen><\/iframe><\/div><\/script><div class='av-click-to-play-overlay'><div class=\"avia_playpause_icon\"><\/div><\/div><\/div>\n<div  id=\"consells\"  class='hr av-wkdy8-a4856af1db329636dc451b5eeec54267 hr-default  avia-builder-el-8  el_after_av_video  el_before_av_video '><span class='hr-inner '><span class=\"hr-inner-style\"><\/span><\/span><\/div>\n<div  id=\"lgbti\"  class='avia-video av-kn5xppzw-2ade096f634a3446aa992e495d4ad99a avia-video-16-9 av-no-preview-image avia-video-load-always av-lazyload-immediate av-lazyload-video-embed'  itemprop=\"video\" itemtype=\"https:\/\/schema.org\/VideoObject\"  data-original_url='https:\/\/www.youtube.com\/watch?v=DvnnWlYR75M'><script type='text\/html' class='av-video-tmpl'><div class='avia-iframe-wrap'><iframe title=\"?DIRECTE - 10 de MAR\u00c7 2022 - 16h. Taula rodona: Introducci\u00f3 a la diversitat sexual i de g\u00e8nere\" width=\"1500\" height=\"844\" src=\"https:\/\/www.youtube.com\/embed\/DvnnWlYR75M?feature=oembed&autoplay=0&loop=0&controls=1&mute=0\" frameborder=\"0\" allow=\"accelerometer; autoplay; clipboard-write; encrypted-media; gyroscope; picture-in-picture\" allowfullscreen><\/iframe><\/div><\/script><div class='av-click-to-play-overlay'><div class=\"avia_playpause_icon\"><\/div><\/div><\/div>\n<div  id=\"show\"  class='hr av-wkdy8-ae7c560d24945c2a29940dd367e0f038 hr-default  avia-builder-el-10  el_after_av_video  el_before_av_video '><span class='hr-inner '><span class=\"hr-inner-style\"><\/span><\/span><\/div>\n<div  id=\"drogues\"  class='avia-video av-kn5xppzw-8c6a757da6c45b79b3ebac9a5a37ca34 avia-video-16-9 av-no-preview-image avia-video-load-always av-lazyload-immediate av-lazyload-video-embed'  itemprop=\"video\" itemtype=\"https:\/\/schema.org\/VideoObject\"  data-original_url='https:\/\/www.youtube.com\/watch?v=U_mQjXiUZ0Y'><script type='text\/html' class='av-video-tmpl'><div class='avia-iframe-wrap'><iframe title=\"? DIRECTE - 17 de MAR\u00c7 2022 - 16h, UCS. Taula rodona: Consum de drogues i drogodepend\u00e8ncies\" width=\"1500\" height=\"844\" src=\"https:\/\/www.youtube.com\/embed\/U_mQjXiUZ0Y?feature=oembed&autoplay=0&loop=0&controls=1&mute=0\" frameborder=\"0\" allow=\"accelerometer; autoplay; clipboard-write; encrypted-media; gyroscope; picture-in-picture\" allowfullscreen><\/iframe><\/div><\/script><div class='av-click-to-play-overlay'><div class=\"avia_playpause_icon\"><\/div><\/div><\/div>\n<div  id=\"show\"  class='hr av-wkdy8-ae7c560d24945c2a29940dd367e0f038 hr-default  avia-builder-el-12  el_after_av_video  el_before_av_video '><span class='hr-inner '><span class=\"hr-inner-style\"><\/span><\/span><\/div>\n<div  id=\"discapacitat\"  class='avia-video av-kn5xppzw-f5ca708dd06c1776a6aa915c675ff918 avia-video-16-9 av-no-preview-image avia-video-load-always av-lazyload-immediate av-lazyload-video-embed'  itemprop=\"video\" itemtype=\"https:\/\/schema.org\/VideoObject\"  data-original_url='https:\/\/www.youtube.com\/watch?v=sAWX6Fo1EUI'><script type='text\/html' class='av-video-tmpl'><div class='avia-iframe-wrap'><iframe title=\"?  DIRECTE - 24 MAR\u00c7 2022 - 16h. Taula rodona: Introducci\u00f3 al treball amb persones amb discapacitat\" width=\"1500\" height=\"844\" src=\"https:\/\/www.youtube.com\/embed\/sAWX6Fo1EUI?feature=oembed&autoplay=0&loop=0&controls=1&mute=0\" frameborder=\"0\" allow=\"accelerometer; autoplay; clipboard-write; encrypted-media; gyroscope; picture-in-picture\" allowfullscreen><\/iframe><\/div><\/script><div class='av-click-to-play-overlay'><div class=\"avia_playpause_icon\"><\/div><\/div><\/div>\n<div  id=\"show\"  class='hr av-wkdy8-ae7c560d24945c2a29940dd367e0f038 hr-default  avia-builder-el-14  el_after_av_video  el_before_av_video '><span class='hr-inner '><span class=\"hr-inner-style\"><\/span><\/span><\/div>\n<div  id=\"tca\"  class='avia-video av-kn5xppzw-250fe7c50afa0d0edb645a913e833dc2 avia-video-16-9 av-no-preview-image avia-video-load-always av-lazyload-immediate av-lazyload-video-embed'  itemprop=\"video\" itemtype=\"https:\/\/schema.org\/VideoObject\"  data-original_url='https:\/\/www.youtube.com\/watch?v=d_7VkkHK6Yg'><script type='text\/html' class='av-video-tmpl'><div class='avia-iframe-wrap'><iframe title=\"? DIRECTE - 31 de Mar\u00e7 2022 - 16h, UCS. Taula rodona: Trastorns de la conducta aliment\u00e0ria\" width=\"1500\" height=\"844\" src=\"https:\/\/www.youtube.com\/embed\/d_7VkkHK6Yg?feature=oembed&autoplay=0&loop=0&controls=1&mute=0\" frameborder=\"0\" allow=\"accelerometer; autoplay; clipboard-write; encrypted-media; gyroscope; picture-in-picture\" allowfullscreen><\/iframe><\/div><\/script><div class='av-click-to-play-overlay'><div class=\"avia_playpause_icon\"><\/div><\/div><\/div>\n<div  id=\"show\"  class='hr av-wkdy8-ae7c560d24945c2a29940dd367e0f038 hr-default  avia-builder-el-16  el_after_av_video  el_before_av_video '><span class='hr-inner '><span class=\"hr-inner-style\"><\/span><\/span><\/div>\n<div  id=\"suicidi\"  class='avia-video av-kn5xppzw-670cdff21e21c6de04a13d252330bcd9 avia-video-16-9 av-no-preview-image avia-video-load-always av-lazyload-immediate av-lazyload-video-embed'  itemprop=\"video\" itemtype=\"https:\/\/schema.org\/VideoObject\"  data-original_url='https:\/\/www.youtube.com\/watch?v=bXiH2TKVPRU'><script type='text\/html' class='av-video-tmpl'><div class='avia-iframe-wrap'><iframe title=\"? DIRECTE - 7 d\u2019ABRIL 2022 - 16h, UCS. Taula rodona: Prevenci\u00f3 de la conducta su\u00efcida\" width=\"1500\" height=\"844\" src=\"https:\/\/www.youtube.com\/embed\/bXiH2TKVPRU?feature=oembed&autoplay=0&loop=0&controls=1&mute=0\" frameborder=\"0\" allow=\"accelerometer; autoplay; clipboard-write; encrypted-media; gyroscope; picture-in-picture\" allowfullscreen><\/iframe><\/div><\/script><div class='av-click-to-play-overlay'><div class=\"avia_playpause_icon\"><\/div><\/div><\/div>\n","protected":false},"excerpt":{"rendered":"","protected":false},"author":2,"featured_media":2879,"comment_status":"closed","ping_status":"closed","sticky":false,"template":"","format":"standard","meta":[],"categories":[74,75,76],"tags":[],"yoast_head":"<!-- This site is optimized with the Yoast SEO plugin v20.9 - https:\/\/yoast.com\/wordpress\/plugins\/seo\/ -->\n<title>Mesas Redondas de los cursos de la UCS del 2\u00ba semestre 21\/22 - BUTXACA TV<\/title>\n<meta name=\"robots\" content=\"index, follow, max-snippet:-1, max-image-preview:large, max-video-preview:-1\" \/>\n<link rel=\"canonical\" href=\"https:\/\/butxacatv.com\/es\/mesas-redondas-de-los-cursos-de-la-ucs-del-2o-semestre-21-22\/\" \/>\n<meta property=\"og:locale\" content=\"es_ES\" \/>\n<meta property=\"og:type\" content=\"article\" \/>\n<meta property=\"og:title\" content=\"Mesas Redondas de los cursos de la UCS del 2\u00ba semestre 21\/22 - BUTXACA TV\" \/>\n<meta property=\"og:url\" content=\"https:\/\/butxacatv.com\/es\/mesas-redondas-de-los-cursos-de-la-ucs-del-2o-semestre-21-22\/\" \/>\n<meta property=\"og:site_name\" content=\"BUTXACA TV\" \/>\n<meta property=\"article:publisher\" content=\"https:\/\/www.facebook.com\/Butxacatv\" \/>\n<meta property=\"article:published_time\" content=\"2022-03-08T09:10:08+00:00\" \/>\n<meta property=\"article:modified_time\" content=\"2022-03-28T14:32:49+00:00\" \/>\n<meta property=\"og:image\" content=\"https:\/\/butxacatv.com\/wp-content\/uploads\/2022\/03\/3_026D-Taula-rodona-UCS-UdG_Lgbti-copia.jpg\" \/>\n\t<meta property=\"og:image:width\" content=\"1080\" \/>\n\t<meta property=\"og:image:height\" content=\"608\" \/>\n\t<meta property=\"og:image:type\" content=\"image\/jpeg\" \/>\n<meta name=\"author\" content=\"bt-administrador\" \/>\n<meta name=\"twitter:label1\" content=\"Escrito por\" \/>\n\t<meta name=\"twitter:data1\" content=\"bt-administrador\" \/>\n\t<meta name=\"twitter:label2\" content=\"Tiempo de lectura\" \/>\n\t<meta name=\"twitter:data2\" content=\"6 minutos\" \/>\n<script type=\"application\/ld+json\" class=\"yoast-schema-graph\">{\"@context\":\"https:\/\/schema.org\",\"@graph\":[{\"@type\":\"WebPage\",\"@id\":\"https:\/\/butxacatv.com\/es\/mesas-redondas-de-los-cursos-de-la-ucs-del-2o-semestre-21-22\/\",\"url\":\"https:\/\/butxacatv.com\/es\/mesas-redondas-de-los-cursos-de-la-ucs-del-2o-semestre-21-22\/\",\"name\":\"Mesas Redondas de los cursos de la UCS del 2\u00ba semestre 21\/22 - BUTXACA TV\",\"isPartOf\":{\"@id\":\"https:\/\/butxacatv.com\/#website\"},\"datePublished\":\"2022-03-08T09:10:08+00:00\",\"dateModified\":\"2022-03-28T14:32:49+00:00\",\"author\":{\"@id\":\"https:\/\/butxacatv.com\/#\/schema\/person\/a061863d3c344ba65b6fee2ef2a1a3ea\"},\"breadcrumb\":{\"@id\":\"https:\/\/butxacatv.com\/es\/mesas-redondas-de-los-cursos-de-la-ucs-del-2o-semestre-21-22\/#breadcrumb\"},\"inLanguage\":\"es\",\"potentialAction\":[{\"@type\":\"ReadAction\",\"target\":[\"https:\/\/butxacatv.com\/es\/mesas-redondas-de-los-cursos-de-la-ucs-del-2o-semestre-21-22\/\"]}]},{\"@type\":\"BreadcrumbList\",\"@id\":\"https:\/\/butxacatv.com\/es\/mesas-redondas-de-los-cursos-de-la-ucs-del-2o-semestre-21-22\/#breadcrumb\",\"itemListElement\":[{\"@type\":\"ListItem\",\"position\":1,\"name\":\"Portada\",\"item\":\"https:\/\/butxacatv.com\/es\/home\/\"},{\"@type\":\"ListItem\",\"position\":2,\"name\":\"Mesas Redondas de los cursos de la UCS del 2\u00ba semestre 21\/22\"}]},{\"@type\":\"WebSite\",\"@id\":\"https:\/\/butxacatv.com\/#website\",\"url\":\"https:\/\/butxacatv.com\/\",\"name\":\"BUTXACA TV\",\"description\":\"BUTXACA TV\",\"potentialAction\":[{\"@type\":\"SearchAction\",\"target\":{\"@type\":\"EntryPoint\",\"urlTemplate\":\"https:\/\/butxacatv.com\/?s={search_term_string}\"},\"query-input\":\"required name=search_term_string\"}],\"inLanguage\":\"es\"},{\"@type\":\"Person\",\"@id\":\"https:\/\/butxacatv.com\/#\/schema\/person\/a061863d3c344ba65b6fee2ef2a1a3ea\",\"name\":\"bt-administrador\",\"url\":\"https:\/\/butxacatv.com\/es\/author\/bt-administrador\/\"}]}<\/script>\n<!-- \/ Yoast SEO plugin. -->","yoast_head_json":{"title":"Mesas Redondas de los cursos de la UCS del 2\u00ba semestre 21\/22 - BUTXACA TV","robots":{"index":"index","follow":"follow","max-snippet":"max-snippet:-1","max-image-preview":"max-image-preview:large","max-video-preview":"max-video-preview:-1"},"canonical":"https:\/\/butxacatv.com\/es\/mesas-redondas-de-los-cursos-de-la-ucs-del-2o-semestre-21-22\/","og_locale":"es_ES","og_type":"article","og_title":"Mesas Redondas de los cursos de la UCS del 2\u00ba semestre 21\/22 - BUTXACA TV","og_url":"https:\/\/butxacatv.com\/es\/mesas-redondas-de-los-cursos-de-la-ucs-del-2o-semestre-21-22\/","og_site_name":"BUTXACA TV","article_publisher":"https:\/\/www.facebook.com\/Butxacatv","article_published_time":"2022-03-08T09:10:08+00:00","article_modified_time":"2022-03-28T14:32:49+00:00","og_image":[{"width":1080,"height":608,"url":"https:\/\/butxacatv.com\/wp-content\/uploads\/2022\/03\/3_026D-Taula-rodona-UCS-UdG_Lgbti-copia.jpg","type":"image\/jpeg"}],"author":"bt-administrador","twitter_misc":{"Escrito por":"bt-administrador","Tiempo de lectura":"6 minutos"},"schema":{"@context":"https:\/\/schema.org","@graph":[{"@type":"WebPage","@id":"https:\/\/butxacatv.com\/es\/mesas-redondas-de-los-cursos-de-la-ucs-del-2o-semestre-21-22\/","url":"https:\/\/butxacatv.com\/es\/mesas-redondas-de-los-cursos-de-la-ucs-del-2o-semestre-21-22\/","name":"Mesas Redondas de los cursos de la UCS del 2\u00ba semestre 21\/22 - BUTXACA TV","isPartOf":{"@id":"https:\/\/butxacatv.com\/#website"},"datePublished":"2022-03-08T09:10:08+00:00","dateModified":"2022-03-28T14:32:49+00:00","author":{"@id":"https:\/\/butxacatv.com\/#\/schema\/person\/a061863d3c344ba65b6fee2ef2a1a3ea"},"breadcrumb":{"@id":"https:\/\/butxacatv.com\/es\/mesas-redondas-de-los-cursos-de-la-ucs-del-2o-semestre-21-22\/#breadcrumb"},"inLanguage":"es","potentialAction":[{"@type":"ReadAction","target":["https:\/\/butxacatv.com\/es\/mesas-redondas-de-los-cursos-de-la-ucs-del-2o-semestre-21-22\/"]}]},{"@type":"BreadcrumbList","@id":"https:\/\/butxacatv.com\/es\/mesas-redondas-de-los-cursos-de-la-ucs-del-2o-semestre-21-22\/#breadcrumb","itemListElement":[{"@type":"ListItem","position":1,"name":"Portada","item":"https:\/\/butxacatv.com\/es\/home\/"},{"@type":"ListItem","position":2,"name":"Mesas Redondas de los cursos de la UCS del 2\u00ba semestre 21\/22"}]},{"@type":"WebSite","@id":"https:\/\/butxacatv.com\/#website","url":"https:\/\/butxacatv.com\/","name":"BUTXACA TV","description":"BUTXACA TV","potentialAction":[{"@type":"SearchAction","target":{"@type":"EntryPoint","urlTemplate":"https:\/\/butxacatv.com\/?s={search_term_string}"},"query-input":"required name=search_term_string"}],"inLanguage":"es"},{"@type":"Person","@id":"https:\/\/butxacatv.com\/#\/schema\/person\/a061863d3c344ba65b6fee2ef2a1a3ea","name":"bt-administrador","url":"https:\/\/butxacatv.com\/es\/author\/bt-administrador\/"}]}},"_links":{"self":[{"href":"https:\/\/butxacatv.com\/es\/wp-json\/wp\/v2\/posts\/2887"}],"collection":[{"href":"https:\/\/butxacatv.com\/es\/wp-json\/wp\/v2\/posts"}],"about":[{"href":"https:\/\/butxacatv.com\/es\/wp-json\/wp\/v2\/types\/post"}],"author":[{"embeddable":true,"href":"https:\/\/butxacatv.com\/es\/wp-json\/wp\/v2\/users\/2"}],"replies":[{"embeddable":true,"href":"https:\/\/butxacatv.com\/es\/wp-json\/wp\/v2\/comments?post=2887"}],"version-history":[{"count":2,"href":"https:\/\/butxacatv.com\/es\/wp-json\/wp\/v2\/posts\/2887\/revisions"}],"predecessor-version":[{"id":2897,"href":"https:\/\/butxacatv.com\/es\/wp-json\/wp\/v2\/posts\/2887\/revisions\/2897"}],"wp:featuredmedia":[{"embeddable":true,"href":"https:\/\/butxacatv.com\/es\/wp-json\/wp\/v2\/media\/2879"}],"wp:attachment":[{"href":"https:\/\/butxacatv.com\/es\/wp-json\/wp\/v2\/media?parent=2887"}],"wp:term":[{"taxonomy":"category","embeddable":true,"href":"https:\/\/butxacatv.com\/es\/wp-json\/wp\/v2\/categories?post=2887"},{"taxonomy":"post_tag","embeddable":true,"href":"https:\/\/butxacatv.com\/es\/wp-json\/wp\/v2\/tags?post=2887"}],"curies":[{"name":"wp","href":"https:\/\/api.w.org\/{rel}","templated":true}]}}