{"id":2581,"date":"2021-11-11T11:20:00","date_gmt":"2021-11-11T10:20:00","guid":{"rendered":"https:\/\/butxacatv.com\/?p=2581"},"modified":"2022-03-08T09:48:38","modified_gmt":"2022-03-08T08:48:38","slug":"esther-garcia-navarro-el-miedo-como-camino","status":"publish","type":"post","link":"https:\/\/butxacatv.com\/es\/esther-garcia-navarro-el-miedo-como-camino\/","title":{"rendered":"Esther Garcia Navarro &#8211; El miedo como camino"},"content":{"rendered":"\n<style type=\"text\/css\" data-created_by=\"avia_inline_auto\" id=\"style-css-av-1dysvk-0e244a25d4d63a6b54cd7527a5b7bb3f\">\n.flex_column.av-1dysvk-0e244a25d4d63a6b54cd7527a5b7bb3f{\n-webkit-border-radius:0px 0px 0px 0px;\n-moz-border-radius:0px 0px 0px 0px;\nborder-radius:0px 0px 0px 0px;\npadding:0px 0px 0px 0px;\n}\n<\/style>\n<div  class='flex_column av-1dysvk-0e244a25d4d63a6b54cd7527a5b7bb3f av_one_half  avia-builder-el-0  el_before_av_hr  avia-builder-el-first  first flex_column_div av-zero-column-padding  '     ><style type=\"text\/css\" data-created_by=\"avia_inline_auto\" id=\"style-css-av-kvuskw69-bd6bae273ce0aabed26dbdab1a09404f\">\n.avia-image-container.av-kvuskw69-bd6bae273ce0aabed26dbdab1a09404f img.avia_image{\nbox-shadow:none;\n}\n.avia-image-container.av-kvuskw69-bd6bae273ce0aabed26dbdab1a09404f .av-image-caption-overlay-center{\ncolor:#ffffff;\n}\n<\/style>\n<div  class='avia-image-container av-kvuskw69-bd6bae273ce0aabed26dbdab1a09404f av-styling- avia-align-left  avia-builder-el-1  avia-builder-el-no-sibling '   itemprop=\"image\" itemscope=\"itemscope\" itemtype=\"https:\/\/schema.org\/ImageObject\" ><div class=\"avia-image-container-inner\"><div class=\"avia-image-overlay-wrap\"><img decoding=\"async\" class='wp-image-2585 avia-img-lazy-loading-not-2585 avia_image ' src=\"https:\/\/butxacatv.com\/wp-content\/uploads\/2021\/11\/logosinergiespng-300x300.png\" alt='' title='logosinergiespng'  height=\"300\" width=\"300\"  itemprop=\"thumbnailUrl\" srcset=\"https:\/\/butxacatv.com\/wp-content\/uploads\/2021\/11\/logosinergiespng.png 300w, https:\/\/butxacatv.com\/wp-content\/uploads\/2021\/11\/logosinergiespng-80x80.png 80w, https:\/\/butxacatv.com\/wp-content\/uploads\/2021\/11\/logosinergiespng-36x36.png 36w, https:\/\/butxacatv.com\/wp-content\/uploads\/2021\/11\/logosinergiespng-180x180.png 180w, https:\/\/butxacatv.com\/wp-content\/uploads\/2021\/11\/logosinergiespng-100x100.png 100w\" sizes=\"(max-width: 300px) 100vw, 300px\" \/><\/div><\/div><\/div><\/div>\n<div  class='hr av-7p5k0-0c9758bab4aaaa6bc45cadffda5aeb7c hr-default  avia-builder-el-2  el_after_av_one_half  el_before_av_textblock '><span class='hr-inner '><span class=\"hr-inner-style\"><\/span><\/span><\/div>\n<section  class='av_textblock_section av-kmvvddzy-ded04bc457180ae42a3fdeeb9a63613d '   itemscope=\"itemscope\" itemtype=\"https:\/\/schema.org\/BlogPosting\" itemprop=\"blogPost\" ><div class='avia_textblock'  itemprop=\"text\" ><p><b>Empresa\/entidad organizadora<\/b>: Esther Garcia Navarro<\/p>\n<section class=\"av_textblock_section \">\n<div class=\"avia_textblock \">\n<p><strong>El miedo como camino: Un espacio de entrevistas sobre las emociones.<\/strong><\/p>\n<\/div>\n<\/section>\n<section class=\"av_textblock_section \">\n<div class=\"avia_textblock \">\n<p>El miedo como camino surge de la intersecci\u00f3n entre una inquietud vital, las ganas de aprender y de mejorar como profesional. Quiere ser un espacio de conversaci\u00f3n donde compartir con otros humanos las vivencias de miedo, si las han podido gestionar y c\u00f3mo, qu\u00e9 han aprendido\u2026 El miedo como camino es este punto de encuentro donde se permite hablar sobre todas las emociones y c\u00f3mo gestionarlas para poder vivir mejor.<\/p>\n<p>Aprender a convivir y hacer camino con las emociones es clave para poder disfrutar de bienestar.<\/p>\n<\/div>\n<\/section>\n<ol>\n<li><a href=\"#cori\">Cori Calero<\/a> &#8211; El miedo como camino en el mundo de la comunicaci\u00f3n<\/li>\n<li><a href=\"#david\">David Bueno<\/a> &#8211; El miedo como camino desde la mirada de la neurociencia<\/li>\n<li><a href=\"#manel\">Manel Al\u00edas<\/a> &#8211; El miedo como camino con Manel Al\u00edas<\/li>\n<li><a href=\"#xavier\">Xavier Llenas<\/a> &#8211; El miedo como camino con Xavier Llenas<\/li>\n<li><a href=\"#maribel\">Maribel Mart\u00ednez<\/a> &#8211; El miedo como camino con Maribel Mart\u00ednez<\/li>\n<li><a href=\"#coral\">Coral Reg\u00ed<\/a> &#8211; El miedo como camino con Coral Reg\u00ed<\/li>\n<li><a href=\"#roger\">Roger Escapa<\/a> &#8211; El miedo como camino con Roger Escapa<\/li>\n<\/ol>\n<\/div><\/section>\n\n<style type=\"text\/css\" data-created_by=\"avia_inline_auto\" id=\"style-css-av-kmwh85j4-16ca41f8a66cb7fc9451f87e61315e46\">\n#top .hr.av-kmwh85j4-16ca41f8a66cb7fc9451f87e61315e46{\nmargin-top:30px;\nmargin-bottom:30px;\n}\n.hr.av-kmwh85j4-16ca41f8a66cb7fc9451f87e61315e46 .hr-inner{\nwidth:50px;\n}\n<\/style>\n<div  id=\"presentacio\"  class='hr av-kmwh85j4-16ca41f8a66cb7fc9451f87e61315e46 hr-custom  avia-builder-el-4  el_after_av_textblock  el_before_av_video  hr-center hr-icon-no'><span class='hr-inner inner-border-av-border-thin'><span class=\"hr-inner-style\"><\/span><\/span><\/div>\n<div  id=\"cori\"  class='avia-video av-kn5uqork-e55b90f394e29b9001182e90f6d0d777 avia-video-16-9 av-no-preview-image avia-video-load-always av-lazyload-immediate av-lazyload-video-embed'  itemprop=\"video\" itemtype=\"https:\/\/schema.org\/VideoObject\"  data-original_url='https:\/\/www.youtube.com\/watch?v=4quq2XQGX5o'><script type='text\/html' class='av-video-tmpl'><div class='avia-iframe-wrap'><iframe title=\"CONVERSANT DE LA POR COM A CAM\u00cd AMB CORI CALERO\" width=\"1500\" height=\"844\" src=\"https:\/\/www.youtube.com\/embed\/4quq2XQGX5o?feature=oembed&autoplay=0&loop=0&controls=1&mute=0\" frameborder=\"0\" allow=\"accelerometer; autoplay; clipboard-write; encrypted-media; gyroscope; picture-in-picture\" allowfullscreen><\/iframe><\/div><\/script><div class='av-click-to-play-overlay'><div class=\"avia_playpause_icon\"><\/div><\/div><\/div>\n<div  id=\"bols\"  class='hr av-kn5v3et7-22864253468fecfbdad65d7314c4b8ea hr-default  avia-builder-el-6  el_after_av_video  el_before_av_video '><span class='hr-inner '><span class=\"hr-inner-style\"><\/span><\/span><\/div>\n<div  id=\"david\"  class='avia-video av-kn5uqork-9b524fdd2580561637b641395f55be1a avia-video-16-9 av-no-preview-image avia-video-load-always av-lazyload-immediate av-lazyload-video-embed'  itemprop=\"video\" itemtype=\"https:\/\/schema.org\/VideoObject\"  data-original_url='https:\/\/www.youtube.com\/watch?v=I-rjsqsqOwc'><script type='text\/html' class='av-video-tmpl'><div class='avia-iframe-wrap'><iframe title=\"CONVERSANT DE LA POR COM A CAM\u00cd AMB DAVID BUENO\" width=\"1500\" height=\"844\" src=\"https:\/\/www.youtube.com\/embed\/I-rjsqsqOwc?feature=oembed&autoplay=0&loop=0&controls=1&mute=0\" frameborder=\"0\" allow=\"accelerometer; autoplay; clipboard-write; encrypted-media; gyroscope; picture-in-picture\" allowfullscreen><\/iframe><\/div><\/script><div class='av-click-to-play-overlay'><div class=\"avia_playpause_icon\"><\/div><\/div><\/div>\n<div  id=\"bols\"  class='hr av-kn5v3et7-22864253468fecfbdad65d7314c4b8ea hr-default  avia-builder-el-8  el_after_av_video  el_before_av_video '><span class='hr-inner '><span class=\"hr-inner-style\"><\/span><\/span><\/div>\n<div  id=\"manel\"  class='avia-video av-kn5uqork-20c9149538f56666604857ba3e0c2f36 avia-video-16-9 av-no-preview-image avia-video-load-always av-lazyload-immediate av-lazyload-video-embed'  itemprop=\"video\" itemtype=\"https:\/\/schema.org\/VideoObject\"  data-original_url='https:\/\/www.youtube.com\/watch?v=Z8p8YLnnEIM'><script type='text\/html' class='av-video-tmpl'><div class='avia-iframe-wrap'><iframe title=\"CONVERSANT DE LA POR COM A CAM\u00cd AMB MANEL AL\u00cdAS\" width=\"1500\" height=\"844\" src=\"https:\/\/www.youtube.com\/embed\/Z8p8YLnnEIM?feature=oembed&autoplay=0&loop=0&controls=1&mute=0\" frameborder=\"0\" allow=\"accelerometer; autoplay; clipboard-write; encrypted-media; gyroscope; picture-in-picture\" allowfullscreen><\/iframe><\/div><\/script><div class='av-click-to-play-overlay'><div class=\"avia_playpause_icon\"><\/div><\/div><\/div>\n<div  id=\"bols\"  class='hr av-kn5v3et7-22864253468fecfbdad65d7314c4b8ea hr-default  avia-builder-el-10  el_after_av_video  el_before_av_video '><span class='hr-inner '><span class=\"hr-inner-style\"><\/span><\/span><\/div>\n<div  id=\"xavier\"  class='avia-video av-kn5uqork-fc11a415711dcaea7d914bee11af0fb7 avia-video-16-9 av-no-preview-image avia-video-load-always av-lazyload-immediate av-lazyload-video-embed'  itemprop=\"video\" itemtype=\"https:\/\/schema.org\/VideoObject\"  data-original_url='https:\/\/www.youtube.com\/watch?v=JH3SqK0yXOE'><script type='text\/html' class='av-video-tmpl'><div class='avia-iframe-wrap'><iframe title=\"CONVERSANT DE LA POR COM A CAM\u00cd AMB XAVIER LLENAS\" width=\"1500\" height=\"844\" src=\"https:\/\/www.youtube.com\/embed\/JH3SqK0yXOE?feature=oembed&autoplay=0&loop=0&controls=1&mute=0\" frameborder=\"0\" allow=\"accelerometer; autoplay; clipboard-write; encrypted-media; gyroscope; picture-in-picture\" allowfullscreen><\/iframe><\/div><\/script><div class='av-click-to-play-overlay'><div class=\"avia_playpause_icon\"><\/div><\/div><\/div>\n<div  id=\"bols\"  class='hr av-kn5v3et7-22864253468fecfbdad65d7314c4b8ea hr-default  avia-builder-el-12  el_after_av_video  el_before_av_video '><span class='hr-inner '><span class=\"hr-inner-style\"><\/span><\/span><\/div>\n<div  id=\"maribel\"  class='avia-video av-kn5uqork-98a4358f2c0c60762692625a832ad48b avia-video-16-9 av-no-preview-image avia-video-load-always av-lazyload-immediate av-lazyload-video-embed'  itemprop=\"video\" itemtype=\"https:\/\/schema.org\/VideoObject\"  data-original_url='https:\/\/www.youtube.com\/watch?v=szdBozlzpo4'><script type='text\/html' class='av-video-tmpl'><div class='avia-iframe-wrap'><iframe title=\"CONVERSANT DE LA POR COM A CAM\u00cd AMB MARIBEL MART\u00cdNEZ\" width=\"1500\" height=\"844\" src=\"https:\/\/www.youtube.com\/embed\/szdBozlzpo4?feature=oembed&autoplay=0&loop=0&controls=1&mute=0\" frameborder=\"0\" allow=\"accelerometer; autoplay; clipboard-write; encrypted-media; gyroscope; picture-in-picture\" allowfullscreen><\/iframe><\/div><\/script><div class='av-click-to-play-overlay'><div class=\"avia_playpause_icon\"><\/div><\/div><\/div>\n<div  id=\"bols\"  class='hr av-kn5v3et7-22864253468fecfbdad65d7314c4b8ea hr-default  avia-builder-el-14  el_after_av_video  el_before_av_video '><span class='hr-inner '><span class=\"hr-inner-style\"><\/span><\/span><\/div>\n<div  id=\"coral\"  class='avia-video av-kn5uqork-605578ae8fe51afe6437432daa3784cc avia-video-16-9 av-no-preview-image avia-video-load-always av-lazyload-immediate av-lazyload-video-embed'  itemprop=\"video\" itemtype=\"https:\/\/schema.org\/VideoObject\"  data-original_url='https:\/\/www.youtube.com\/watch?v=uhCC7i1Cqh4'><script type='text\/html' class='av-video-tmpl'><div class='avia-iframe-wrap'><iframe title=\"CONVERSANT DE LA POR COM A CAM\u00cd AMB CORAL REG\u00cd\" width=\"1500\" height=\"844\" src=\"https:\/\/www.youtube.com\/embed\/uhCC7i1Cqh4?feature=oembed&autoplay=0&loop=0&controls=1&mute=0\" frameborder=\"0\" allow=\"accelerometer; autoplay; clipboard-write; encrypted-media; gyroscope; picture-in-picture\" allowfullscreen><\/iframe><\/div><\/script><div class='av-click-to-play-overlay'><div class=\"avia_playpause_icon\"><\/div><\/div><\/div>\n<div  id=\"bols\"  class='hr av-kn5v3et7-22864253468fecfbdad65d7314c4b8ea hr-default  avia-builder-el-16  el_after_av_video  el_before_av_video '><span class='hr-inner '><span class=\"hr-inner-style\"><\/span><\/span><\/div>\n<div  id=\"roger\"  class='avia-video av-kn5uqork-54ab9e014258ed1dccc45e10c4529d18 avia-video-16-9 av-no-preview-image avia-video-load-always av-lazyload-immediate av-lazyload-video-embed'  itemprop=\"video\" itemtype=\"https:\/\/schema.org\/VideoObject\"  data-original_url='https:\/\/www.youtube.com\/watch?v=n2YKmnlVOIc'><script type='text\/html' class='av-video-tmpl'><div class='avia-iframe-wrap'><iframe title=\"CONVERSANT DE LA POR COM A CAM\u00cd AMB ROGER ESCAPA\" width=\"1500\" height=\"844\" src=\"https:\/\/www.youtube.com\/embed\/n2YKmnlVOIc?feature=oembed&autoplay=0&loop=0&controls=1&mute=0\" frameborder=\"0\" allow=\"accelerometer; autoplay; clipboard-write; encrypted-media; gyroscope; picture-in-picture\" allowfullscreen><\/iframe><\/div><\/script><div class='av-click-to-play-overlay'><div class=\"avia_playpause_icon\"><\/div><\/div><\/div>\n","protected":false},"excerpt":{"rendered":"","protected":false},"author":2,"featured_media":2582,"comment_status":"closed","ping_status":"closed","sticky":false,"template":"","format":"standard","meta":[],"categories":[78,82,90],"tags":[],"yoast_head":"<!-- This site is optimized with the Yoast SEO plugin v20.9 - https:\/\/yoast.com\/wordpress\/plugins\/seo\/ -->\n<title>Esther Garcia Navarro - El miedo como camino - BUTXACA TV<\/title>\n<meta name=\"robots\" content=\"index, follow, max-snippet:-1, max-image-preview:large, max-video-preview:-1\" \/>\n<link rel=\"canonical\" href=\"https:\/\/butxacatv.com\/es\/esther-garcia-navarro-el-miedo-como-camino\/\" \/>\n<meta property=\"og:locale\" content=\"es_ES\" \/>\n<meta property=\"og:type\" content=\"article\" \/>\n<meta property=\"og:title\" content=\"Esther Garcia Navarro - El miedo como camino - BUTXACA TV\" \/>\n<meta property=\"og:url\" content=\"https:\/\/butxacatv.com\/es\/esther-garcia-navarro-el-miedo-como-camino\/\" \/>\n<meta property=\"og:site_name\" content=\"BUTXACA TV\" \/>\n<meta property=\"article:publisher\" content=\"https:\/\/www.facebook.com\/Butxacatv\" \/>\n<meta property=\"article:published_time\" content=\"2021-11-11T10:20:00+00:00\" \/>\n<meta property=\"article:modified_time\" content=\"2022-03-08T08:48:38+00:00\" \/>\n<meta property=\"og:image\" content=\"https:\/\/butxacatv.com\/wp-content\/uploads\/2021\/11\/esthergarcia.png\" \/>\n\t<meta property=\"og:image:width\" content=\"1678\" \/>\n\t<meta property=\"og:image:height\" content=\"932\" \/>\n\t<meta property=\"og:image:type\" content=\"image\/png\" \/>\n<meta name=\"author\" content=\"bt-administrador\" \/>\n<meta name=\"twitter:label1\" content=\"Escrito por\" \/>\n\t<meta name=\"twitter:data1\" content=\"bt-administrador\" \/>\n\t<meta name=\"twitter:label2\" content=\"Tiempo de lectura\" \/>\n\t<meta name=\"twitter:data2\" content=\"6 minutos\" \/>\n<script type=\"application\/ld+json\" class=\"yoast-schema-graph\">{\"@context\":\"https:\/\/schema.org\",\"@graph\":[{\"@type\":\"WebPage\",\"@id\":\"https:\/\/butxacatv.com\/es\/esther-garcia-navarro-el-miedo-como-camino\/\",\"url\":\"https:\/\/butxacatv.com\/es\/esther-garcia-navarro-el-miedo-como-camino\/\",\"name\":\"Esther Garcia Navarro - El miedo como camino - BUTXACA TV\",\"isPartOf\":{\"@id\":\"https:\/\/butxacatv.com\/#website\"},\"datePublished\":\"2021-11-11T10:20:00+00:00\",\"dateModified\":\"2022-03-08T08:48:38+00:00\",\"author\":{\"@id\":\"https:\/\/butxacatv.com\/#\/schema\/person\/a061863d3c344ba65b6fee2ef2a1a3ea\"},\"breadcrumb\":{\"@id\":\"https:\/\/butxacatv.com\/es\/esther-garcia-navarro-el-miedo-como-camino\/#breadcrumb\"},\"inLanguage\":\"es\",\"potentialAction\":[{\"@type\":\"ReadAction\",\"target\":[\"https:\/\/butxacatv.com\/es\/esther-garcia-navarro-el-miedo-como-camino\/\"]}]},{\"@type\":\"BreadcrumbList\",\"@id\":\"https:\/\/butxacatv.com\/es\/esther-garcia-navarro-el-miedo-como-camino\/#breadcrumb\",\"itemListElement\":[{\"@type\":\"ListItem\",\"position\":1,\"name\":\"Portada\",\"item\":\"https:\/\/butxacatv.com\/es\/home\/\"},{\"@type\":\"ListItem\",\"position\":2,\"name\":\"Esther Garcia Navarro &#8211; El miedo como camino\"}]},{\"@type\":\"WebSite\",\"@id\":\"https:\/\/butxacatv.com\/#website\",\"url\":\"https:\/\/butxacatv.com\/\",\"name\":\"BUTXACA TV\",\"description\":\"BUTXACA TV\",\"potentialAction\":[{\"@type\":\"SearchAction\",\"target\":{\"@type\":\"EntryPoint\",\"urlTemplate\":\"https:\/\/butxacatv.com\/?s={search_term_string}\"},\"query-input\":\"required name=search_term_string\"}],\"inLanguage\":\"es\"},{\"@type\":\"Person\",\"@id\":\"https:\/\/butxacatv.com\/#\/schema\/person\/a061863d3c344ba65b6fee2ef2a1a3ea\",\"name\":\"bt-administrador\",\"url\":\"https:\/\/butxacatv.com\/es\/author\/bt-administrador\/\"}]}<\/script>\n<!-- \/ Yoast SEO plugin. -->","yoast_head_json":{"title":"Esther Garcia Navarro - El miedo como camino - BUTXACA TV","robots":{"index":"index","follow":"follow","max-snippet":"max-snippet:-1","max-image-preview":"max-image-preview:large","max-video-preview":"max-video-preview:-1"},"canonical":"https:\/\/butxacatv.com\/es\/esther-garcia-navarro-el-miedo-como-camino\/","og_locale":"es_ES","og_type":"article","og_title":"Esther Garcia Navarro - El miedo como camino - BUTXACA TV","og_url":"https:\/\/butxacatv.com\/es\/esther-garcia-navarro-el-miedo-como-camino\/","og_site_name":"BUTXACA TV","article_publisher":"https:\/\/www.facebook.com\/Butxacatv","article_published_time":"2021-11-11T10:20:00+00:00","article_modified_time":"2022-03-08T08:48:38+00:00","og_image":[{"width":1678,"height":932,"url":"https:\/\/butxacatv.com\/wp-content\/uploads\/2021\/11\/esthergarcia.png","type":"image\/png"}],"author":"bt-administrador","twitter_misc":{"Escrito por":"bt-administrador","Tiempo de lectura":"6 minutos"},"schema":{"@context":"https:\/\/schema.org","@graph":[{"@type":"WebPage","@id":"https:\/\/butxacatv.com\/es\/esther-garcia-navarro-el-miedo-como-camino\/","url":"https:\/\/butxacatv.com\/es\/esther-garcia-navarro-el-miedo-como-camino\/","name":"Esther Garcia Navarro - El miedo como camino - BUTXACA TV","isPartOf":{"@id":"https:\/\/butxacatv.com\/#website"},"datePublished":"2021-11-11T10:20:00+00:00","dateModified":"2022-03-08T08:48:38+00:00","author":{"@id":"https:\/\/butxacatv.com\/#\/schema\/person\/a061863d3c344ba65b6fee2ef2a1a3ea"},"breadcrumb":{"@id":"https:\/\/butxacatv.com\/es\/esther-garcia-navarro-el-miedo-como-camino\/#breadcrumb"},"inLanguage":"es","potentialAction":[{"@type":"ReadAction","target":["https:\/\/butxacatv.com\/es\/esther-garcia-navarro-el-miedo-como-camino\/"]}]},{"@type":"BreadcrumbList","@id":"https:\/\/butxacatv.com\/es\/esther-garcia-navarro-el-miedo-como-camino\/#breadcrumb","itemListElement":[{"@type":"ListItem","position":1,"name":"Portada","item":"https:\/\/butxacatv.com\/es\/home\/"},{"@type":"ListItem","position":2,"name":"Esther Garcia Navarro &#8211; El miedo como camino"}]},{"@type":"WebSite","@id":"https:\/\/butxacatv.com\/#website","url":"https:\/\/butxacatv.com\/","name":"BUTXACA TV","description":"BUTXACA TV","potentialAction":[{"@type":"SearchAction","target":{"@type":"EntryPoint","urlTemplate":"https:\/\/butxacatv.com\/?s={search_term_string}"},"query-input":"required name=search_term_string"}],"inLanguage":"es"},{"@type":"Person","@id":"https:\/\/butxacatv.com\/#\/schema\/person\/a061863d3c344ba65b6fee2ef2a1a3ea","name":"bt-administrador","url":"https:\/\/butxacatv.com\/es\/author\/bt-administrador\/"}]}},"_links":{"self":[{"href":"https:\/\/butxacatv.com\/es\/wp-json\/wp\/v2\/posts\/2581"}],"collection":[{"href":"https:\/\/butxacatv.com\/es\/wp-json\/wp\/v2\/posts"}],"about":[{"href":"https:\/\/butxacatv.com\/es\/wp-json\/wp\/v2\/types\/post"}],"author":[{"embeddable":true,"href":"https:\/\/butxacatv.com\/es\/wp-json\/wp\/v2\/users\/2"}],"replies":[{"embeddable":true,"href":"https:\/\/butxacatv.com\/es\/wp-json\/wp\/v2\/comments?post=2581"}],"version-history":[{"count":6,"href":"https:\/\/butxacatv.com\/es\/wp-json\/wp\/v2\/posts\/2581\/revisions"}],"predecessor-version":[{"id":2871,"href":"https:\/\/butxacatv.com\/es\/wp-json\/wp\/v2\/posts\/2581\/revisions\/2871"}],"wp:featuredmedia":[{"embeddable":true,"href":"https:\/\/butxacatv.com\/es\/wp-json\/wp\/v2\/media\/2582"}],"wp:attachment":[{"href":"https:\/\/butxacatv.com\/es\/wp-json\/wp\/v2\/media?parent=2581"}],"wp:term":[{"taxonomy":"category","embeddable":true,"href":"https:\/\/butxacatv.com\/es\/wp-json\/wp\/v2\/categories?post=2581"},{"taxonomy":"post_tag","embeddable":true,"href":"https:\/\/butxacatv.com\/es\/wp-json\/wp\/v2\/tags?post=2581"}],"curies":[{"name":"wp","href":"https:\/\/api.w.org\/{rel}","templated":true}]}}