{"id":2370,"date":"2021-06-02T11:37:00","date_gmt":"2021-06-02T09:37:00","guid":{"rendered":"https:\/\/butxacatv.com\/?p=2370"},"modified":"2021-08-16T14:13:45","modified_gmt":"2021-08-16T12:13:45","slug":"2370","status":"publish","type":"post","link":"https:\/\/butxacatv.com\/es\/2370\/","title":{"rendered":"Recorrido por la exposici\u00f3n Picasso y las joyas del artista"},"content":{"rendered":"\n<style type=\"text\/css\" data-created_by=\"avia_inline_auto\" id=\"style-css-av-av_one_half-79ff81c021393065cee878051452f6a6\">\n.flex_column.av-av_one_half-79ff81c021393065cee878051452f6a6{\n-webkit-border-radius:0px 0px 0px 0px;\n-moz-border-radius:0px 0px 0px 0px;\nborder-radius:0px 0px 0px 0px;\npadding:0px 0px 0px 0px;\n}\n<\/style>\n<div  class='flex_column av-av_one_half-79ff81c021393065cee878051452f6a6 av_one_half  avia-builder-el-0  el_before_av_hr  avia-builder-el-first  first flex_column_div av-zero-column-padding  '     ><style type=\"text\/css\" data-created_by=\"avia_inline_auto\" id=\"style-css-av-kselbu2w-ea5716afb36b00d1d84df63ed034fab6\">\n.avia-image-container.av-kselbu2w-ea5716afb36b00d1d84df63ed034fab6 img.avia_image{\nbox-shadow:none;\n}\n.avia-image-container.av-kselbu2w-ea5716afb36b00d1d84df63ed034fab6 .av-image-caption-overlay-center{\ncolor:#ffffff;\n}\n<\/style>\n<div  class='avia-image-container av-kselbu2w-ea5716afb36b00d1d84df63ed034fab6 av-styling- avia-align-left  avia-builder-el-1  avia-builder-el-no-sibling '   itemprop=\"image\" itemscope=\"itemscope\" itemtype=\"https:\/\/schema.org\/ImageObject\" ><div class=\"avia-image-container-inner\"><div class=\"avia-image-overlay-wrap\"><img decoding=\"async\" class='wp-image-1754 avia-img-lazy-loading-not-1754 avia_image ' src=\"https:\/\/butxacatv.com\/wp-content\/uploads\/2021\/04\/museu-picasso-300x300.jpg\" alt='' title='museu picasso'  height=\"300\" width=\"300\"  itemprop=\"thumbnailUrl\" srcset=\"https:\/\/butxacatv.com\/wp-content\/uploads\/2021\/04\/museu-picasso-300x300.jpg 300w, https:\/\/butxacatv.com\/wp-content\/uploads\/2021\/04\/museu-picasso-80x80.jpg 80w, https:\/\/butxacatv.com\/wp-content\/uploads\/2021\/04\/museu-picasso-36x36.jpg 36w, https:\/\/butxacatv.com\/wp-content\/uploads\/2021\/04\/museu-picasso-180x180.jpg 180w, https:\/\/butxacatv.com\/wp-content\/uploads\/2021\/04\/museu-picasso-100x100.jpg 100w, https:\/\/butxacatv.com\/wp-content\/uploads\/2021\/04\/museu-picasso.jpg 400w\" sizes=\"(max-width: 300px) 100vw, 300px\" \/><\/div><\/div><\/div><\/div><div  class='hr av-av_hr-7bacd336e8c7b574fdeac16e430feaa5 hr-default  avia-builder-el-2  el_after_av_one_half  el_before_av_textblock '><span class='hr-inner '><span class=\"hr-inner-style\"><\/span><\/span><\/div><\/p>\n<section  class='av_textblock_section av-kseldd4s-e2aed14580e30b5e54a9a2d351bfda34 '   itemscope=\"itemscope\" itemtype=\"https:\/\/schema.org\/BlogPosting\" itemprop=\"blogPost\" ><div class='avia_textblock'  itemprop=\"text\" ><p><strong>Empresa \/ entidad organizadora:<\/strong> Museo Picasso Barcelona<\/p>\n<p>Grabaci\u00f3n y emisi\u00f3n en estreno en tres v\u00eddeos del recorrido de la exposici\u00f3n <strong>Picasso y las joyas del artista<\/strong>.<\/p>\n<\/div><\/section>\n<div  class='hr av-av_hr-7bacd336e8c7b574fdeac16e430feaa5 hr-default  avia-builder-el-4  el_after_av_textblock  el_before_av_video '><span class='hr-inner '><span class=\"hr-inner-style\"><\/span><\/span><\/div>\n<div  class='avia-video av-kseldqq2-30a1d9754bcb9221f399065230eb591f avia-video-16-9 av-no-preview-image avia-video-load-always av-lazyload-immediate av-lazyload-video-embed'  itemprop=\"video\" itemtype=\"https:\/\/schema.org\/VideoObject\"  data-original_url='https:\/\/www.youtube.com\/watch?v=vsdCCcqz9_0'><script type='text\/html' class='av-video-tmpl'><div class='avia-iframe-wrap'><iframe title=\"Primera visita: \u00abLes joies \u00edntimes de Picasso\u00bb\" width=\"1500\" height=\"844\" src=\"https:\/\/www.youtube.com\/embed\/vsdCCcqz9_0?feature=oembed&autoplay=0&loop=0&controls=1&mute=0\" frameborder=\"0\" allow=\"accelerometer; autoplay; clipboard-write; encrypted-media; gyroscope; picture-in-picture\" allowfullscreen><\/iframe><\/div><\/script><div class='av-click-to-play-overlay'><div class=\"avia_playpause_icon\"><\/div><\/div><\/div>\n<div  class='avia-video av-kselekfr-0dec4610b678092490314d18cd836c8a avia-video-16-9 av-no-preview-image avia-video-load-always av-lazyload-immediate av-lazyload-video-embed'  itemprop=\"video\" itemtype=\"https:\/\/schema.org\/VideoObject\"  data-original_url='https:\/\/www.youtube.com\/watch?v=Mg3D6HJj5js'><script type='text\/html' class='av-video-tmpl'><div class='avia-iframe-wrap'><iframe title=\"Segona visita: \u00abCreaci\u00f3 i col\u00b7laboraci\u00f3\u00bb\" width=\"1500\" height=\"844\" src=\"https:\/\/www.youtube.com\/embed\/Mg3D6HJj5js?feature=oembed&autoplay=0&loop=0&controls=1&mute=0\" frameborder=\"0\" allow=\"accelerometer; autoplay; clipboard-write; encrypted-media; gyroscope; picture-in-picture\" allowfullscreen><\/iframe><\/div><\/script><div class='av-click-to-play-overlay'><div class=\"avia_playpause_icon\"><\/div><\/div><\/div>\n<div  class='avia-video av-kselesl5-4eaf500fed92830e35ac926b80cd01be avia-video-16-9 av-no-preview-image avia-video-load-always av-lazyload-immediate av-lazyload-video-embed'  itemprop=\"video\" itemtype=\"https:\/\/schema.org\/VideoObject\"  data-original_url='https:\/\/www.youtube.com\/watch?v=hckyvrYQbBc'><script type='text\/html' class='av-video-tmpl'><div class='avia-iframe-wrap'><iframe title=\"Tercera visita: \u00abLa joia com a proc\u00e9s art\u00edstic\u00bb\" width=\"1500\" height=\"844\" src=\"https:\/\/www.youtube.com\/embed\/hckyvrYQbBc?feature=oembed&autoplay=0&loop=0&controls=1&mute=0\" frameborder=\"0\" allow=\"accelerometer; autoplay; clipboard-write; encrypted-media; gyroscope; picture-in-picture\" allowfullscreen><\/iframe><\/div><\/script><div class='av-click-to-play-overlay'><div class=\"avia_playpause_icon\"><\/div><\/div><\/div>\n","protected":false},"excerpt":{"rendered":"","protected":false},"author":2,"featured_media":2180,"comment_status":"closed","ping_status":"closed","sticky":false,"template":"","format":"standard","meta":[],"categories":[82,101],"tags":[],"yoast_head":"<!-- This site is optimized with the Yoast SEO plugin v20.9 - https:\/\/yoast.com\/wordpress\/plugins\/seo\/ -->\n<title>Recorrido por la exposici\u00f3n Picasso y las joyas del artista - BUTXACA TV<\/title>\n<meta name=\"robots\" content=\"index, follow, max-snippet:-1, max-image-preview:large, max-video-preview:-1\" \/>\n<link rel=\"canonical\" href=\"https:\/\/butxacatv.com\/es\/2370\/\" \/>\n<meta property=\"og:locale\" content=\"es_ES\" \/>\n<meta property=\"og:type\" content=\"article\" \/>\n<meta property=\"og:title\" content=\"Recorrido por la exposici\u00f3n Picasso y las joyas del artista - BUTXACA TV\" \/>\n<meta property=\"og:url\" content=\"https:\/\/butxacatv.com\/es\/2370\/\" \/>\n<meta property=\"og:site_name\" content=\"BUTXACA TV\" \/>\n<meta property=\"article:publisher\" content=\"https:\/\/www.facebook.com\/Butxacatv\" \/>\n<meta property=\"article:published_time\" content=\"2021-06-02T09:37:00+00:00\" \/>\n<meta property=\"article:modified_time\" content=\"2021-08-16T12:13:45+00:00\" \/>\n<meta property=\"og:image\" content=\"https:\/\/butxacatv.com\/wp-content\/uploads\/2021\/06\/022-PIC_joies_Cartela_OK.jpg\" \/>\n\t<meta property=\"og:image:width\" content=\"1280\" \/>\n\t<meta property=\"og:image:height\" content=\"720\" \/>\n\t<meta property=\"og:image:type\" content=\"image\/jpeg\" \/>\n<meta name=\"author\" content=\"bt-administrador\" \/>\n<meta name=\"twitter:label1\" content=\"Escrito por\" \/>\n\t<meta name=\"twitter:data1\" content=\"bt-administrador\" \/>\n\t<meta name=\"twitter:label2\" content=\"Tiempo de lectura\" \/>\n\t<meta name=\"twitter:data2\" content=\"2 minutos\" \/>\n<script type=\"application\/ld+json\" class=\"yoast-schema-graph\">{\"@context\":\"https:\/\/schema.org\",\"@graph\":[{\"@type\":\"WebPage\",\"@id\":\"https:\/\/butxacatv.com\/es\/2370\/\",\"url\":\"https:\/\/butxacatv.com\/es\/2370\/\",\"name\":\"Recorrido por la exposici\u00f3n Picasso y las joyas del artista - BUTXACA TV\",\"isPartOf\":{\"@id\":\"https:\/\/butxacatv.com\/#website\"},\"datePublished\":\"2021-06-02T09:37:00+00:00\",\"dateModified\":\"2021-08-16T12:13:45+00:00\",\"author\":{\"@id\":\"https:\/\/butxacatv.com\/#\/schema\/person\/a061863d3c344ba65b6fee2ef2a1a3ea\"},\"breadcrumb\":{\"@id\":\"https:\/\/butxacatv.com\/es\/2370\/#breadcrumb\"},\"inLanguage\":\"es\",\"potentialAction\":[{\"@type\":\"ReadAction\",\"target\":[\"https:\/\/butxacatv.com\/es\/2370\/\"]}]},{\"@type\":\"BreadcrumbList\",\"@id\":\"https:\/\/butxacatv.com\/es\/2370\/#breadcrumb\",\"itemListElement\":[{\"@type\":\"ListItem\",\"position\":1,\"name\":\"Portada\",\"item\":\"https:\/\/butxacatv.com\/es\/home\/\"},{\"@type\":\"ListItem\",\"position\":2,\"name\":\"Recorrido por la exposici\u00f3n Picasso y las joyas del artista\"}]},{\"@type\":\"WebSite\",\"@id\":\"https:\/\/butxacatv.com\/#website\",\"url\":\"https:\/\/butxacatv.com\/\",\"name\":\"BUTXACA TV\",\"description\":\"BUTXACA TV\",\"potentialAction\":[{\"@type\":\"SearchAction\",\"target\":{\"@type\":\"EntryPoint\",\"urlTemplate\":\"https:\/\/butxacatv.com\/?s={search_term_string}\"},\"query-input\":\"required name=search_term_string\"}],\"inLanguage\":\"es\"},{\"@type\":\"Person\",\"@id\":\"https:\/\/butxacatv.com\/#\/schema\/person\/a061863d3c344ba65b6fee2ef2a1a3ea\",\"name\":\"bt-administrador\",\"url\":\"https:\/\/butxacatv.com\/es\/author\/bt-administrador\/\"}]}<\/script>\n<!-- \/ Yoast SEO plugin. -->","yoast_head_json":{"title":"Recorrido por la exposici\u00f3n Picasso y las joyas del artista - BUTXACA TV","robots":{"index":"index","follow":"follow","max-snippet":"max-snippet:-1","max-image-preview":"max-image-preview:large","max-video-preview":"max-video-preview:-1"},"canonical":"https:\/\/butxacatv.com\/es\/2370\/","og_locale":"es_ES","og_type":"article","og_title":"Recorrido por la exposici\u00f3n Picasso y las joyas del artista - BUTXACA TV","og_url":"https:\/\/butxacatv.com\/es\/2370\/","og_site_name":"BUTXACA TV","article_publisher":"https:\/\/www.facebook.com\/Butxacatv","article_published_time":"2021-06-02T09:37:00+00:00","article_modified_time":"2021-08-16T12:13:45+00:00","og_image":[{"width":1280,"height":720,"url":"https:\/\/butxacatv.com\/wp-content\/uploads\/2021\/06\/022-PIC_joies_Cartela_OK.jpg","type":"image\/jpeg"}],"author":"bt-administrador","twitter_misc":{"Escrito por":"bt-administrador","Tiempo de lectura":"2 minutos"},"schema":{"@context":"https:\/\/schema.org","@graph":[{"@type":"WebPage","@id":"https:\/\/butxacatv.com\/es\/2370\/","url":"https:\/\/butxacatv.com\/es\/2370\/","name":"Recorrido por la exposici\u00f3n Picasso y las joyas del artista - BUTXACA TV","isPartOf":{"@id":"https:\/\/butxacatv.com\/#website"},"datePublished":"2021-06-02T09:37:00+00:00","dateModified":"2021-08-16T12:13:45+00:00","author":{"@id":"https:\/\/butxacatv.com\/#\/schema\/person\/a061863d3c344ba65b6fee2ef2a1a3ea"},"breadcrumb":{"@id":"https:\/\/butxacatv.com\/es\/2370\/#breadcrumb"},"inLanguage":"es","potentialAction":[{"@type":"ReadAction","target":["https:\/\/butxacatv.com\/es\/2370\/"]}]},{"@type":"BreadcrumbList","@id":"https:\/\/butxacatv.com\/es\/2370\/#breadcrumb","itemListElement":[{"@type":"ListItem","position":1,"name":"Portada","item":"https:\/\/butxacatv.com\/es\/home\/"},{"@type":"ListItem","position":2,"name":"Recorrido por la exposici\u00f3n Picasso y las joyas del artista"}]},{"@type":"WebSite","@id":"https:\/\/butxacatv.com\/#website","url":"https:\/\/butxacatv.com\/","name":"BUTXACA TV","description":"BUTXACA TV","potentialAction":[{"@type":"SearchAction","target":{"@type":"EntryPoint","urlTemplate":"https:\/\/butxacatv.com\/?s={search_term_string}"},"query-input":"required name=search_term_string"}],"inLanguage":"es"},{"@type":"Person","@id":"https:\/\/butxacatv.com\/#\/schema\/person\/a061863d3c344ba65b6fee2ef2a1a3ea","name":"bt-administrador","url":"https:\/\/butxacatv.com\/es\/author\/bt-administrador\/"}]}},"_links":{"self":[{"href":"https:\/\/butxacatv.com\/es\/wp-json\/wp\/v2\/posts\/2370"}],"collection":[{"href":"https:\/\/butxacatv.com\/es\/wp-json\/wp\/v2\/posts"}],"about":[{"href":"https:\/\/butxacatv.com\/es\/wp-json\/wp\/v2\/types\/post"}],"author":[{"embeddable":true,"href":"https:\/\/butxacatv.com\/es\/wp-json\/wp\/v2\/users\/2"}],"replies":[{"embeddable":true,"href":"https:\/\/butxacatv.com\/es\/wp-json\/wp\/v2\/comments?post=2370"}],"version-history":[{"count":2,"href":"https:\/\/butxacatv.com\/es\/wp-json\/wp\/v2\/posts\/2370\/revisions"}],"predecessor-version":[{"id":2379,"href":"https:\/\/butxacatv.com\/es\/wp-json\/wp\/v2\/posts\/2370\/revisions\/2379"}],"wp:featuredmedia":[{"embeddable":true,"href":"https:\/\/butxacatv.com\/es\/wp-json\/wp\/v2\/media\/2180"}],"wp:attachment":[{"href":"https:\/\/butxacatv.com\/es\/wp-json\/wp\/v2\/media?parent=2370"}],"wp:term":[{"taxonomy":"category","embeddable":true,"href":"https:\/\/butxacatv.com\/es\/wp-json\/wp\/v2\/categories?post=2370"},{"taxonomy":"post_tag","embeddable":true,"href":"https:\/\/butxacatv.com\/es\/wp-json\/wp\/v2\/tags?post=2370"}],"curies":[{"name":"wp","href":"https:\/\/api.w.org\/{rel}","templated":true}]}}