{"id":1619,"date":"2020-12-09T08:00:34","date_gmt":"2020-12-09T07:00:34","guid":{"rendered":"https:\/\/butxacatv.com\/cursos-formatius-unitat-compromis-social-udg-videos-promocionals\/"},"modified":"2021-08-16T10:40:27","modified_gmt":"2021-08-16T08:40:27","slug":"cursos-formatius-unitat-compromis-social-udg-videos-promocionals","status":"publish","type":"post","link":"https:\/\/butxacatv.com\/es\/cursos-formatius-unitat-compromis-social-udg-videos-promocionals\/","title":{"rendered":"Cursos formativos de la Unidad de Compromiso Social de la UdG (v\u00eddeos promocionales 1\u00ba semestre)"},"content":{"rendered":"\n<style type=\"text\/css\" data-created_by=\"avia_inline_auto\" id=\"style-css-av-os770-79a3a0cf093f9b420891384cf07e7057\">\n.flex_column.av-os770-79a3a0cf093f9b420891384cf07e7057{\n-webkit-border-radius:0px 0px 0px 0px;\n-moz-border-radius:0px 0px 0px 0px;\nborder-radius:0px 0px 0px 0px;\npadding:0px 0px 0px 0px;\n}\n<\/style>\n<div  class='flex_column av-os770-79a3a0cf093f9b420891384cf07e7057 av_one_half  avia-builder-el-0  el_before_av_textblock  avia-builder-el-first  first flex_column_div av-zero-column-padding  '     ><div  class='avia-slideshow av-kiu1o1nu-4da0895a027ba3b514e3c9e54b7d0d13 avia-slideshow-medium av_slideshow avia-slide-slider  avia-builder-el-1  avia-builder-el-no-sibling  av-slideshow-ui av-control-default av-slideshow-autoplay av-loop-endless av-loop-manual-endless av-default-height-applied avia-slideshow-1' data-slideshow-options=\"{&quot;animation&quot;:&quot;slide&quot;,&quot;autoplay&quot;:true,&quot;loop_autoplay&quot;:&quot;endless&quot;,&quot;interval&quot;:5,&quot;loop_manual&quot;:&quot;manual-endless&quot;,&quot;autoplay_stopper&quot;:false,&quot;noNavigation&quot;:false,&quot;bg_slider&quot;:false,&quot;keep_padding&quot;:false,&quot;hoverpause&quot;:false,&quot;show_slide_delay&quot;:0}\"  itemprop=\"image\" itemscope=\"itemscope\" itemtype=\"https:\/\/schema.org\/ImageObject\" ><ul class='avia-slideshow-inner ' style='padding-bottom: 100%;'><li  class='avia-slideshow-slide av-kiu1o1nu-4da0895a027ba3b514e3c9e54b7d0d13__0  av-single-slide slide-1 slide-odd'><div data-rel='slideshow-1' class='avia-slide-wrap '   ><img decoding=\"async\" class=\"wp-image-1129 avia-img-lazy-loading-not-1129\"  src=\"https:\/\/butxacatv.com\/wp-content\/uploads\/2020\/12\/unitat-de-compromis-social-udg-300x300.jpg\" width=\"300\" height=\"300\" title='unitat de compromis social udg' alt=''  itemprop=\"thumbnailUrl\" srcset=\"https:\/\/butxacatv.com\/wp-content\/uploads\/2020\/12\/unitat-de-compromis-social-udg-300x300.jpg 300w, https:\/\/butxacatv.com\/wp-content\/uploads\/2020\/12\/unitat-de-compromis-social-udg-100x100.jpg 100w, https:\/\/butxacatv.com\/wp-content\/uploads\/2020\/12\/unitat-de-compromis-social-udg-80x80.jpg 80w, https:\/\/butxacatv.com\/wp-content\/uploads\/2020\/12\/unitat-de-compromis-social-udg-36x36.jpg 36w, https:\/\/butxacatv.com\/wp-content\/uploads\/2020\/12\/unitat-de-compromis-social-udg-180x180.jpg 180w, https:\/\/butxacatv.com\/wp-content\/uploads\/2020\/12\/unitat-de-compromis-social-udg.jpg 600w\" sizes=\"(max-width: 300px) 100vw, 300px\" \/><\/div><\/li><\/ul><\/div><\/div>\n<section  class='av_textblock_section av-kknzvjel-b802fc5789ebec689a2936416989a59f '   itemscope=\"itemscope\" itemtype=\"https:\/\/schema.org\/BlogPosting\" itemprop=\"blogPost\" ><div class='avia_textblock'  itemprop=\"text\" ><p><strong>Empresa \/ entidad organizadora:<\/strong> Unidad de Compromiso Social (UCS) de la Universidad de Girona (UdG)<\/p>\n<p>V\u00eddeos promocionales de los cursos formativos del primer semestre 2020-2021 de la UCS:<\/p>\n<\/div><\/section>\n<div  class='hr av-10lc2y-391a9f82202b25fadc2e1720e425e509 hr-default  avia-builder-el-3  el_after_av_textblock  el_before_av_textblock '><span class='hr-inner '><span class=\"hr-inner-style\"><\/span><\/span><\/div>\n<section  class='av_textblock_section av-kknzysbv-89a0dfd75842aba8371a1f91fe5fcb84 '   itemscope=\"itemscope\" itemtype=\"https:\/\/schema.org\/BlogPosting\" itemprop=\"blogPost\" ><div class='avia_textblock'  itemprop=\"text\" ><p><strong>Curs Endinsa&#8217;t al Comprom\u00eds Social de la UdG<\/strong><\/p>\n<\/div><\/section>\n<div  class='avia-video av-kknzzq8q-445d5d6e37d66001669aa28177506557 avia-video-16-9 av-no-preview-image avia-video-load-always av-lazyload-immediate av-lazyload-video-embed'  itemprop=\"video\" itemtype=\"https:\/\/schema.org\/VideoObject\"  data-original_url='https:\/\/www.youtube.com\/watch?v=CVmCWE2nEnI'><script type='text\/html' class='av-video-tmpl'><div class='avia-iframe-wrap'><iframe title=\"Inscriu-te al curs &quot;Endinsa&#039;t al Comprom\u00eds Social de la UdG&quot;!\" width=\"1500\" height=\"844\" src=\"https:\/\/www.youtube.com\/embed\/CVmCWE2nEnI?feature=oembed&autoplay=0&loop=0&controls=1&mute=0\" frameborder=\"0\" allow=\"accelerometer; autoplay; clipboard-write; encrypted-media; gyroscope; picture-in-picture\" allowfullscreen><\/iframe><\/div><\/script><div class='av-click-to-play-overlay'><div class=\"avia_playpause_icon\"><\/div><\/div><\/div>\n<div  class='hr av-ye8uy-dcd1ac94dff1339530a352c05e2f1d6d hr-default  avia-builder-el-6  el_after_av_video  el_before_av_textblock '><span class='hr-inner '><span class=\"hr-inner-style\"><\/span><\/span><\/div>\n<section  class='av_textblock_section av-kko01fp8-b8ff4463aebf3975a1e73df39cb0d7a5 '   itemscope=\"itemscope\" itemtype=\"https:\/\/schema.org\/BlogPosting\" itemprop=\"blogPost\" ><div class='avia_textblock'  itemprop=\"text\" ><p><strong>Curs Introducci\u00f3 a l&#8217;Agenda de Desenvolupament Sostenible<\/strong><\/p>\n<h1 class=\"title style-scope ytd-video-primary-info-renderer\"><\/h1>\n<\/div><\/section>\n<div  class='avia-video av-kko01zvv-f82f2ef097d4f6e974d74036df1d69ab avia-video-16-9 av-no-preview-image avia-video-load-always av-lazyload-immediate av-lazyload-video-embed'  itemprop=\"video\" itemtype=\"https:\/\/schema.org\/VideoObject\"  data-original_url='https:\/\/www.youtube.com\/watch?v=JPFZbsCBMkE'><script type='text\/html' class='av-video-tmpl'><div class='avia-iframe-wrap'><iframe title=\"Inscriu-te al curs d&#039;Introducci\u00f3 a l&#039;Agenda de Desenvolupament Sostenible\" width=\"1500\" height=\"844\" src=\"https:\/\/www.youtube.com\/embed\/JPFZbsCBMkE?feature=oembed&autoplay=0&loop=0&controls=1&mute=0\" frameborder=\"0\" allow=\"accelerometer; autoplay; clipboard-write; encrypted-media; gyroscope; picture-in-picture\" allowfullscreen><\/iframe><\/div><\/script><div class='av-click-to-play-overlay'><div class=\"avia_playpause_icon\"><\/div><\/div><\/div>\n<div  class='hr av-qpjfu-ab5f9389eb08f8759afb592f2886b022 hr-default  avia-builder-el-9  el_after_av_video  el_before_av_textblock '><span class='hr-inner '><span class=\"hr-inner-style\"><\/span><\/span><\/div>\n<section  class='av_textblock_section av-kko03f23-6615a0e3651bde3f8c866c6c688ba4f0 '   itemscope=\"itemscope\" itemtype=\"https:\/\/schema.org\/BlogPosting\" itemprop=\"blogPost\" ><div class='avia_textblock'  itemprop=\"text\" ><p><strong>Curs El dret a la mobilitat humana<\/strong><\/p>\n<h1 class=\"title style-scope ytd-video-primary-info-renderer\"><\/h1>\n<\/div><\/section>\n<div  class='avia-video av-kko03yao-3fa9af6c086a907ede388519ce448048 avia-video-16-9 av-no-preview-image avia-video-load-always av-lazyload-immediate av-lazyload-video-embed'  itemprop=\"video\" itemtype=\"https:\/\/schema.org\/VideoObject\"  data-original_url='https:\/\/www.youtube.com\/watch?v=ZAbU1dTUrWM'><script type='text\/html' class='av-video-tmpl'><div class='avia-iframe-wrap'><iframe title=\"Inscriu-te al curs &quot;El dret a la mobilitat humana&quot;\" width=\"1500\" height=\"844\" src=\"https:\/\/www.youtube.com\/embed\/ZAbU1dTUrWM?feature=oembed&autoplay=0&loop=0&controls=1&mute=0\" frameborder=\"0\" allow=\"accelerometer; autoplay; clipboard-write; encrypted-media; gyroscope; picture-in-picture\" allowfullscreen><\/iframe><\/div><\/script><div class='av-click-to-play-overlay'><div class=\"avia_playpause_icon\"><\/div><\/div><\/div>\n<div  class='hr av-ijwga-ed7b7c160f54a4a3b208a7cd5890f1b3 hr-default  avia-builder-el-12  el_after_av_video  el_before_av_textblock '><span class='hr-inner '><span class=\"hr-inner-style\"><\/span><\/span><\/div>\n<section  class='av_textblock_section av-kko05cp2-938057391481d21c13984b4be47861d2 '   itemscope=\"itemscope\" itemtype=\"https:\/\/schema.org\/BlogPosting\" itemprop=\"blogPost\" ><div class='avia_textblock'  itemprop=\"text\" ><p><strong>Curs Prevenci\u00f3 de conducta su\u00efcida: guardians de la salut mental<\/strong><\/p>\n<h1 class=\"title style-scope ytd-video-primary-info-renderer\"><\/h1>\n<\/div><\/section>\n<div  class='avia-video av-kko05u73-200edf06ae76b76df918f3f6907bbfdb avia-video-16-9 av-no-preview-image avia-video-load-always av-lazyload-immediate av-lazyload-video-embed'  itemprop=\"video\" itemtype=\"https:\/\/schema.org\/VideoObject\"  data-original_url='https:\/\/www.youtube.com\/watch?v=tkkHnTMsgyo'><script type='text\/html' class='av-video-tmpl'><div class='avia-iframe-wrap'><iframe title=\"Inscriu-te al curs &quot;Prevenci\u00f3 de conducta su\u00efcida: guardians de la salut mental&quot;\" width=\"1500\" height=\"844\" src=\"https:\/\/www.youtube.com\/embed\/tkkHnTMsgyo?feature=oembed&autoplay=0&loop=0&controls=1&mute=0\" frameborder=\"0\" allow=\"accelerometer; autoplay; clipboard-write; encrypted-media; gyroscope; picture-in-picture\" allowfullscreen><\/iframe><\/div><\/script><div class='av-click-to-play-overlay'><div class=\"avia_playpause_icon\"><\/div><\/div><\/div>\n<div  class='hr av-e0cc2-d539873ee2df2894e6a62371c30bc037 hr-default  avia-builder-el-15  el_after_av_video  el_before_av_textblock '><span class='hr-inner '><span class=\"hr-inner-style\"><\/span><\/span><\/div>\n<section  class='av_textblock_section av-kko08h5a-bdff05adaa69a958f348f8eb7c30a58d '   itemscope=\"itemscope\" itemtype=\"https:\/\/schema.org\/BlogPosting\" itemprop=\"blogPost\" ><div class='avia_textblock'  itemprop=\"text\" ><p><strong>Curs Gesti\u00f3 de respostes a emerg\u00e8ncies humanit\u00e0ries<\/strong><\/p>\n<h1 class=\"title style-scope ytd-video-primary-info-renderer\"><\/h1>\n<\/div><\/section>\n<div  class='avia-video av-kko090jh-cd8b6d94fd8c2a038d1b6d4e9921d998 avia-video-16-9 av-no-preview-image avia-video-load-always av-lazyload-immediate av-lazyload-video-embed'  itemprop=\"video\" itemtype=\"https:\/\/schema.org\/VideoObject\"  data-original_url='https:\/\/www.youtube.com\/watch?v=f0QyntnULKU'><script type='text\/html' class='av-video-tmpl'><div class='avia-iframe-wrap'><iframe title=\"Inscriu-te al curs &quot;Gesti\u00f3 de respostes a emerg\u00e8ncies humanit\u00e0ries&quot;\" width=\"1500\" height=\"844\" src=\"https:\/\/www.youtube.com\/embed\/f0QyntnULKU?feature=oembed&autoplay=0&loop=0&controls=1&mute=0\" frameborder=\"0\" allow=\"accelerometer; autoplay; clipboard-write; encrypted-media; gyroscope; picture-in-picture\" allowfullscreen><\/iframe><\/div><\/script><div class='av-click-to-play-overlay'><div class=\"avia_playpause_icon\"><\/div><\/div><\/div>\n<div  class='hr av-862w2-d3c4e358ac3344a3fd04da2a4fff88e6 hr-default  avia-builder-el-18  el_after_av_video  el_before_av_textblock '><span class='hr-inner '><span class=\"hr-inner-style\"><\/span><\/span><\/div>\n<section  class='av_textblock_section av-kko0aaqa-31705eca6b8bb6d8de6fe3972e9c4f7b '   itemscope=\"itemscope\" itemtype=\"https:\/\/schema.org\/BlogPosting\" itemprop=\"blogPost\" ><div class='avia_textblock'  itemprop=\"text\" ><p><strong>Curs Salutacci\u00f3 &#8211; Taula de Salut de Girona<\/strong><\/p>\n<h1 class=\"title style-scope ytd-video-primary-info-renderer\"><\/h1>\n<\/div><\/section>\n<div  class='avia-video av-kko0atk6-70903479128e8da49c40c9a24f4ed0c7 avia-video-16-9 av-no-preview-image avia-video-load-always av-lazyload-immediate av-lazyload-video-embed'  itemprop=\"video\" itemtype=\"https:\/\/schema.org\/VideoObject\"  data-original_url='https:\/\/www.youtube.com\/watch?v=F9kdIuhJ-2Q'><script type='text\/html' class='av-video-tmpl'><div class='avia-iframe-wrap'><iframe title=\"Inscriu-te al curs &quot;Salutacci\u00f3 - Taula de Salut de Girona&quot;\" width=\"1500\" height=\"844\" src=\"https:\/\/www.youtube.com\/embed\/F9kdIuhJ-2Q?feature=oembed&autoplay=0&loop=0&controls=1&mute=0\" frameborder=\"0\" allow=\"accelerometer; autoplay; clipboard-write; encrypted-media; gyroscope; picture-in-picture\" allowfullscreen><\/iframe><\/div><\/script><div class='av-click-to-play-overlay'><div class=\"avia_playpause_icon\"><\/div><\/div><\/div>\n","protected":false},"excerpt":{"rendered":"","protected":false},"author":2,"featured_media":1229,"comment_status":"closed","ping_status":"closed","sticky":false,"template":"","format":"standard","meta":[],"categories":[74,85],"tags":[36,37,30,40,128,38,41,130,131,42,132,44,35,134,43,31,33,34],"yoast_head":"<!-- This site is optimized with the Yoast SEO plugin v20.9 - https:\/\/yoast.com\/wordpress\/plugins\/seo\/ -->\n<title>Cursos formativos de la Unidad de Compromiso Social de la UdG (v\u00eddeos promocionales 1\u00ba semestre) - BUTXACA TV<\/title>\n<meta name=\"robots\" content=\"index, follow, max-snippet:-1, max-image-preview:large, max-video-preview:-1\" \/>\n<link rel=\"canonical\" href=\"https:\/\/butxacatv.com\/es\/cursos-formatius-unitat-compromis-social-udg-videos-promocionals\/\" \/>\n<meta property=\"og:locale\" content=\"es_ES\" \/>\n<meta property=\"og:type\" content=\"article\" \/>\n<meta property=\"og:title\" content=\"Cursos formativos de la Unidad de Compromiso Social de la UdG (v\u00eddeos promocionales 1\u00ba semestre) - BUTXACA TV\" \/>\n<meta property=\"og:url\" content=\"https:\/\/butxacatv.com\/es\/cursos-formatius-unitat-compromis-social-udg-videos-promocionals\/\" \/>\n<meta property=\"og:site_name\" content=\"BUTXACA TV\" \/>\n<meta property=\"article:publisher\" content=\"https:\/\/www.facebook.com\/Butxacatv\" \/>\n<meta property=\"article:published_time\" content=\"2020-12-09T07:00:34+00:00\" \/>\n<meta property=\"article:modified_time\" content=\"2021-08-16T08:40:27+00:00\" \/>\n<meta property=\"og:image\" content=\"https:\/\/butxacatv.com\/wp-content\/uploads\/2021\/02\/WhatsApp-Image-2021-02-03-at-11.49.48.jpeg\" \/>\n\t<meta property=\"og:image:width\" content=\"1600\" \/>\n\t<meta property=\"og:image:height\" content=\"900\" \/>\n\t<meta property=\"og:image:type\" content=\"image\/jpeg\" \/>\n<meta name=\"author\" content=\"bt-administrador\" \/>\n<meta name=\"twitter:label1\" content=\"Escrito por\" \/>\n\t<meta name=\"twitter:data1\" content=\"bt-administrador\" \/>\n\t<meta name=\"twitter:label2\" content=\"Tiempo de lectura\" \/>\n\t<meta name=\"twitter:data2\" content=\"6 minutos\" \/>\n<script type=\"application\/ld+json\" class=\"yoast-schema-graph\">{\"@context\":\"https:\/\/schema.org\",\"@graph\":[{\"@type\":\"WebPage\",\"@id\":\"https:\/\/butxacatv.com\/es\/cursos-formatius-unitat-compromis-social-udg-videos-promocionals\/\",\"url\":\"https:\/\/butxacatv.com\/es\/cursos-formatius-unitat-compromis-social-udg-videos-promocionals\/\",\"name\":\"Cursos formativos de la Unidad de Compromiso Social de la UdG (v\u00eddeos promocionales 1\u00ba semestre) - BUTXACA TV\",\"isPartOf\":{\"@id\":\"https:\/\/butxacatv.com\/#website\"},\"datePublished\":\"2020-12-09T07:00:34+00:00\",\"dateModified\":\"2021-08-16T08:40:27+00:00\",\"author\":{\"@id\":\"https:\/\/butxacatv.com\/#\/schema\/person\/a061863d3c344ba65b6fee2ef2a1a3ea\"},\"breadcrumb\":{\"@id\":\"https:\/\/butxacatv.com\/es\/cursos-formatius-unitat-compromis-social-udg-videos-promocionals\/#breadcrumb\"},\"inLanguage\":\"es\",\"potentialAction\":[{\"@type\":\"ReadAction\",\"target\":[\"https:\/\/butxacatv.com\/es\/cursos-formatius-unitat-compromis-social-udg-videos-promocionals\/\"]}]},{\"@type\":\"BreadcrumbList\",\"@id\":\"https:\/\/butxacatv.com\/es\/cursos-formatius-unitat-compromis-social-udg-videos-promocionals\/#breadcrumb\",\"itemListElement\":[{\"@type\":\"ListItem\",\"position\":1,\"name\":\"Portada\",\"item\":\"https:\/\/butxacatv.com\/es\/home\/\"},{\"@type\":\"ListItem\",\"position\":2,\"name\":\"Cursos formativos de la Unidad de Compromiso Social de la UdG (v\u00eddeos promocionales 1\u00ba semestre)\"}]},{\"@type\":\"WebSite\",\"@id\":\"https:\/\/butxacatv.com\/#website\",\"url\":\"https:\/\/butxacatv.com\/\",\"name\":\"BUTXACA TV\",\"description\":\"BUTXACA TV\",\"potentialAction\":[{\"@type\":\"SearchAction\",\"target\":{\"@type\":\"EntryPoint\",\"urlTemplate\":\"https:\/\/butxacatv.com\/?s={search_term_string}\"},\"query-input\":\"required name=search_term_string\"}],\"inLanguage\":\"es\"},{\"@type\":\"Person\",\"@id\":\"https:\/\/butxacatv.com\/#\/schema\/person\/a061863d3c344ba65b6fee2ef2a1a3ea\",\"name\":\"bt-administrador\",\"url\":\"https:\/\/butxacatv.com\/es\/author\/bt-administrador\/\"}]}<\/script>\n<!-- \/ Yoast SEO plugin. -->","yoast_head_json":{"title":"Cursos formativos de la Unidad de Compromiso Social de la UdG (v\u00eddeos promocionales 1\u00ba semestre) - BUTXACA TV","robots":{"index":"index","follow":"follow","max-snippet":"max-snippet:-1","max-image-preview":"max-image-preview:large","max-video-preview":"max-video-preview:-1"},"canonical":"https:\/\/butxacatv.com\/es\/cursos-formatius-unitat-compromis-social-udg-videos-promocionals\/","og_locale":"es_ES","og_type":"article","og_title":"Cursos formativos de la Unidad de Compromiso Social de la UdG (v\u00eddeos promocionales 1\u00ba semestre) - BUTXACA TV","og_url":"https:\/\/butxacatv.com\/es\/cursos-formatius-unitat-compromis-social-udg-videos-promocionals\/","og_site_name":"BUTXACA TV","article_publisher":"https:\/\/www.facebook.com\/Butxacatv","article_published_time":"2020-12-09T07:00:34+00:00","article_modified_time":"2021-08-16T08:40:27+00:00","og_image":[{"width":1600,"height":900,"url":"https:\/\/butxacatv.com\/wp-content\/uploads\/2021\/02\/WhatsApp-Image-2021-02-03-at-11.49.48.jpeg","type":"image\/jpeg"}],"author":"bt-administrador","twitter_misc":{"Escrito por":"bt-administrador","Tiempo de lectura":"6 minutos"},"schema":{"@context":"https:\/\/schema.org","@graph":[{"@type":"WebPage","@id":"https:\/\/butxacatv.com\/es\/cursos-formatius-unitat-compromis-social-udg-videos-promocionals\/","url":"https:\/\/butxacatv.com\/es\/cursos-formatius-unitat-compromis-social-udg-videos-promocionals\/","name":"Cursos formativos de la Unidad de Compromiso Social de la UdG (v\u00eddeos promocionales 1\u00ba semestre) - BUTXACA TV","isPartOf":{"@id":"https:\/\/butxacatv.com\/#website"},"datePublished":"2020-12-09T07:00:34+00:00","dateModified":"2021-08-16T08:40:27+00:00","author":{"@id":"https:\/\/butxacatv.com\/#\/schema\/person\/a061863d3c344ba65b6fee2ef2a1a3ea"},"breadcrumb":{"@id":"https:\/\/butxacatv.com\/es\/cursos-formatius-unitat-compromis-social-udg-videos-promocionals\/#breadcrumb"},"inLanguage":"es","potentialAction":[{"@type":"ReadAction","target":["https:\/\/butxacatv.com\/es\/cursos-formatius-unitat-compromis-social-udg-videos-promocionals\/"]}]},{"@type":"BreadcrumbList","@id":"https:\/\/butxacatv.com\/es\/cursos-formatius-unitat-compromis-social-udg-videos-promocionals\/#breadcrumb","itemListElement":[{"@type":"ListItem","position":1,"name":"Portada","item":"https:\/\/butxacatv.com\/es\/home\/"},{"@type":"ListItem","position":2,"name":"Cursos formativos de la Unidad de Compromiso Social de la UdG (v\u00eddeos promocionales 1\u00ba semestre)"}]},{"@type":"WebSite","@id":"https:\/\/butxacatv.com\/#website","url":"https:\/\/butxacatv.com\/","name":"BUTXACA TV","description":"BUTXACA TV","potentialAction":[{"@type":"SearchAction","target":{"@type":"EntryPoint","urlTemplate":"https:\/\/butxacatv.com\/?s={search_term_string}"},"query-input":"required name=search_term_string"}],"inLanguage":"es"},{"@type":"Person","@id":"https:\/\/butxacatv.com\/#\/schema\/person\/a061863d3c344ba65b6fee2ef2a1a3ea","name":"bt-administrador","url":"https:\/\/butxacatv.com\/es\/author\/bt-administrador\/"}]}},"_links":{"self":[{"href":"https:\/\/butxacatv.com\/es\/wp-json\/wp\/v2\/posts\/1619"}],"collection":[{"href":"https:\/\/butxacatv.com\/es\/wp-json\/wp\/v2\/posts"}],"about":[{"href":"https:\/\/butxacatv.com\/es\/wp-json\/wp\/v2\/types\/post"}],"author":[{"embeddable":true,"href":"https:\/\/butxacatv.com\/es\/wp-json\/wp\/v2\/users\/2"}],"replies":[{"embeddable":true,"href":"https:\/\/butxacatv.com\/es\/wp-json\/wp\/v2\/comments?post=1619"}],"version-history":[{"count":2,"href":"https:\/\/butxacatv.com\/es\/wp-json\/wp\/v2\/posts\/1619\/revisions"}],"predecessor-version":[{"id":2330,"href":"https:\/\/butxacatv.com\/es\/wp-json\/wp\/v2\/posts\/1619\/revisions\/2330"}],"wp:featuredmedia":[{"embeddable":true,"href":"https:\/\/butxacatv.com\/es\/wp-json\/wp\/v2\/media\/1229"}],"wp:attachment":[{"href":"https:\/\/butxacatv.com\/es\/wp-json\/wp\/v2\/media?parent=1619"}],"wp:term":[{"taxonomy":"category","embeddable":true,"href":"https:\/\/butxacatv.com\/es\/wp-json\/wp\/v2\/categories?post=1619"},{"taxonomy":"post_tag","embeddable":true,"href":"https:\/\/butxacatv.com\/es\/wp-json\/wp\/v2\/tags?post=1619"}],"curies":[{"name":"wp","href":"https:\/\/api.w.org\/{rel}","templated":true}]}}