{"id":1615,"date":"2020-12-09T10:15:00","date_gmt":"2020-12-09T09:15:00","guid":{"rendered":"https:\/\/butxacatv.com\/taules-rodones-dels-cursos-de-la-ucs-del-1r-semestre-20-21-2\/"},"modified":"2021-08-16T10:46:35","modified_gmt":"2021-08-16T08:46:35","slug":"taules-rodones-dels-cursos-de-la-ucs-del-1r-semestre-20-21-2","status":"publish","type":"post","link":"https:\/\/butxacatv.com\/es\/taules-rodones-dels-cursos-de-la-ucs-del-1r-semestre-20-21-2\/","title":{"rendered":"Mesas Redondas de los cursos de la UCS del 1er semestre 20\/21"},"content":{"rendered":"\n<style type=\"text\/css\" data-created_by=\"avia_inline_auto\" id=\"style-css-av-os770-79a3a0cf093f9b420891384cf07e7057\">\n.flex_column.av-os770-79a3a0cf093f9b420891384cf07e7057{\n-webkit-border-radius:0px 0px 0px 0px;\n-moz-border-radius:0px 0px 0px 0px;\nborder-radius:0px 0px 0px 0px;\npadding:0px 0px 0px 0px;\n}\n<\/style>\n<div  class='flex_column av-os770-79a3a0cf093f9b420891384cf07e7057 av_one_half  avia-builder-el-0  el_before_av_hr  avia-builder-el-first  first flex_column_div av-zero-column-padding  '     ><style type=\"text\/css\" data-created_by=\"avia_inline_auto\" id=\"style-css-av-kna4sppl-80106cc9b7bbd4650da5c93fad77992f\">\n.avia-image-container.av-kna4sppl-80106cc9b7bbd4650da5c93fad77992f img.avia_image{\nbox-shadow:none;\n}\n.avia-image-container.av-kna4sppl-80106cc9b7bbd4650da5c93fad77992f .av-image-caption-overlay-center{\ncolor:#ffffff;\n}\n<\/style>\n<div  class='avia-image-container av-kna4sppl-80106cc9b7bbd4650da5c93fad77992f av-styling- avia-align-left  avia-builder-el-1  avia-builder-el-no-sibling '   itemprop=\"image\" itemscope=\"itemscope\" itemtype=\"https:\/\/schema.org\/ImageObject\" ><div class=\"avia-image-container-inner\"><div class=\"avia-image-overlay-wrap\"><img decoding=\"async\" class='wp-image-1531 avia-img-lazy-loading-not-1531 avia_image ' src=\"https:\/\/butxacatv.com\/wp-content\/uploads\/2021\/04\/compromis-300x72.png\" alt='' title='compromis'  height=\"72\" width=\"300\"  itemprop=\"thumbnailUrl\" srcset=\"https:\/\/butxacatv.com\/wp-content\/uploads\/2021\/04\/compromis-300x72.png 300w, https:\/\/butxacatv.com\/wp-content\/uploads\/2021\/04\/compromis-768x185.png 768w, https:\/\/butxacatv.com\/wp-content\/uploads\/2021\/04\/compromis-705x170.png 705w, https:\/\/butxacatv.com\/wp-content\/uploads\/2021\/04\/compromis-600x144.png 600w, https:\/\/butxacatv.com\/wp-content\/uploads\/2021\/04\/compromis.png 864w\" sizes=\"(max-width: 300px) 100vw, 300px\" \/><\/div><\/div><\/div><\/div>\n<div  class='hr av-h06y4-fa4b857b0f5fb3f13520d1109ac63a4b hr-default  avia-builder-el-2  el_after_av_one_half  el_before_av_one_full '><span class='hr-inner '><span class=\"hr-inner-style\"><\/span><\/span><\/div>\n\n<style type=\"text\/css\" data-created_by=\"avia_inline_auto\" id=\"style-css-av-7lrb0-21c9a430b1b14d0e539ae73db21fdaa3\">\n.flex_column.av-7lrb0-21c9a430b1b14d0e539ae73db21fdaa3{\n-webkit-border-radius:0px 0px 0px 0px;\n-moz-border-radius:0px 0px 0px 0px;\nborder-radius:0px 0px 0px 0px;\npadding:0px 0px 0px 0px;\n}\n<\/style>\n<div  class='flex_column av-7lrb0-21c9a430b1b14d0e539ae73db21fdaa3 av_one_full  avia-builder-el-3  el_after_av_hr  el_before_av_video  first flex_column_div av-zero-column-padding  '     ><p><section  class='av_textblock_section av-kiu1qydl-ee7ee6eed9e2ad5c1930ba46c56b00be '   itemscope=\"itemscope\" itemtype=\"https:\/\/schema.org\/BlogPosting\" itemprop=\"blogPost\" ><div class='avia_textblock'  itemprop=\"text\" ><p><strong>Empresa \/ entidad organizadora:<\/strong> Unidad de Compromiso Social (UdG)<\/p>\n<p>Const\u00f3 de cinco programas:<\/p>\n<ul>\n<li><a href=\"#compromis\"><strong>Ad\u00e9ntrate en el Compromiso Social de la UdG<\/strong><\/a> (19 NOV)<\/li>\n<li><a href=\"#mobilitat\"><strong>El derecho a la movilidad humana<\/strong><\/a> (26 NOV)<\/li>\n<li><a href=\"#emergencies\"><strong>Gesti\u00f3n de respuestas a emergencias humanitarias<\/strong><\/a> (3 DIC)<\/li>\n<li><a href=\"#conducta\"><strong>Prevenci\u00f3n de la conducta suicida<\/strong><\/a> (9DIC)<\/li>\n<li><a href=\"#salutaccio\"><strong>Salutacci\u00f3 &#8211; Mesa de Salud de Girona<\/strong><\/a> (17DIC)<\/li>\n<\/ul>\n<\/div><\/section><br \/>\n<div  class='hr av-790z0-52f809f2c9dfc160d64055abf30b1977 hr-default  avia-builder-el-5  el_after_av_textblock  el_before_av_textblock '><span class='hr-inner '><span class=\"hr-inner-style\"><\/span><\/span><\/div><br \/>\n<section  class='av_textblock_section av-kne9y4oe-97d7a0a4784ddd94ed071f3af013713d '   itemscope=\"itemscope\" itemtype=\"https:\/\/schema.org\/BlogPosting\" itemprop=\"blogPost\" ><div class='avia_textblock'  itemprop=\"text\" ><p>Mesas redondas en directo por los canales YouTube y Facebook de la Unidad de Compromiso Social de la UdG. Con la participaci\u00f3n de los ponentes que han participado en las p\u00edldoras de los cursos formativos, con el objetivo de que los universitarios inscritos puedan interactuar con los ponentes a trav\u00e9s de los chats y resolver dudas.<\/p>\n<\/div><\/section><br \/>\n<div  class='hr av-790z0-52f809f2c9dfc160d64055abf30b1977 hr-default  avia-builder-el-7  el_after_av_textblock  avia-builder-el-last '><span class='hr-inner '><span class=\"hr-inner-style\"><\/span><\/span><\/div><\/p><\/div><div  id=\"compromis\"  class='avia-video av-kiu21m86-69402b278ebd07c0683447982daf18c6 avia-video-16-9 av-no-preview-image avia-video-load-always av-lazyload-immediate av-lazyload-video-embed'  itemprop=\"video\" itemtype=\"https:\/\/schema.org\/VideoObject\"  data-original_url='https:\/\/www.youtube.com\/watch?v=9-HaEJdTEM0&amp;t=3s&amp;ab_channel=UdGComprom%C3%ADs'><script type='text\/html' class='av-video-tmpl'><div class='avia-iframe-wrap'><iframe title=\"? Taula rodona: Endinsa&#039;t al Comprom\u00eds Social de la UdG\" width=\"1500\" height=\"844\" src=\"https:\/\/www.youtube.com\/embed\/9-HaEJdTEM0?start=3&feature=oembed&autoplay=0&loop=0&controls=1&mute=0\" frameborder=\"0\" allow=\"accelerometer; autoplay; clipboard-write; encrypted-media; gyroscope; picture-in-picture\" allowfullscreen><\/iframe><\/div><\/script><div class='av-click-to-play-overlay'><div class=\"avia_playpause_icon\"><\/div><\/div><\/div><\/p>\n<div  id=\"mobilitat\"  class='avia-video av-kiu21m86-a235eda7a6f9f7c2b192594aaaa99193 avia-video-16-9 av-no-preview-image avia-video-load-always av-lazyload-immediate av-lazyload-video-embed'  itemprop=\"video\" itemtype=\"https:\/\/schema.org\/VideoObject\"  data-original_url='https:\/\/www.youtube.com\/watch?v=ITocnoOSfZo&amp;ab_channel=UdGComprom%C3%ADs'><script type='text\/html' class='av-video-tmpl'><div class='avia-iframe-wrap'><iframe title=\"? Taula rodona: El dret a la mobilitat humana\" width=\"1500\" height=\"844\" src=\"https:\/\/www.youtube.com\/embed\/ITocnoOSfZo?feature=oembed&autoplay=0&loop=0&controls=1&mute=0\" frameborder=\"0\" allow=\"accelerometer; autoplay; clipboard-write; encrypted-media; gyroscope; picture-in-picture\" allowfullscreen><\/iframe><\/div><\/script><div class='av-click-to-play-overlay'><div class=\"avia_playpause_icon\"><\/div><\/div><\/div>\n<div  id=\"emergencies\"  class='avia-video av-kiu21m86-fb0ed1cffe8bc0ec8b57a44aa49abace avia-video-16-9 av-no-preview-image avia-video-load-always av-lazyload-immediate av-lazyload-video-embed'  itemprop=\"video\" itemtype=\"https:\/\/schema.org\/VideoObject\"  data-original_url='https:\/\/www.youtube.com\/watch?v=MNTFEhAAnwY&amp;ab_channel=UdGComprom%C3%ADs'><script type='text\/html' class='av-video-tmpl'><div class='avia-iframe-wrap'><iframe title=\"? Taula rodona: Gesti\u00f3 de respostes a emerg\u00e8ncies humanit\u00e0ries\" width=\"1500\" height=\"844\" src=\"https:\/\/www.youtube.com\/embed\/MNTFEhAAnwY?feature=oembed&autoplay=0&loop=0&controls=1&mute=0\" frameborder=\"0\" allow=\"accelerometer; autoplay; clipboard-write; encrypted-media; gyroscope; picture-in-picture\" allowfullscreen><\/iframe><\/div><\/script><div class='av-click-to-play-overlay'><div class=\"avia_playpause_icon\"><\/div><\/div><\/div>\n<div  id=\"conducta\"  class='avia-video av-kiu21m86-3b661f32398f005ab7bbd8a347007f6e avia-video-16-9 av-no-preview-image avia-video-load-always av-lazyload-immediate av-lazyload-video-embed'  itemprop=\"video\" itemtype=\"https:\/\/schema.org\/VideoObject\"  data-original_url='https:\/\/www.youtube.com\/watch?v=Yhu3hZ8F7bE'><script type='text\/html' class='av-video-tmpl'><div class='avia-iframe-wrap'><iframe title=\"? Taula rodona: Prevenci\u00f3 de la conducta su\u00efcida\" width=\"1500\" height=\"844\" src=\"https:\/\/www.youtube.com\/embed\/Yhu3hZ8F7bE?feature=oembed&autoplay=0&loop=0&controls=1&mute=0\" frameborder=\"0\" allow=\"accelerometer; autoplay; clipboard-write; encrypted-media; gyroscope; picture-in-picture\" allowfullscreen><\/iframe><\/div><\/script><div class='av-click-to-play-overlay'><div class=\"avia_playpause_icon\"><\/div><\/div><\/div>\n<div  id=\"salutaccio\"  class='avia-video av-kiu21m86-c04197981a694fff6ca65d8ad3cac989 avia-video-16-9 av-no-preview-image avia-video-load-always av-lazyload-immediate av-lazyload-video-embed'  itemprop=\"video\" itemtype=\"https:\/\/schema.org\/VideoObject\"  data-original_url='https:\/\/www.youtube.com\/watch?v=fMQSwASExYA'><script type='text\/html' class='av-video-tmpl'><div class='avia-iframe-wrap'><iframe title=\"? Taula rodona: Salutacci\u00f3 - Taula de Salut de Girona\" width=\"1500\" height=\"844\" src=\"https:\/\/www.youtube.com\/embed\/fMQSwASExYA?feature=oembed&autoplay=0&loop=0&controls=1&mute=0\" frameborder=\"0\" allow=\"accelerometer; autoplay; clipboard-write; encrypted-media; gyroscope; picture-in-picture\" allowfullscreen><\/iframe><\/div><\/script><div class='av-click-to-play-overlay'><div class=\"avia_playpause_icon\"><\/div><\/div><\/div>\n","protected":false},"excerpt":{"rendered":"","protected":false},"author":2,"featured_media":1197,"comment_status":"closed","ping_status":"closed","sticky":false,"template":"","format":"standard","meta":[],"categories":[74,75,76],"tags":[],"yoast_head":"<!-- This site is optimized with the Yoast SEO plugin v20.9 - https:\/\/yoast.com\/wordpress\/plugins\/seo\/ -->\n<title>Mesas Redondas de los cursos de la UCS del 1er semestre 20\/21 - BUTXACA TV<\/title>\n<meta name=\"robots\" content=\"index, follow, max-snippet:-1, max-image-preview:large, max-video-preview:-1\" \/>\n<link rel=\"canonical\" href=\"https:\/\/butxacatv.com\/es\/taules-rodones-dels-cursos-de-la-ucs-del-1r-semestre-20-21-2\/\" \/>\n<meta property=\"og:locale\" content=\"es_ES\" \/>\n<meta property=\"og:type\" content=\"article\" \/>\n<meta property=\"og:title\" content=\"Mesas Redondas de los cursos de la UCS del 1er semestre 20\/21 - BUTXACA TV\" \/>\n<meta property=\"og:url\" content=\"https:\/\/butxacatv.com\/es\/taules-rodones-dels-cursos-de-la-ucs-del-1r-semestre-20-21-2\/\" \/>\n<meta property=\"og:site_name\" content=\"BUTXACA TV\" \/>\n<meta property=\"article:publisher\" content=\"https:\/\/www.facebook.com\/Butxacatv\" \/>\n<meta property=\"article:published_time\" content=\"2020-12-09T09:15:00+00:00\" \/>\n<meta property=\"article:modified_time\" content=\"2021-08-16T08:46:35+00:00\" \/>\n<meta property=\"og:image\" content=\"https:\/\/butxacatv.com\/wp-content\/uploads\/2020\/12\/Taula-rodona-UCS-UdG-10-Des-OK.jpg\" \/>\n\t<meta property=\"og:image:width\" content=\"1280\" \/>\n\t<meta property=\"og:image:height\" content=\"720\" \/>\n\t<meta property=\"og:image:type\" content=\"image\/jpeg\" \/>\n<meta name=\"author\" content=\"bt-administrador\" \/>\n<meta name=\"twitter:label1\" content=\"Escrito por\" \/>\n\t<meta name=\"twitter:data1\" content=\"bt-administrador\" \/>\n\t<meta name=\"twitter:label2\" content=\"Tiempo de lectura\" \/>\n\t<meta name=\"twitter:data2\" content=\"4 minutos\" \/>\n<script type=\"application\/ld+json\" class=\"yoast-schema-graph\">{\"@context\":\"https:\/\/schema.org\",\"@graph\":[{\"@type\":\"WebPage\",\"@id\":\"https:\/\/butxacatv.com\/es\/taules-rodones-dels-cursos-de-la-ucs-del-1r-semestre-20-21-2\/\",\"url\":\"https:\/\/butxacatv.com\/es\/taules-rodones-dels-cursos-de-la-ucs-del-1r-semestre-20-21-2\/\",\"name\":\"Mesas Redondas de los cursos de la UCS del 1er semestre 20\/21 - BUTXACA TV\",\"isPartOf\":{\"@id\":\"https:\/\/butxacatv.com\/#website\"},\"datePublished\":\"2020-12-09T09:15:00+00:00\",\"dateModified\":\"2021-08-16T08:46:35+00:00\",\"author\":{\"@id\":\"https:\/\/butxacatv.com\/#\/schema\/person\/a061863d3c344ba65b6fee2ef2a1a3ea\"},\"breadcrumb\":{\"@id\":\"https:\/\/butxacatv.com\/es\/taules-rodones-dels-cursos-de-la-ucs-del-1r-semestre-20-21-2\/#breadcrumb\"},\"inLanguage\":\"es\",\"potentialAction\":[{\"@type\":\"ReadAction\",\"target\":[\"https:\/\/butxacatv.com\/es\/taules-rodones-dels-cursos-de-la-ucs-del-1r-semestre-20-21-2\/\"]}]},{\"@type\":\"BreadcrumbList\",\"@id\":\"https:\/\/butxacatv.com\/es\/taules-rodones-dels-cursos-de-la-ucs-del-1r-semestre-20-21-2\/#breadcrumb\",\"itemListElement\":[{\"@type\":\"ListItem\",\"position\":1,\"name\":\"Portada\",\"item\":\"https:\/\/butxacatv.com\/es\/home\/\"},{\"@type\":\"ListItem\",\"position\":2,\"name\":\"Mesas Redondas de los cursos de la UCS del 1er semestre 20\/21\"}]},{\"@type\":\"WebSite\",\"@id\":\"https:\/\/butxacatv.com\/#website\",\"url\":\"https:\/\/butxacatv.com\/\",\"name\":\"BUTXACA TV\",\"description\":\"BUTXACA TV\",\"potentialAction\":[{\"@type\":\"SearchAction\",\"target\":{\"@type\":\"EntryPoint\",\"urlTemplate\":\"https:\/\/butxacatv.com\/?s={search_term_string}\"},\"query-input\":\"required name=search_term_string\"}],\"inLanguage\":\"es\"},{\"@type\":\"Person\",\"@id\":\"https:\/\/butxacatv.com\/#\/schema\/person\/a061863d3c344ba65b6fee2ef2a1a3ea\",\"name\":\"bt-administrador\",\"url\":\"https:\/\/butxacatv.com\/es\/author\/bt-administrador\/\"}]}<\/script>\n<!-- \/ Yoast SEO plugin. -->","yoast_head_json":{"title":"Mesas Redondas de los cursos de la UCS del 1er semestre 20\/21 - BUTXACA TV","robots":{"index":"index","follow":"follow","max-snippet":"max-snippet:-1","max-image-preview":"max-image-preview:large","max-video-preview":"max-video-preview:-1"},"canonical":"https:\/\/butxacatv.com\/es\/taules-rodones-dels-cursos-de-la-ucs-del-1r-semestre-20-21-2\/","og_locale":"es_ES","og_type":"article","og_title":"Mesas Redondas de los cursos de la UCS del 1er semestre 20\/21 - BUTXACA TV","og_url":"https:\/\/butxacatv.com\/es\/taules-rodones-dels-cursos-de-la-ucs-del-1r-semestre-20-21-2\/","og_site_name":"BUTXACA TV","article_publisher":"https:\/\/www.facebook.com\/Butxacatv","article_published_time":"2020-12-09T09:15:00+00:00","article_modified_time":"2021-08-16T08:46:35+00:00","og_image":[{"width":1280,"height":720,"url":"https:\/\/butxacatv.com\/wp-content\/uploads\/2020\/12\/Taula-rodona-UCS-UdG-10-Des-OK.jpg","type":"image\/jpeg"}],"author":"bt-administrador","twitter_misc":{"Escrito por":"bt-administrador","Tiempo de lectura":"4 minutos"},"schema":{"@context":"https:\/\/schema.org","@graph":[{"@type":"WebPage","@id":"https:\/\/butxacatv.com\/es\/taules-rodones-dels-cursos-de-la-ucs-del-1r-semestre-20-21-2\/","url":"https:\/\/butxacatv.com\/es\/taules-rodones-dels-cursos-de-la-ucs-del-1r-semestre-20-21-2\/","name":"Mesas Redondas de los cursos de la UCS del 1er semestre 20\/21 - BUTXACA TV","isPartOf":{"@id":"https:\/\/butxacatv.com\/#website"},"datePublished":"2020-12-09T09:15:00+00:00","dateModified":"2021-08-16T08:46:35+00:00","author":{"@id":"https:\/\/butxacatv.com\/#\/schema\/person\/a061863d3c344ba65b6fee2ef2a1a3ea"},"breadcrumb":{"@id":"https:\/\/butxacatv.com\/es\/taules-rodones-dels-cursos-de-la-ucs-del-1r-semestre-20-21-2\/#breadcrumb"},"inLanguage":"es","potentialAction":[{"@type":"ReadAction","target":["https:\/\/butxacatv.com\/es\/taules-rodones-dels-cursos-de-la-ucs-del-1r-semestre-20-21-2\/"]}]},{"@type":"BreadcrumbList","@id":"https:\/\/butxacatv.com\/es\/taules-rodones-dels-cursos-de-la-ucs-del-1r-semestre-20-21-2\/#breadcrumb","itemListElement":[{"@type":"ListItem","position":1,"name":"Portada","item":"https:\/\/butxacatv.com\/es\/home\/"},{"@type":"ListItem","position":2,"name":"Mesas Redondas de los cursos de la UCS del 1er semestre 20\/21"}]},{"@type":"WebSite","@id":"https:\/\/butxacatv.com\/#website","url":"https:\/\/butxacatv.com\/","name":"BUTXACA TV","description":"BUTXACA TV","potentialAction":[{"@type":"SearchAction","target":{"@type":"EntryPoint","urlTemplate":"https:\/\/butxacatv.com\/?s={search_term_string}"},"query-input":"required name=search_term_string"}],"inLanguage":"es"},{"@type":"Person","@id":"https:\/\/butxacatv.com\/#\/schema\/person\/a061863d3c344ba65b6fee2ef2a1a3ea","name":"bt-administrador","url":"https:\/\/butxacatv.com\/es\/author\/bt-administrador\/"}]}},"_links":{"self":[{"href":"https:\/\/butxacatv.com\/es\/wp-json\/wp\/v2\/posts\/1615"}],"collection":[{"href":"https:\/\/butxacatv.com\/es\/wp-json\/wp\/v2\/posts"}],"about":[{"href":"https:\/\/butxacatv.com\/es\/wp-json\/wp\/v2\/types\/post"}],"author":[{"embeddable":true,"href":"https:\/\/butxacatv.com\/es\/wp-json\/wp\/v2\/users\/2"}],"replies":[{"embeddable":true,"href":"https:\/\/butxacatv.com\/es\/wp-json\/wp\/v2\/comments?post=1615"}],"version-history":[{"count":4,"href":"https:\/\/butxacatv.com\/es\/wp-json\/wp\/v2\/posts\/1615\/revisions"}],"predecessor-version":[{"id":2335,"href":"https:\/\/butxacatv.com\/es\/wp-json\/wp\/v2\/posts\/1615\/revisions\/2335"}],"wp:featuredmedia":[{"embeddable":true,"href":"https:\/\/butxacatv.com\/es\/wp-json\/wp\/v2\/media\/1197"}],"wp:attachment":[{"href":"https:\/\/butxacatv.com\/es\/wp-json\/wp\/v2\/media?parent=1615"}],"wp:term":[{"taxonomy":"category","embeddable":true,"href":"https:\/\/butxacatv.com\/es\/wp-json\/wp\/v2\/categories?post=1615"},{"taxonomy":"post_tag","embeddable":true,"href":"https:\/\/butxacatv.com\/es\/wp-json\/wp\/v2\/tags?post=1615"}],"curies":[{"name":"wp","href":"https:\/\/api.w.org\/{rel}","templated":true}]}}