{"id":1568,"date":"2020-11-11T13:13:09","date_gmt":"2020-11-11T12:13:09","guid":{"rendered":"https:\/\/butxacatv.com\/?p=1568"},"modified":"2021-10-20T12:21:59","modified_gmt":"2021-10-20T10:21:59","slug":"presentacio-projecte-en-linia-del-calendari-de-lermita","status":"publish","type":"post","link":"https:\/\/butxacatv.com\/es\/presentacio-projecte-en-linia-del-calendari-de-lermita\/","title":{"rendered":"Presentaci\u00f3n proyecto en l\u00ednea del Calendario del Ermita\u00f1o"},"content":{"rendered":"\n<style type=\"text\/css\" data-created_by=\"avia_inline_auto\" id=\"style-css-av-os770-79a3a0cf093f9b420891384cf07e7057\">\n.flex_column.av-os770-79a3a0cf093f9b420891384cf07e7057{\n-webkit-border-radius:0px 0px 0px 0px;\n-moz-border-radius:0px 0px 0px 0px;\nborder-radius:0px 0px 0px 0px;\npadding:0px 0px 0px 0px;\n}\n<\/style>\n<div  class='flex_column av-os770-79a3a0cf093f9b420891384cf07e7057 av_one_half  avia-builder-el-0  el_before_av_hr  avia-builder-el-first  first flex_column_div av-zero-column-padding  '     ><style type=\"text\/css\" data-created_by=\"avia_inline_auto\" id=\"style-css-av-kuzb7noo-82b6989682ca780f36cdaf3fde8b7bd7\">\n.avia-image-container.av-kuzb7noo-82b6989682ca780f36cdaf3fde8b7bd7 img.avia_image{\nbox-shadow:none;\n}\n.avia-image-container.av-kuzb7noo-82b6989682ca780f36cdaf3fde8b7bd7 .av-image-caption-overlay-center{\ncolor:#ffffff;\n}\n<\/style>\n<div  class='avia-image-container av-kuzb7noo-82b6989682ca780f36cdaf3fde8b7bd7 av-styling- avia-align-left  avia-builder-el-1  avia-builder-el-no-sibling '   itemprop=\"image\" itemscope=\"itemscope\" itemtype=\"https:\/\/schema.org\/ImageObject\" ><div class=\"avia-image-container-inner\"><div class=\"avia-image-overlay-wrap\"><img decoding=\"async\" class='wp-image-1397 avia-img-lazy-loading-not-1397 avia_image ' src=\"https:\/\/butxacatv.com\/wp-content\/uploads\/2021\/02\/Logo-Web-Calendari-300x300.jpg\" alt='' title='Logo Web Calendari'  height=\"300\" width=\"300\"  itemprop=\"thumbnailUrl\" srcset=\"https:\/\/butxacatv.com\/wp-content\/uploads\/2021\/02\/Logo-Web-Calendari-300x300.jpg 300w, https:\/\/butxacatv.com\/wp-content\/uploads\/2021\/02\/Logo-Web-Calendari-100x100.jpg 100w, https:\/\/butxacatv.com\/wp-content\/uploads\/2021\/02\/Logo-Web-Calendari-80x80.jpg 80w, https:\/\/butxacatv.com\/wp-content\/uploads\/2021\/02\/Logo-Web-Calendari-36x36.jpg 36w, https:\/\/butxacatv.com\/wp-content\/uploads\/2021\/02\/Logo-Web-Calendari-180x180.jpg 180w, https:\/\/butxacatv.com\/wp-content\/uploads\/2021\/02\/Logo-Web-Calendari.jpg 400w\" sizes=\"(max-width: 300px) 100vw, 300px\" \/><\/div><\/div><\/div><\/div>\n<div  class='hr av-av_hr-7bacd336e8c7b574fdeac16e430feaa5 hr-default  avia-builder-el-2  el_after_av_one_half  el_before_av_textblock '><span class='hr-inner '><span class=\"hr-inner-style\"><\/span><\/span><\/div>\n<section  class='av_textblock_section av-kl24iv0g-b6ebcebccb1303530cb2eb3da5c884df '   itemscope=\"itemscope\" itemtype=\"https:\/\/schema.org\/BlogPosting\" itemprop=\"blogPost\" ><div class='avia_textblock'  itemprop=\"text\" ><p><strong>Empresa\/entidad organizadora:<\/strong> Calendario del Ermita\u00f1o<\/p>\n<p>Presentaci\u00f3n online del Calendario del Ermita\u00f1o 2021 con formato mesa redonda.<\/p>\n<p><strong>En tiempos de pandemias, el calendario para seguir el ritmo de la naturaleza<\/strong>. Calendario <strong>catal\u00e1n hist\u00f3rico<\/strong>, con <strong>146 a\u00f1os<\/strong> de recorrido. Herramienta muy <strong>\u00fatil y vers\u00e1til<\/strong> para cualquier clase de persona, con m\u00e1s motivo dada la <strong>situaci\u00f3n social y econ\u00f3mica<\/strong> que estamos viviendo.<\/p>\n<\/div><\/section>\n<div  class='hr av-av_hr-7bacd336e8c7b574fdeac16e430feaa5 hr-default  avia-builder-el-4  el_after_av_textblock  el_before_av_video '><span class='hr-inner '><span class=\"hr-inner-style\"><\/span><\/span><\/div>\n<div  class='avia-video av-kl24kh65-1bbce3c63da702fe358e661f37c5c66c avia-video-16-9 av-no-preview-image avia-video-load-always av-lazyload-immediate av-lazyload-video-embed'  itemprop=\"video\" itemtype=\"https:\/\/schema.org\/VideoObject\"  data-original_url='https:\/\/www.youtube.com\/watch?v=WA-vKLpVewM'><script type='text\/html' class='av-video-tmpl'><div class='avia-iframe-wrap'><iframe title=\"? DIRECTE - 11 de Novembre 2020 - 18.15 h, Presentaci\u00f3 online del Calendari l&#039;ERMIT\u00c0 2021.\" width=\"1500\" height=\"844\" src=\"https:\/\/www.youtube.com\/embed\/WA-vKLpVewM?feature=oembed&autoplay=0&loop=0&controls=1&mute=0\" frameborder=\"0\" allow=\"accelerometer; autoplay; clipboard-write; encrypted-media; gyroscope; picture-in-picture\" allowfullscreen><\/iframe><\/div><\/script><div class='av-click-to-play-overlay'><div class=\"avia_playpause_icon\"><\/div><\/div><\/div>\n","protected":false},"excerpt":{"rendered":"","protected":false},"author":2,"featured_media":1401,"comment_status":"closed","ping_status":"closed","sticky":false,"template":"","format":"standard","meta":[],"categories":[75,76,84],"tags":[],"yoast_head":"<!-- This site is optimized with the Yoast SEO plugin v20.9 - https:\/\/yoast.com\/wordpress\/plugins\/seo\/ -->\n<title>Presentaci\u00f3n proyecto en l\u00ednea del Calendario del Ermita\u00f1o - BUTXACA TV<\/title>\n<meta name=\"robots\" content=\"index, follow, max-snippet:-1, max-image-preview:large, max-video-preview:-1\" \/>\n<link rel=\"canonical\" href=\"https:\/\/butxacatv.com\/es\/presentacio-projecte-en-linia-del-calendari-de-lermita\/\" \/>\n<meta property=\"og:locale\" content=\"es_ES\" \/>\n<meta property=\"og:type\" content=\"article\" \/>\n<meta property=\"og:title\" content=\"Presentaci\u00f3n proyecto en l\u00ednea del Calendario del Ermita\u00f1o - BUTXACA TV\" \/>\n<meta property=\"og:url\" content=\"https:\/\/butxacatv.com\/es\/presentacio-projecte-en-linia-del-calendari-de-lermita\/\" \/>\n<meta property=\"og:site_name\" content=\"BUTXACA TV\" \/>\n<meta property=\"article:publisher\" content=\"https:\/\/www.facebook.com\/Butxacatv\" \/>\n<meta property=\"article:published_time\" content=\"2020-11-11T12:13:09+00:00\" \/>\n<meta property=\"article:modified_time\" content=\"2021-10-20T10:21:59+00:00\" \/>\n<meta property=\"og:image\" content=\"https:\/\/butxacatv.com\/wp-content\/uploads\/2021\/02\/Captura-de-pantalla-2021-02-12-a-las-11.17.12.png\" \/>\n\t<meta property=\"og:image:width\" content=\"1080\" \/>\n\t<meta property=\"og:image:height\" content=\"608\" \/>\n\t<meta property=\"og:image:type\" content=\"image\/png\" \/>\n<meta name=\"author\" content=\"bt-administrador\" \/>\n<meta name=\"twitter:label1\" content=\"Escrito por\" \/>\n\t<meta name=\"twitter:data1\" content=\"bt-administrador\" \/>\n\t<meta name=\"twitter:label2\" content=\"Tiempo de lectura\" \/>\n\t<meta name=\"twitter:data2\" content=\"2 minutos\" \/>\n<script type=\"application\/ld+json\" class=\"yoast-schema-graph\">{\"@context\":\"https:\/\/schema.org\",\"@graph\":[{\"@type\":\"WebPage\",\"@id\":\"https:\/\/butxacatv.com\/es\/presentacio-projecte-en-linia-del-calendari-de-lermita\/\",\"url\":\"https:\/\/butxacatv.com\/es\/presentacio-projecte-en-linia-del-calendari-de-lermita\/\",\"name\":\"Presentaci\u00f3n proyecto en l\u00ednea del Calendario del Ermita\u00f1o - BUTXACA TV\",\"isPartOf\":{\"@id\":\"https:\/\/butxacatv.com\/#website\"},\"datePublished\":\"2020-11-11T12:13:09+00:00\",\"dateModified\":\"2021-10-20T10:21:59+00:00\",\"author\":{\"@id\":\"https:\/\/butxacatv.com\/#\/schema\/person\/a061863d3c344ba65b6fee2ef2a1a3ea\"},\"breadcrumb\":{\"@id\":\"https:\/\/butxacatv.com\/es\/presentacio-projecte-en-linia-del-calendari-de-lermita\/#breadcrumb\"},\"inLanguage\":\"es\",\"potentialAction\":[{\"@type\":\"ReadAction\",\"target\":[\"https:\/\/butxacatv.com\/es\/presentacio-projecte-en-linia-del-calendari-de-lermita\/\"]}]},{\"@type\":\"BreadcrumbList\",\"@id\":\"https:\/\/butxacatv.com\/es\/presentacio-projecte-en-linia-del-calendari-de-lermita\/#breadcrumb\",\"itemListElement\":[{\"@type\":\"ListItem\",\"position\":1,\"name\":\"Portada\",\"item\":\"https:\/\/butxacatv.com\/es\/home\/\"},{\"@type\":\"ListItem\",\"position\":2,\"name\":\"Presentaci\u00f3n proyecto en l\u00ednea del Calendario del Ermita\u00f1o\"}]},{\"@type\":\"WebSite\",\"@id\":\"https:\/\/butxacatv.com\/#website\",\"url\":\"https:\/\/butxacatv.com\/\",\"name\":\"BUTXACA TV\",\"description\":\"BUTXACA TV\",\"potentialAction\":[{\"@type\":\"SearchAction\",\"target\":{\"@type\":\"EntryPoint\",\"urlTemplate\":\"https:\/\/butxacatv.com\/?s={search_term_string}\"},\"query-input\":\"required name=search_term_string\"}],\"inLanguage\":\"es\"},{\"@type\":\"Person\",\"@id\":\"https:\/\/butxacatv.com\/#\/schema\/person\/a061863d3c344ba65b6fee2ef2a1a3ea\",\"name\":\"bt-administrador\",\"url\":\"https:\/\/butxacatv.com\/es\/author\/bt-administrador\/\"}]}<\/script>\n<!-- \/ Yoast SEO plugin. -->","yoast_head_json":{"title":"Presentaci\u00f3n proyecto en l\u00ednea del Calendario del Ermita\u00f1o - BUTXACA TV","robots":{"index":"index","follow":"follow","max-snippet":"max-snippet:-1","max-image-preview":"max-image-preview:large","max-video-preview":"max-video-preview:-1"},"canonical":"https:\/\/butxacatv.com\/es\/presentacio-projecte-en-linia-del-calendari-de-lermita\/","og_locale":"es_ES","og_type":"article","og_title":"Presentaci\u00f3n proyecto en l\u00ednea del Calendario del Ermita\u00f1o - BUTXACA TV","og_url":"https:\/\/butxacatv.com\/es\/presentacio-projecte-en-linia-del-calendari-de-lermita\/","og_site_name":"BUTXACA TV","article_publisher":"https:\/\/www.facebook.com\/Butxacatv","article_published_time":"2020-11-11T12:13:09+00:00","article_modified_time":"2021-10-20T10:21:59+00:00","og_image":[{"width":1080,"height":608,"url":"https:\/\/butxacatv.com\/wp-content\/uploads\/2021\/02\/Captura-de-pantalla-2021-02-12-a-las-11.17.12.png","type":"image\/png"}],"author":"bt-administrador","twitter_misc":{"Escrito por":"bt-administrador","Tiempo de lectura":"2 minutos"},"schema":{"@context":"https:\/\/schema.org","@graph":[{"@type":"WebPage","@id":"https:\/\/butxacatv.com\/es\/presentacio-projecte-en-linia-del-calendari-de-lermita\/","url":"https:\/\/butxacatv.com\/es\/presentacio-projecte-en-linia-del-calendari-de-lermita\/","name":"Presentaci\u00f3n proyecto en l\u00ednea del Calendario del Ermita\u00f1o - BUTXACA TV","isPartOf":{"@id":"https:\/\/butxacatv.com\/#website"},"datePublished":"2020-11-11T12:13:09+00:00","dateModified":"2021-10-20T10:21:59+00:00","author":{"@id":"https:\/\/butxacatv.com\/#\/schema\/person\/a061863d3c344ba65b6fee2ef2a1a3ea"},"breadcrumb":{"@id":"https:\/\/butxacatv.com\/es\/presentacio-projecte-en-linia-del-calendari-de-lermita\/#breadcrumb"},"inLanguage":"es","potentialAction":[{"@type":"ReadAction","target":["https:\/\/butxacatv.com\/es\/presentacio-projecte-en-linia-del-calendari-de-lermita\/"]}]},{"@type":"BreadcrumbList","@id":"https:\/\/butxacatv.com\/es\/presentacio-projecte-en-linia-del-calendari-de-lermita\/#breadcrumb","itemListElement":[{"@type":"ListItem","position":1,"name":"Portada","item":"https:\/\/butxacatv.com\/es\/home\/"},{"@type":"ListItem","position":2,"name":"Presentaci\u00f3n proyecto en l\u00ednea del Calendario del Ermita\u00f1o"}]},{"@type":"WebSite","@id":"https:\/\/butxacatv.com\/#website","url":"https:\/\/butxacatv.com\/","name":"BUTXACA TV","description":"BUTXACA TV","potentialAction":[{"@type":"SearchAction","target":{"@type":"EntryPoint","urlTemplate":"https:\/\/butxacatv.com\/?s={search_term_string}"},"query-input":"required name=search_term_string"}],"inLanguage":"es"},{"@type":"Person","@id":"https:\/\/butxacatv.com\/#\/schema\/person\/a061863d3c344ba65b6fee2ef2a1a3ea","name":"bt-administrador","url":"https:\/\/butxacatv.com\/es\/author\/bt-administrador\/"}]}},"_links":{"self":[{"href":"https:\/\/butxacatv.com\/es\/wp-json\/wp\/v2\/posts\/1568"}],"collection":[{"href":"https:\/\/butxacatv.com\/es\/wp-json\/wp\/v2\/posts"}],"about":[{"href":"https:\/\/butxacatv.com\/es\/wp-json\/wp\/v2\/types\/post"}],"author":[{"embeddable":true,"href":"https:\/\/butxacatv.com\/es\/wp-json\/wp\/v2\/users\/2"}],"replies":[{"embeddable":true,"href":"https:\/\/butxacatv.com\/es\/wp-json\/wp\/v2\/comments?post=1568"}],"version-history":[{"count":6,"href":"https:\/\/butxacatv.com\/es\/wp-json\/wp\/v2\/posts\/1568\/revisions"}],"predecessor-version":[{"id":2534,"href":"https:\/\/butxacatv.com\/es\/wp-json\/wp\/v2\/posts\/1568\/revisions\/2534"}],"wp:featuredmedia":[{"embeddable":true,"href":"https:\/\/butxacatv.com\/es\/wp-json\/wp\/v2\/media\/1401"}],"wp:attachment":[{"href":"https:\/\/butxacatv.com\/es\/wp-json\/wp\/v2\/media?parent=1568"}],"wp:term":[{"taxonomy":"category","embeddable":true,"href":"https:\/\/butxacatv.com\/es\/wp-json\/wp\/v2\/categories?post=1568"},{"taxonomy":"post_tag","embeddable":true,"href":"https:\/\/butxacatv.com\/es\/wp-json\/wp\/v2\/tags?post=1568"}],"curies":[{"name":"wp","href":"https:\/\/api.w.org\/{rel}","templated":true}]}}