{"id":1541,"date":"2021-03-30T12:28:51","date_gmt":"2021-03-30T10:28:51","guid":{"rendered":"https:\/\/butxacatv.com\/i-setmana-saludable-interuniversitaria-de-catalunya\/"},"modified":"2021-08-16T13:46:26","modified_gmt":"2021-08-16T11:46:26","slug":"i-setmana-saludable-interuniversitaria-de-catalunya","status":"publish","type":"post","link":"https:\/\/butxacatv.com\/es\/i-setmana-saludable-interuniversitaria-de-catalunya\/","title":{"rendered":"I Semana Saludable Interuniversitaria de Catalu\u00f1a"},"content":{"rendered":"\n<style type=\"text\/css\" data-created_by=\"avia_inline_auto\" id=\"style-css-av-1dysvk-0e244a25d4d63a6b54cd7527a5b7bb3f\">\n.flex_column.av-1dysvk-0e244a25d4d63a6b54cd7527a5b7bb3f{\n-webkit-border-radius:0px 0px 0px 0px;\n-moz-border-radius:0px 0px 0px 0px;\nborder-radius:0px 0px 0px 0px;\npadding:0px 0px 0px 0px;\n}\n<\/style>\n<div  class='flex_column av-1dysvk-0e244a25d4d63a6b54cd7527a5b7bb3f av_one_half  avia-builder-el-0  el_before_av_hr  avia-builder-el-first  first flex_column_div av-zero-column-padding  '     ><div  class='avia-slideshow av-kmvz1wcj-fb673e062a77714f7cf572b37d693d85 avia-slideshow-no scaling av_slideshow avia-slide-slider  avia-builder-el-1  avia-builder-el-no-sibling  av-slideshow-ui av-control-default av-slideshow-autoplay av-loop-endless av-loop-manual-endless av-default-height-applied avia-slideshow-1' data-slideshow-options=\"{&quot;animation&quot;:&quot;slide&quot;,&quot;autoplay&quot;:true,&quot;loop_autoplay&quot;:&quot;endless&quot;,&quot;interval&quot;:5,&quot;loop_manual&quot;:&quot;manual-endless&quot;,&quot;autoplay_stopper&quot;:false,&quot;noNavigation&quot;:false,&quot;bg_slider&quot;:false,&quot;keep_padding&quot;:false,&quot;hoverpause&quot;:false,&quot;show_slide_delay&quot;:0}\"  itemprop=\"image\" itemscope=\"itemscope\" itemtype=\"https:\/\/schema.org\/ImageObject\" ><ul class='avia-slideshow-inner ' style='padding-bottom: 38.834951456311%;'><li  class='avia-slideshow-slide av-kmvz1wcj-fb673e062a77714f7cf572b37d693d85__0  slide-1 slide-odd'><div data-rel='slideshow-1' class='avia-slide-wrap '   ><img decoding=\"async\" class=\"wp-image-1523 avia-img-lazy-loading-not-1523\"  src=\"https:\/\/butxacatv.com\/wp-content\/uploads\/2021\/03\/uscat-1.jpg\" width=\"927\" height=\"360\" title='uscat' alt=''  itemprop=\"thumbnailUrl\" srcset=\"https:\/\/butxacatv.com\/wp-content\/uploads\/2021\/03\/uscat-1.jpg 927w, https:\/\/butxacatv.com\/wp-content\/uploads\/2021\/03\/uscat-1-300x117.jpg 300w, https:\/\/butxacatv.com\/wp-content\/uploads\/2021\/03\/uscat-1-768x298.jpg 768w, https:\/\/butxacatv.com\/wp-content\/uploads\/2021\/03\/uscat-1-705x274.jpg 705w, https:\/\/butxacatv.com\/wp-content\/uploads\/2021\/03\/uscat-1-600x233.jpg 600w\" sizes=\"(max-width: 927px) 100vw, 927px\" \/><\/div><\/li><li  class='avia-slideshow-slide av-kmvz1wcj-fb673e062a77714f7cf572b37d693d85__1  slide-2 slide-even'><div data-rel='slideshow-1' class='avia-slide-wrap '   ><img decoding=\"async\" class=\"wp-image-1519 avia-img-lazy-loading-not-1519\"  src=\"https:\/\/butxacatv.com\/wp-content\/uploads\/2021\/03\/uof.jpg\" width=\"927\" height=\"360\" title='uof' alt=''  itemprop=\"thumbnailUrl\" srcset=\"https:\/\/butxacatv.com\/wp-content\/uploads\/2021\/03\/uof.jpg 927w, https:\/\/butxacatv.com\/wp-content\/uploads\/2021\/03\/uof-300x117.jpg 300w, https:\/\/butxacatv.com\/wp-content\/uploads\/2021\/03\/uof-768x298.jpg 768w, https:\/\/butxacatv.com\/wp-content\/uploads\/2021\/03\/uof-705x274.jpg 705w, https:\/\/butxacatv.com\/wp-content\/uploads\/2021\/03\/uof-600x233.jpg 600w\" sizes=\"(max-width: 927px) 100vw, 927px\" \/><\/div><\/li><li  class='avia-slideshow-slide av-kmvz1wcj-fb673e062a77714f7cf572b37d693d85__2  slide-3 slide-odd'><div data-rel='slideshow-1' class='avia-slide-wrap '   ><img decoding=\"async\" class=\"wp-image-1517 avia-img-lazy-loading-not-1517\"  src=\"https:\/\/butxacatv.com\/wp-content\/uploads\/2021\/03\/ub.jpg\" width=\"927\" height=\"360\" title='ub' alt=''  itemprop=\"thumbnailUrl\" srcset=\"https:\/\/butxacatv.com\/wp-content\/uploads\/2021\/03\/ub.jpg 927w, https:\/\/butxacatv.com\/wp-content\/uploads\/2021\/03\/ub-300x117.jpg 300w, https:\/\/butxacatv.com\/wp-content\/uploads\/2021\/03\/ub-768x298.jpg 768w, https:\/\/butxacatv.com\/wp-content\/uploads\/2021\/03\/ub-705x274.jpg 705w, https:\/\/butxacatv.com\/wp-content\/uploads\/2021\/03\/ub-600x233.jpg 600w\" sizes=\"(max-width: 927px) 100vw, 927px\" \/><\/div><\/li><li  class='avia-slideshow-slide av-kmvz1wcj-fb673e062a77714f7cf572b37d693d85__3  slide-4 slide-even'><div data-rel='slideshow-1' class='avia-slide-wrap '   ><img decoding=\"async\" class=\"wp-image-1515 avia-img-lazy-loading-not-1515\"  src=\"https:\/\/butxacatv.com\/wp-content\/uploads\/2021\/03\/uab.jpg\" width=\"927\" height=\"360\" title='uab' alt=''  itemprop=\"thumbnailUrl\" srcset=\"https:\/\/butxacatv.com\/wp-content\/uploads\/2021\/03\/uab.jpg 927w, https:\/\/butxacatv.com\/wp-content\/uploads\/2021\/03\/uab-300x117.jpg 300w, https:\/\/butxacatv.com\/wp-content\/uploads\/2021\/03\/uab-768x298.jpg 768w, https:\/\/butxacatv.com\/wp-content\/uploads\/2021\/03\/uab-705x274.jpg 705w, https:\/\/butxacatv.com\/wp-content\/uploads\/2021\/03\/uab-600x233.jpg 600w\" sizes=\"(max-width: 927px) 100vw, 927px\" \/><\/div><\/li><li  class='avia-slideshow-slide av-kmvz1wcj-fb673e062a77714f7cf572b37d693d85__4  slide-5 slide-odd'><div data-rel='slideshow-1' class='avia-slide-wrap '   ><img decoding=\"async\" class=\"wp-image-1513 avia-img-lazy-loading-not-1513\"  src=\"https:\/\/butxacatv.com\/wp-content\/uploads\/2021\/03\/logo-UOC-1.png\" width=\"927\" height=\"360\" title='logo UOC' alt=''  itemprop=\"thumbnailUrl\" srcset=\"https:\/\/butxacatv.com\/wp-content\/uploads\/2021\/03\/logo-UOC-1.png 927w, https:\/\/butxacatv.com\/wp-content\/uploads\/2021\/03\/logo-UOC-1-300x117.png 300w, https:\/\/butxacatv.com\/wp-content\/uploads\/2021\/03\/logo-UOC-1-768x298.png 768w, https:\/\/butxacatv.com\/wp-content\/uploads\/2021\/03\/logo-UOC-1-705x274.png 705w, https:\/\/butxacatv.com\/wp-content\/uploads\/2021\/03\/logo-UOC-1-600x233.png 600w\" sizes=\"(max-width: 927px) 100vw, 927px\" \/><\/div><\/li><li  class='avia-slideshow-slide av-kmvz1wcj-fb673e062a77714f7cf572b37d693d85__5  slide-6 slide-even'><div data-rel='slideshow-1' class='avia-slide-wrap '   ><img decoding=\"async\" class=\"wp-image-1521 avia-img-lazy-loading-not-1521\"  src=\"https:\/\/butxacatv.com\/wp-content\/uploads\/2021\/03\/urv.jpg\" width=\"927\" height=\"360\" title='urv' alt=''  itemprop=\"thumbnailUrl\" srcset=\"https:\/\/butxacatv.com\/wp-content\/uploads\/2021\/03\/urv.jpg 927w, https:\/\/butxacatv.com\/wp-content\/uploads\/2021\/03\/urv-300x117.jpg 300w, https:\/\/butxacatv.com\/wp-content\/uploads\/2021\/03\/urv-768x298.jpg 768w, https:\/\/butxacatv.com\/wp-content\/uploads\/2021\/03\/urv-705x274.jpg 705w, https:\/\/butxacatv.com\/wp-content\/uploads\/2021\/03\/urv-600x233.jpg 600w\" sizes=\"(max-width: 927px) 100vw, 927px\" \/><\/div><\/li><li  class='avia-slideshow-slide av-kmvz1wcj-fb673e062a77714f7cf572b37d693d85__6  slide-7 slide-odd'><div data-rel='slideshow-1' class='avia-slide-wrap '   ><img decoding=\"async\" class=\"wp-image-1511 avia-img-lazy-loading-not-1511\"  src=\"https:\/\/butxacatv.com\/wp-content\/uploads\/2021\/03\/gct.jpg\" width=\"927\" height=\"360\" title='gct' alt=''  itemprop=\"thumbnailUrl\" srcset=\"https:\/\/butxacatv.com\/wp-content\/uploads\/2021\/03\/gct.jpg 927w, https:\/\/butxacatv.com\/wp-content\/uploads\/2021\/03\/gct-300x117.jpg 300w, https:\/\/butxacatv.com\/wp-content\/uploads\/2021\/03\/gct-768x298.jpg 768w, https:\/\/butxacatv.com\/wp-content\/uploads\/2021\/03\/gct-705x274.jpg 705w, https:\/\/butxacatv.com\/wp-content\/uploads\/2021\/03\/gct-600x233.jpg 600w\" sizes=\"(max-width: 927px) 100vw, 927px\" \/><\/div><\/li><\/ul><div class='avia-slideshow-arrows avia-slideshow-controls' ><a href='#prev' class='prev-slide ' aria-hidden='true' data-av_icon='\ue87c' data-av_iconfont='entypo-fontello'  tabindex='-1'>Anterior<\/a><a href='#next' class='next-slide ' aria-hidden='true' data-av_icon='\ue87d' data-av_iconfont='entypo-fontello'  tabindex='-1'>Posterior<\/a><\/div><div class='avia-slideshow-dots avia-slideshow-controls'><a href='#1' class='goto-slide active' >1<\/a><a href='#2' class='goto-slide ' >2<\/a><a href='#3' class='goto-slide ' >3<\/a><a href='#4' class='goto-slide ' >4<\/a><a href='#5' class='goto-slide ' >5<\/a><a href='#6' class='goto-slide ' >6<\/a><a href='#7' class='goto-slide ' >7<\/a><\/div><\/div><\/div>\n<div  class='hr av-7p5k0-0c9758bab4aaaa6bc45cadffda5aeb7c hr-default  avia-builder-el-2  el_after_av_one_half  el_before_av_textblock '><span class='hr-inner '><span class=\"hr-inner-style\"><\/span><\/span><\/div>\n<section  class='av_textblock_section av-kmvvddzy-ded04bc457180ae42a3fdeeb9a63613d '   itemscope=\"itemscope\" itemtype=\"https:\/\/schema.org\/BlogPosting\" itemprop=\"blogPost\" ><div class='avia_textblock'  itemprop=\"text\" ><p><strong>Empresa \/ entidad organizadora:<\/strong> Red Catalana Universidades Catalanas, USCAT<\/p>\n<p>Emisi\u00f3n en directo y en estreno de la programaci\u00f3n de 8 actividades vinculadas a 1a #SetmanaSaludable Interuniversitaria de Catalunya con la colaboraci\u00f3n de la UPF, la UAB, la UB, la UdG, la URV y la UOC.<\/p>\n<ol>\n<li><a href=\"#presentacio\"><strong>Presentaci\u00f3n jornadas saludables: \u00abporque hacemos las jornadas?\u00bb<\/strong><\/a><\/li>\n<li><a href=\"#bols\"><strong>Meditaci\u00f3n con cuencos tibetanos, cuencos de cuarzo, gongs, tambores y otros instrumentos<\/strong><\/a><\/li>\n<li><a href=\"#consells\"><strong>Diez consejos para hacer actividad f\u00edsica en casa<\/strong><\/a><\/li>\n<li><a href=\"#show\"><strong>Show cooking saludable con el restaurante la Alianza de Ingl\u00e9s<\/strong><\/a><\/li>\n<li><a href=\"#benestar\"><strong>C\u00f3mo cultivar el bienestar emocional: elementos claves y pr\u00e1ctica de recursos<\/strong><\/a><\/li>\n<li><a href=\"#alimentacio\"><strong>Alimentaci\u00f3n saludable: de la teor\u00eda a la realidad. Elaboraci\u00f3n de recetas saludables ex-alumnos de grado de nutrici\u00f3n<\/strong><\/a><\/li>\n<li><a href=\"#taller\"><strong>Taller tele-universidad saludable. Ejercicios y yoga office para estudiar y trabajar<\/strong><\/a><\/li>\n<li><a href=\"#viure\"><strong>Vivir con entusiasmo en tiempos de pandemia<\/strong><\/a><\/li>\n<\/ol>\n<\/div><\/section>\n\n<style type=\"text\/css\" data-created_by=\"avia_inline_auto\" id=\"style-css-av-kmwh85j4-91ff873b1b93255706d7ae4d580e5745\">\n#top .hr.av-kmwh85j4-91ff873b1b93255706d7ae4d580e5745{\nmargin-top:30px;\nmargin-bottom:30px;\n}\n.hr.av-kmwh85j4-91ff873b1b93255706d7ae4d580e5745 .hr-inner{\nwidth:50px;\nmax-width:45%;\n}\n<\/style>\n<div  id=\"presentacio\"  class='hr av-kmwh85j4-91ff873b1b93255706d7ae4d580e5745 hr-custom  avia-builder-el-4  el_after_av_textblock  el_before_av_video  hr-center hr-icon-yes'><span class='hr-inner inner-border-av-border-thin'><span class=\"hr-inner-style\"><\/span><\/span><span class='av-seperator-icon' aria-hidden='true' data-av_icon='\ue808' data-av_iconfont='entypo-fontello'><\/span><span class='hr-inner inner-border-av-border-thin'><span class=\"hr-inner-style\"><\/span><\/span><\/div>\n<div  id=\"presentacio\"  class='avia-video av-kn5uqork-8fe20de6f0fc0717c14ffb0f9c0211ce avia-video-16-9 av-no-preview-image avia-video-load-always av-lazyload-immediate av-lazyload-video-embed'  itemprop=\"video\" itemtype=\"https:\/\/schema.org\/VideoObject\"  data-original_url='https:\/\/www.youtube.com\/watch?v=g-YthJ2Sz9U&amp;list=PL-J80vXw7Jz2ZEL8GUMn4GEG4Ws9sRpTo&amp;index=7'><script type='text\/html' class='av-video-tmpl'><div class='avia-iframe-wrap'><iframe title=\"(01) ? Dijous 8\/04, 10:00 - Presentaci\u00f3 institucional I Setmana Saludable Interuniversit\u00e0ria i USCAT\" width=\"1500\" height=\"844\" src=\"https:\/\/www.youtube.com\/embed\/g-YthJ2Sz9U?list=PL-J80vXw7Jz2ZEL8GUMn4GEG4Ws9sRpTo&autoplay=0&loop=0&controls=1&mute=0\" frameborder=\"0\" allow=\"accelerometer; autoplay; clipboard-write; encrypted-media; gyroscope; picture-in-picture\" allowfullscreen><\/iframe><\/div><\/script><div class='av-click-to-play-overlay'><div class=\"avia_playpause_icon\"><\/div><\/div><\/div>\n<div  id=\"bols\"  class='hr av-kn5v3et7-22864253468fecfbdad65d7314c4b8ea hr-default  avia-builder-el-6  el_after_av_video  el_before_av_video '><span class='hr-inner '><span class=\"hr-inner-style\"><\/span><\/span><\/div>\n<div  class='avia-video av-kn5urtni-292de3be74821f2f93d3e8b74cfdd284 avia-video-16-9 av-no-preview-image avia-video-load-always av-lazyload-immediate av-lazyload-video-embed'  itemprop=\"video\" itemtype=\"https:\/\/schema.org\/VideoObject\"  data-original_url='https:\/\/www.youtube.com\/watch?v=KwfNHww0gfc&amp;list=PL-J80vXw7Jz2ZEL8GUMn4GEG4Ws9sRpTo&amp;index=6'><script type='text\/html' class='av-video-tmpl'><div class='avia-iframe-wrap'><iframe title=\"(02) ? Dijous 8\/04, 10:30, UPF - Meditaci\u00f3 amb bols tibetans, bols de quars, gongs, tambors...\" width=\"1500\" height=\"844\" src=\"https:\/\/www.youtube.com\/embed\/KwfNHww0gfc?list=PL-J80vXw7Jz2ZEL8GUMn4GEG4Ws9sRpTo&autoplay=0&loop=0&controls=1&mute=0\" frameborder=\"0\" allow=\"accelerometer; autoplay; clipboard-write; encrypted-media; gyroscope; picture-in-picture\" allowfullscreen><\/iframe><\/div><\/script><div class='av-click-to-play-overlay'><div class=\"avia_playpause_icon\"><\/div><\/div><\/div>\n<div  id=\"consells\"  class='hr av-wkdy8-a4856af1db329636dc451b5eeec54267 hr-default  avia-builder-el-8  el_after_av_video  el_before_av_video '><span class='hr-inner '><span class=\"hr-inner-style\"><\/span><\/span><\/div>\n<div  class='avia-video av-kn5xppzw-0cd41d5f5cc248532cf1d45449203806 avia-video-16-9 av-no-preview-image avia-video-load-always av-lazyload-immediate av-lazyload-video-embed'  itemprop=\"video\" itemtype=\"https:\/\/schema.org\/VideoObject\"  data-original_url='https:\/\/www.youtube.com\/watch?v=x6RFQKIjdzU&amp;list=PL-J80vXw7Jz2ZEL8GUMn4GEG4Ws9sRpTo&amp;index=5'><script type='text\/html' class='av-video-tmpl'><div class='avia-iframe-wrap'><iframe title=\"(03) ? Dijous 8\/04, 11:30, UAB - Deu consells per a fer activitat f\u00edsica a casa\" width=\"1500\" height=\"844\" src=\"https:\/\/www.youtube.com\/embed\/x6RFQKIjdzU?list=PL-J80vXw7Jz2ZEL8GUMn4GEG4Ws9sRpTo&autoplay=0&loop=0&controls=1&mute=0\" frameborder=\"0\" allow=\"accelerometer; autoplay; clipboard-write; encrypted-media; gyroscope; picture-in-picture\" allowfullscreen><\/iframe><\/div><\/script><div class='av-click-to-play-overlay'><div class=\"avia_playpause_icon\"><\/div><\/div><\/div>\n<div  id=\"show\"  class='hr av-wkdy8-ae7c560d24945c2a29940dd367e0f038 hr-default  avia-builder-el-10  el_after_av_video  el_before_av_video '><span class='hr-inner '><span class=\"hr-inner-style\"><\/span><\/span><\/div>\n<div  class='avia-video av-kn5uvk31-29184af390dc6a35c1ceaca6e82be322 avia-video-16-9 av-no-preview-image avia-video-load-always av-lazyload-immediate av-lazyload-video-embed'  itemprop=\"video\" itemtype=\"https:\/\/schema.org\/VideoObject\"  data-original_url='https:\/\/www.youtube.com\/watch?v=X-mrH7y7sYM&amp;list=PL-J80vXw7Jz2ZEL8GUMn4GEG4Ws9sRpTo&amp;index=5'><script type='text\/html' class='av-video-tmpl'><div class='avia-iframe-wrap'><iframe title=\"(04) ? Dijous 8\/04, 12:30, UdG - La UdG i el seu comprom\u00eds amb l\u2019alimentaci\u00f3 saludable\" width=\"1500\" height=\"844\" src=\"https:\/\/www.youtube.com\/embed\/X-mrH7y7sYM?list=PL-J80vXw7Jz2ZEL8GUMn4GEG4Ws9sRpTo&autoplay=0&loop=0&controls=1&mute=0\" frameborder=\"0\" allow=\"accelerometer; autoplay; clipboard-write; encrypted-media; gyroscope; picture-in-picture\" allowfullscreen><\/iframe><\/div><\/script><div class='av-click-to-play-overlay'><div class=\"avia_playpause_icon\"><\/div><\/div><\/div>\n<div  id=\"benestar\"  class='hr av-rxc28-776e8c1c2a737388cabdf61c9cd693b6 hr-default  avia-builder-el-12  el_after_av_video  el_before_av_video '><span class='hr-inner '><span class=\"hr-inner-style\"><\/span><\/span><\/div>\n<div  class='avia-video av-kn5uwh8j-c741662a0e5b37e20c6006bc9e8b633b avia-video-16-9 av-no-preview-image avia-video-load-always av-lazyload-immediate av-lazyload-video-embed'  itemprop=\"video\" itemtype=\"https:\/\/schema.org\/VideoObject\"  data-original_url='https:\/\/www.youtube.com\/watch?v=8RZ2aLXQ4Ok&amp;list=PL-J80vXw7Jz2ZEL8GUMn4GEG4Ws9sRpTo&amp;index=8'><script type='text\/html' class='av-video-tmpl'><a href=\"https:\/\/www.youtube.com\/watch?v=8RZ2aLXQ4Ok&#038;list=PL-J80vXw7Jz2ZEL8GUMn4GEG4Ws9sRpTo&#038;index=8\">https:\/\/www.youtube.com\/watch?v=8RZ2aLXQ4Ok&amp;list=PL-J80vXw7Jz2ZEL8GUMn4GEG4Ws9sRpTo&amp;index=8<\/a><\/script><div class='av-click-to-play-overlay'><div class=\"avia_playpause_icon\"><\/div><\/div><\/div>\n<div  id=\"alimentacio\"  class='hr av-j1khk-cee92a4a03cc21470a3cb772cd14cd58 hr-default  avia-builder-el-14  el_after_av_video  el_before_av_video '><span class='hr-inner '><span class=\"hr-inner-style\"><\/span><\/span><\/div>\n<div  class='avia-video av-kn5uxc7j-7cc77444d5ce74f87e5f6c364f7657ec avia-video-16-9 av-no-preview-image avia-video-load-always av-lazyload-immediate av-lazyload-video-embed'  itemprop=\"video\" itemtype=\"https:\/\/schema.org\/VideoObject\"  data-original_url='https:\/\/www.youtube.com\/watch?v=WmmVAYw4CTM&amp;list=PL-J80vXw7Jz2ZEL8GUMn4GEG4Ws9sRpTo&amp;index=4'><script type='text\/html' class='av-video-tmpl'><div class='avia-iframe-wrap'><iframe title=\"(06) ? Dijous 8\/04, 14:00, URV - Alimentaci\u00f3 saludable: de la teoria a la realitat.\" width=\"1500\" height=\"844\" src=\"https:\/\/www.youtube.com\/embed\/WmmVAYw4CTM?list=PL-J80vXw7Jz2ZEL8GUMn4GEG4Ws9sRpTo&autoplay=0&loop=0&controls=1&mute=0\" frameborder=\"0\" allow=\"accelerometer; autoplay; clipboard-write; encrypted-media; gyroscope; picture-in-picture\" allowfullscreen><\/iframe><\/div><\/script><div class='av-click-to-play-overlay'><div class=\"avia_playpause_icon\"><\/div><\/div><\/div>\n<div  id=\"taller\"  class='hr av-f6m68-83c6cd64c36e999b61be1a108bbedd5c hr-default  avia-builder-el-16  el_after_av_video  el_before_av_video '><span class='hr-inner '><span class=\"hr-inner-style\"><\/span><\/span><\/div>\n<div  class='avia-video av-kn5uy50f-5bb2737fdf366b5a76d0e08308a5489b avia-video-16-9 av-no-preview-image avia-video-load-always av-lazyload-immediate av-lazyload-video-embed'  itemprop=\"video\" itemtype=\"https:\/\/schema.org\/VideoObject\"  data-original_url='https:\/\/www.youtube.com\/watch?v=c9vDu1Bw2tA&amp;list=PL-J80vXw7Jz2ZEL8GUMn4GEG4Ws9sRpTo&amp;index=1'><script type='text\/html' class='av-video-tmpl'><div class='avia-iframe-wrap'><iframe title=\"(07) ?  Dijous 8\/04, 15:00, UOC - Taller Tele-Universitat saludable\" width=\"1500\" height=\"844\" src=\"https:\/\/www.youtube.com\/embed\/c9vDu1Bw2tA?list=PL-J80vXw7Jz2ZEL8GUMn4GEG4Ws9sRpTo&autoplay=0&loop=0&controls=1&mute=0\" frameborder=\"0\" allow=\"accelerometer; autoplay; clipboard-write; encrypted-media; gyroscope; picture-in-picture\" allowfullscreen><\/iframe><\/div><\/script><div class='av-click-to-play-overlay'><div class=\"avia_playpause_icon\"><\/div><\/div><\/div>\n<div  id=\"viure\"  class='hr av-9191c-c6832525eb3137813e997045eb30cc57 hr-default  avia-builder-el-18  el_after_av_video  el_before_av_video '><span class='hr-inner '><span class=\"hr-inner-style\"><\/span><\/span><\/div>\n<div  class='avia-video av-kn5uz3n2-6be95fdf1df5432b8fe165e4ce005907 avia-video-16-9 av-no-preview-image avia-video-load-always av-lazyload-immediate av-lazyload-video-embed'  itemprop=\"video\" itemtype=\"https:\/\/schema.org\/VideoObject\"  data-original_url='https:\/\/www.youtube.com\/watch?v=s5z2by8riUM&amp;list=PL-J80vXw7Jz2ZEL8GUMn4GEG4Ws9sRpTo&amp;index=8'><script type='text\/html' class='av-video-tmpl'><div class='avia-iframe-wrap'><iframe title=\"(08) ? Divendres 9\/04, 10:00 - Xerrada Victor K\u00fcppers: Viure amb entusiasme en temps de Pand\u00e8mia\" width=\"1500\" height=\"844\" src=\"https:\/\/www.youtube.com\/embed\/s5z2by8riUM?list=PL-J80vXw7Jz2ZEL8GUMn4GEG4Ws9sRpTo&autoplay=0&loop=0&controls=1&mute=0\" frameborder=\"0\" allow=\"accelerometer; autoplay; clipboard-write; encrypted-media; gyroscope; picture-in-picture\" allowfullscreen><\/iframe><\/div><\/script><div class='av-click-to-play-overlay'><div class=\"avia_playpause_icon\"><\/div><\/div><\/div>\n","protected":false},"excerpt":{"rendered":"","protected":false},"author":2,"featured_media":1482,"comment_status":"closed","ping_status":"closed","sticky":false,"template":"","format":"standard","meta":[],"categories":[75,78,82,83,76,84],"tags":[],"yoast_head":"<!-- This site is optimized with the Yoast SEO plugin v20.9 - https:\/\/yoast.com\/wordpress\/plugins\/seo\/ -->\n<title>I Semana Saludable Interuniversitaria de Catalu\u00f1a - BUTXACA TV<\/title>\n<meta name=\"robots\" content=\"index, follow, max-snippet:-1, max-image-preview:large, max-video-preview:-1\" \/>\n<link rel=\"canonical\" href=\"https:\/\/butxacatv.com\/es\/i-setmana-saludable-interuniversitaria-de-catalunya\/\" \/>\n<meta property=\"og:locale\" content=\"es_ES\" \/>\n<meta property=\"og:type\" content=\"article\" \/>\n<meta property=\"og:title\" content=\"I Semana Saludable Interuniversitaria de Catalu\u00f1a - BUTXACA TV\" \/>\n<meta property=\"og:url\" content=\"https:\/\/butxacatv.com\/es\/i-setmana-saludable-interuniversitaria-de-catalunya\/\" \/>\n<meta property=\"og:site_name\" content=\"BUTXACA TV\" \/>\n<meta property=\"article:publisher\" content=\"https:\/\/www.facebook.com\/Butxacatv\" \/>\n<meta property=\"article:published_time\" content=\"2021-03-30T10:28:51+00:00\" \/>\n<meta property=\"article:modified_time\" content=\"2021-08-16T11:46:26+00:00\" \/>\n<meta property=\"og:image\" content=\"https:\/\/butxacatv.com\/wp-content\/uploads\/2021\/03\/portada.jpg\" \/>\n\t<meta property=\"og:image:width\" content=\"415\" \/>\n\t<meta property=\"og:image:height\" content=\"249\" \/>\n\t<meta property=\"og:image:type\" content=\"image\/jpeg\" \/>\n<meta name=\"author\" content=\"bt-administrador\" \/>\n<meta name=\"twitter:label1\" content=\"Escrito por\" \/>\n\t<meta name=\"twitter:data1\" content=\"bt-administrador\" \/>\n\t<meta name=\"twitter:label2\" content=\"Tiempo de lectura\" \/>\n\t<meta name=\"twitter:data2\" content=\"7 minutos\" \/>\n<script type=\"application\/ld+json\" class=\"yoast-schema-graph\">{\"@context\":\"https:\/\/schema.org\",\"@graph\":[{\"@type\":\"WebPage\",\"@id\":\"https:\/\/butxacatv.com\/es\/i-setmana-saludable-interuniversitaria-de-catalunya\/\",\"url\":\"https:\/\/butxacatv.com\/es\/i-setmana-saludable-interuniversitaria-de-catalunya\/\",\"name\":\"I Semana Saludable Interuniversitaria de Catalu\u00f1a - BUTXACA TV\",\"isPartOf\":{\"@id\":\"https:\/\/butxacatv.com\/#website\"},\"datePublished\":\"2021-03-30T10:28:51+00:00\",\"dateModified\":\"2021-08-16T11:46:26+00:00\",\"author\":{\"@id\":\"https:\/\/butxacatv.com\/#\/schema\/person\/a061863d3c344ba65b6fee2ef2a1a3ea\"},\"breadcrumb\":{\"@id\":\"https:\/\/butxacatv.com\/es\/i-setmana-saludable-interuniversitaria-de-catalunya\/#breadcrumb\"},\"inLanguage\":\"es\",\"potentialAction\":[{\"@type\":\"ReadAction\",\"target\":[\"https:\/\/butxacatv.com\/es\/i-setmana-saludable-interuniversitaria-de-catalunya\/\"]}]},{\"@type\":\"BreadcrumbList\",\"@id\":\"https:\/\/butxacatv.com\/es\/i-setmana-saludable-interuniversitaria-de-catalunya\/#breadcrumb\",\"itemListElement\":[{\"@type\":\"ListItem\",\"position\":1,\"name\":\"Portada\",\"item\":\"https:\/\/butxacatv.com\/es\/home\/\"},{\"@type\":\"ListItem\",\"position\":2,\"name\":\"I Semana Saludable Interuniversitaria de Catalu\u00f1a\"}]},{\"@type\":\"WebSite\",\"@id\":\"https:\/\/butxacatv.com\/#website\",\"url\":\"https:\/\/butxacatv.com\/\",\"name\":\"BUTXACA TV\",\"description\":\"BUTXACA TV\",\"potentialAction\":[{\"@type\":\"SearchAction\",\"target\":{\"@type\":\"EntryPoint\",\"urlTemplate\":\"https:\/\/butxacatv.com\/?s={search_term_string}\"},\"query-input\":\"required name=search_term_string\"}],\"inLanguage\":\"es\"},{\"@type\":\"Person\",\"@id\":\"https:\/\/butxacatv.com\/#\/schema\/person\/a061863d3c344ba65b6fee2ef2a1a3ea\",\"name\":\"bt-administrador\",\"url\":\"https:\/\/butxacatv.com\/es\/author\/bt-administrador\/\"}]}<\/script>\n<!-- \/ Yoast SEO plugin. -->","yoast_head_json":{"title":"I Semana Saludable Interuniversitaria de Catalu\u00f1a - BUTXACA TV","robots":{"index":"index","follow":"follow","max-snippet":"max-snippet:-1","max-image-preview":"max-image-preview:large","max-video-preview":"max-video-preview:-1"},"canonical":"https:\/\/butxacatv.com\/es\/i-setmana-saludable-interuniversitaria-de-catalunya\/","og_locale":"es_ES","og_type":"article","og_title":"I Semana Saludable Interuniversitaria de Catalu\u00f1a - BUTXACA TV","og_url":"https:\/\/butxacatv.com\/es\/i-setmana-saludable-interuniversitaria-de-catalunya\/","og_site_name":"BUTXACA TV","article_publisher":"https:\/\/www.facebook.com\/Butxacatv","article_published_time":"2021-03-30T10:28:51+00:00","article_modified_time":"2021-08-16T11:46:26+00:00","og_image":[{"width":415,"height":249,"url":"https:\/\/butxacatv.com\/wp-content\/uploads\/2021\/03\/portada.jpg","type":"image\/jpeg"}],"author":"bt-administrador","twitter_misc":{"Escrito por":"bt-administrador","Tiempo de lectura":"7 minutos"},"schema":{"@context":"https:\/\/schema.org","@graph":[{"@type":"WebPage","@id":"https:\/\/butxacatv.com\/es\/i-setmana-saludable-interuniversitaria-de-catalunya\/","url":"https:\/\/butxacatv.com\/es\/i-setmana-saludable-interuniversitaria-de-catalunya\/","name":"I Semana Saludable Interuniversitaria de Catalu\u00f1a - BUTXACA TV","isPartOf":{"@id":"https:\/\/butxacatv.com\/#website"},"datePublished":"2021-03-30T10:28:51+00:00","dateModified":"2021-08-16T11:46:26+00:00","author":{"@id":"https:\/\/butxacatv.com\/#\/schema\/person\/a061863d3c344ba65b6fee2ef2a1a3ea"},"breadcrumb":{"@id":"https:\/\/butxacatv.com\/es\/i-setmana-saludable-interuniversitaria-de-catalunya\/#breadcrumb"},"inLanguage":"es","potentialAction":[{"@type":"ReadAction","target":["https:\/\/butxacatv.com\/es\/i-setmana-saludable-interuniversitaria-de-catalunya\/"]}]},{"@type":"BreadcrumbList","@id":"https:\/\/butxacatv.com\/es\/i-setmana-saludable-interuniversitaria-de-catalunya\/#breadcrumb","itemListElement":[{"@type":"ListItem","position":1,"name":"Portada","item":"https:\/\/butxacatv.com\/es\/home\/"},{"@type":"ListItem","position":2,"name":"I Semana Saludable Interuniversitaria de Catalu\u00f1a"}]},{"@type":"WebSite","@id":"https:\/\/butxacatv.com\/#website","url":"https:\/\/butxacatv.com\/","name":"BUTXACA TV","description":"BUTXACA TV","potentialAction":[{"@type":"SearchAction","target":{"@type":"EntryPoint","urlTemplate":"https:\/\/butxacatv.com\/?s={search_term_string}"},"query-input":"required name=search_term_string"}],"inLanguage":"es"},{"@type":"Person","@id":"https:\/\/butxacatv.com\/#\/schema\/person\/a061863d3c344ba65b6fee2ef2a1a3ea","name":"bt-administrador","url":"https:\/\/butxacatv.com\/es\/author\/bt-administrador\/"}]}},"_links":{"self":[{"href":"https:\/\/butxacatv.com\/es\/wp-json\/wp\/v2\/posts\/1541"}],"collection":[{"href":"https:\/\/butxacatv.com\/es\/wp-json\/wp\/v2\/posts"}],"about":[{"href":"https:\/\/butxacatv.com\/es\/wp-json\/wp\/v2\/types\/post"}],"author":[{"embeddable":true,"href":"https:\/\/butxacatv.com\/es\/wp-json\/wp\/v2\/users\/2"}],"replies":[{"embeddable":true,"href":"https:\/\/butxacatv.com\/es\/wp-json\/wp\/v2\/comments?post=1541"}],"version-history":[{"count":3,"href":"https:\/\/butxacatv.com\/es\/wp-json\/wp\/v2\/posts\/1541\/revisions"}],"predecessor-version":[{"id":2360,"href":"https:\/\/butxacatv.com\/es\/wp-json\/wp\/v2\/posts\/1541\/revisions\/2360"}],"wp:featuredmedia":[{"embeddable":true,"href":"https:\/\/butxacatv.com\/es\/wp-json\/wp\/v2\/media\/1482"}],"wp:attachment":[{"href":"https:\/\/butxacatv.com\/es\/wp-json\/wp\/v2\/media?parent=1541"}],"wp:term":[{"taxonomy":"category","embeddable":true,"href":"https:\/\/butxacatv.com\/es\/wp-json\/wp\/v2\/categories?post=1541"},{"taxonomy":"post_tag","embeddable":true,"href":"https:\/\/butxacatv.com\/es\/wp-json\/wp\/v2\/tags?post=1541"}],"curies":[{"name":"wp","href":"https:\/\/api.w.org\/{rel}","templated":true}]}}