{"id":1539,"date":"2021-04-09T10:20:13","date_gmt":"2021-04-09T08:20:13","guid":{"rendered":"https:\/\/butxacatv.com\/commemoracio-1r-aniversari-de-la-mort-del-nostre-estimat-katsumi-mamine-miwa\/"},"modified":"2021-04-13T12:32:01","modified_gmt":"2021-04-13T10:32:01","slug":"commemoracio-1r-aniversari-de-la-mort-del-nostre-estimat-katsumi-mamine-miwa","status":"publish","type":"post","link":"https:\/\/butxacatv.com\/es\/commemoracio-1r-aniversari-de-la-mort-del-nostre-estimat-katsumi-mamine-miwa\/","title":{"rendered":"Fundaci\u00f3n SEITAI Barcelona: conmemoraci\u00f3n del 1.er aniversario de la muerte de Katsumi Mamine"},"content":{"rendered":"<div  class='flex_column av-67ynf1-ea93efd275d249bfefd44a820cab46db av_one_half  avia-builder-el-0  el_before_av_hr  avia-builder-el-first  first flex_column_div  '     ><style type=\"text\/css\" data-created_by=\"avia_inline_auto\" id=\"style-css-av-kna2ysy5-55bbef0faa9ca8a0442e362ce1049cae\">\n.avia-image-container.av-kna2ysy5-55bbef0faa9ca8a0442e362ce1049cae img.avia_image{\nbox-shadow:none;\n}\n.avia-image-container.av-kna2ysy5-55bbef0faa9ca8a0442e362ce1049cae .av-image-caption-overlay-center{\ncolor:#ffffff;\n}\n<\/style>\n<div  class='avia-image-container av-kna2ysy5-55bbef0faa9ca8a0442e362ce1049cae av-styling- avia-align-left  avia-builder-el-1  avia-builder-el-no-sibling '   itemprop=\"image\" itemscope=\"itemscope\" itemtype=\"https:\/\/schema.org\/ImageObject\" ><div class=\"avia-image-container-inner\"><div class=\"avia-image-overlay-wrap\"><img decoding=\"async\" class='wp-image-1529 avia-img-lazy-loading-not-1529 avia_image ' src=\"https:\/\/butxacatv.com\/wp-content\/uploads\/2021\/04\/fundacio_seitai_barcelona_logo_cat.png\" alt='' title='fundacio_seitai_barcelona_logo_cat'  height=\"129\" width=\"304\"  itemprop=\"thumbnailUrl\" srcset=\"https:\/\/butxacatv.com\/wp-content\/uploads\/2021\/04\/fundacio_seitai_barcelona_logo_cat.png 304w, https:\/\/butxacatv.com\/wp-content\/uploads\/2021\/04\/fundacio_seitai_barcelona_logo_cat-300x127.png 300w\" sizes=\"(max-width: 304px) 100vw, 304px\" \/><\/div><\/div><\/div><\/div>\n<div  class='hr av-4ot9nh-6a1a30403bea921016bfdf91a1b6ad92 hr-default  avia-builder-el-2  el_after_av_one_half  el_before_av_textblock '><span class='hr-inner '><span class=\"hr-inner-style\"><\/span><\/span><\/div>\n<section  class='av_textblock_section av-kna1u5to-c09e410e0e880f24376ff3a72ca132a2 '   itemscope=\"itemscope\" itemtype=\"https:\/\/schema.org\/BlogPosting\" itemprop=\"blogPost\" ><div class='avia_textblock'  itemprop=\"text\" ><p><b>Empresa\/entidad organizadora<\/b>: <span style=\"font-weight: 400\">Fundaci\u00f3n Seitai Barcelona (pr\u00f3xima Fundaci\u00f3n Seitai Katsumi Mamine)<\/span><\/p>\n<\/div><\/section>\n<div  class='hr av-2kyuwd-6774bf56425e5bf188a4f48b67af753a hr-default  avia-builder-el-4  el_after_av_textblock  el_before_av_textblock '><span class='hr-inner '><span class=\"hr-inner-style\"><\/span><\/span><\/div>\n<section  class='av_textblock_section av-kne9ljkv-2aab6790990573b5c0c81a67b7189d1e '   itemscope=\"itemscope\" itemtype=\"https:\/\/schema.org\/BlogPosting\" itemprop=\"blogPost\" ><div class='avia_textblock'  itemprop=\"text\" ><p><span style=\"font-weight: 400\">Emisi\u00f3n en directo por el canal de YouTube de la Fundaci\u00f3n SEITAI Barcelona de la 1a conmemoraci\u00f3n de la muerte de su fundador. El programa incluye v\u00eddeos editados de Katsumi Mamine, de testimonios, de actuaciones musicales y una pr\u00e1ctica de katsugen.<\/span><\/p>\n<\/div><\/section>\n<div  class='hr av-2kyuwd-6774bf56425e5bf188a4f48b67af753a hr-default  avia-builder-el-6  el_after_av_textblock  el_before_av_video '><span class='hr-inner '><span class=\"hr-inner-style\"><\/span><\/span><\/div>\n<div  class='avia-video av-kna1gqp6-0cb70beb2d3e07df67b7b42baf189d12 avia-video-16-9 av-no-preview-image avia-video-load-always av-lazyload-immediate av-lazyload-video-embed'  itemprop=\"video\" itemtype=\"https:\/\/schema.org\/VideoObject\"  data-original_url='https:\/\/www.youtube.com\/watch?v=IoRwmMvat5o'><script type='text\/html' class='av-video-tmpl'><div class='avia-iframe-wrap'><iframe title=\"? 14\/04\/21, 19h - Commemoraci\u00f3 1r aniversari de la mort del nostre estimat Katsumi Mamine Miwa\" width=\"1500\" height=\"844\" src=\"https:\/\/www.youtube.com\/embed\/IoRwmMvat5o?feature=oembed&autoplay=0&loop=0&controls=1&mute=0\" frameborder=\"0\" allow=\"accelerometer; autoplay; clipboard-write; encrypted-media; gyroscope; picture-in-picture\" allowfullscreen><\/iframe><\/div><\/script><div class='av-click-to-play-overlay'><div class=\"avia_playpause_icon\"><\/div><\/div><\/div>\n","protected":false},"excerpt":{"rendered":"","protected":false},"author":2,"featured_media":1525,"comment_status":"closed","ping_status":"closed","sticky":false,"template":"","format":"standard","meta":[],"categories":[74,75,78],"tags":[],"yoast_head":"<!-- This site is optimized with the Yoast SEO plugin v20.9 - https:\/\/yoast.com\/wordpress\/plugins\/seo\/ -->\n<title>Fundaci\u00f3n SEITAI Barcelona: conmemoraci\u00f3n del 1.er aniversario de la muerte de Katsumi Mamine - BUTXACA TV<\/title>\n<meta name=\"robots\" content=\"index, follow, max-snippet:-1, max-image-preview:large, max-video-preview:-1\" \/>\n<link rel=\"canonical\" href=\"https:\/\/butxacatv.com\/es\/commemoracio-1r-aniversari-de-la-mort-del-nostre-estimat-katsumi-mamine-miwa\/\" \/>\n<meta property=\"og:locale\" content=\"es_ES\" \/>\n<meta property=\"og:type\" content=\"article\" \/>\n<meta property=\"og:title\" content=\"Fundaci\u00f3n SEITAI Barcelona: conmemoraci\u00f3n del 1.er aniversario de la muerte de Katsumi Mamine - BUTXACA TV\" \/>\n<meta property=\"og:url\" content=\"https:\/\/butxacatv.com\/es\/commemoracio-1r-aniversari-de-la-mort-del-nostre-estimat-katsumi-mamine-miwa\/\" \/>\n<meta property=\"og:site_name\" content=\"BUTXACA TV\" \/>\n<meta property=\"article:publisher\" content=\"https:\/\/www.facebook.com\/Butxacatv\" \/>\n<meta property=\"article:published_time\" content=\"2021-04-09T08:20:13+00:00\" \/>\n<meta property=\"article:modified_time\" content=\"2021-04-13T10:32:01+00:00\" \/>\n<meta property=\"og:image\" content=\"https:\/\/butxacatv.com\/wp-content\/uploads\/2021\/04\/seitai-destacada-2.jpg\" \/>\n\t<meta property=\"og:image:width\" content=\"1067\" \/>\n\t<meta property=\"og:image:height\" content=\"600\" \/>\n\t<meta property=\"og:image:type\" content=\"image\/jpeg\" \/>\n<meta name=\"author\" content=\"bt-administrador\" \/>\n<meta name=\"twitter:label1\" content=\"Escrito por\" \/>\n\t<meta name=\"twitter:data1\" content=\"bt-administrador\" \/>\n\t<meta name=\"twitter:label2\" content=\"Tiempo de lectura\" \/>\n\t<meta name=\"twitter:data2\" content=\"2 minutos\" \/>\n<script type=\"application\/ld+json\" class=\"yoast-schema-graph\">{\"@context\":\"https:\/\/schema.org\",\"@graph\":[{\"@type\":\"WebPage\",\"@id\":\"https:\/\/butxacatv.com\/es\/commemoracio-1r-aniversari-de-la-mort-del-nostre-estimat-katsumi-mamine-miwa\/\",\"url\":\"https:\/\/butxacatv.com\/es\/commemoracio-1r-aniversari-de-la-mort-del-nostre-estimat-katsumi-mamine-miwa\/\",\"name\":\"Fundaci\u00f3n SEITAI Barcelona: conmemoraci\u00f3n del 1.er aniversario de la muerte de Katsumi Mamine - BUTXACA TV\",\"isPartOf\":{\"@id\":\"https:\/\/butxacatv.com\/#website\"},\"datePublished\":\"2021-04-09T08:20:13+00:00\",\"dateModified\":\"2021-04-13T10:32:01+00:00\",\"author\":{\"@id\":\"https:\/\/butxacatv.com\/#\/schema\/person\/a061863d3c344ba65b6fee2ef2a1a3ea\"},\"breadcrumb\":{\"@id\":\"https:\/\/butxacatv.com\/es\/commemoracio-1r-aniversari-de-la-mort-del-nostre-estimat-katsumi-mamine-miwa\/#breadcrumb\"},\"inLanguage\":\"es\",\"potentialAction\":[{\"@type\":\"ReadAction\",\"target\":[\"https:\/\/butxacatv.com\/es\/commemoracio-1r-aniversari-de-la-mort-del-nostre-estimat-katsumi-mamine-miwa\/\"]}]},{\"@type\":\"BreadcrumbList\",\"@id\":\"https:\/\/butxacatv.com\/es\/commemoracio-1r-aniversari-de-la-mort-del-nostre-estimat-katsumi-mamine-miwa\/#breadcrumb\",\"itemListElement\":[{\"@type\":\"ListItem\",\"position\":1,\"name\":\"Portada\",\"item\":\"https:\/\/butxacatv.com\/es\/home\/\"},{\"@type\":\"ListItem\",\"position\":2,\"name\":\"Fundaci\u00f3n SEITAI Barcelona: conmemoraci\u00f3n del 1.er aniversario de la muerte de Katsumi Mamine\"}]},{\"@type\":\"WebSite\",\"@id\":\"https:\/\/butxacatv.com\/#website\",\"url\":\"https:\/\/butxacatv.com\/\",\"name\":\"BUTXACA TV\",\"description\":\"BUTXACA TV\",\"potentialAction\":[{\"@type\":\"SearchAction\",\"target\":{\"@type\":\"EntryPoint\",\"urlTemplate\":\"https:\/\/butxacatv.com\/?s={search_term_string}\"},\"query-input\":\"required name=search_term_string\"}],\"inLanguage\":\"es\"},{\"@type\":\"Person\",\"@id\":\"https:\/\/butxacatv.com\/#\/schema\/person\/a061863d3c344ba65b6fee2ef2a1a3ea\",\"name\":\"bt-administrador\",\"url\":\"https:\/\/butxacatv.com\/es\/author\/bt-administrador\/\"}]}<\/script>\n<!-- \/ Yoast SEO plugin. -->","yoast_head_json":{"title":"Fundaci\u00f3n SEITAI Barcelona: conmemoraci\u00f3n del 1.er aniversario de la muerte de Katsumi Mamine - BUTXACA TV","robots":{"index":"index","follow":"follow","max-snippet":"max-snippet:-1","max-image-preview":"max-image-preview:large","max-video-preview":"max-video-preview:-1"},"canonical":"https:\/\/butxacatv.com\/es\/commemoracio-1r-aniversari-de-la-mort-del-nostre-estimat-katsumi-mamine-miwa\/","og_locale":"es_ES","og_type":"article","og_title":"Fundaci\u00f3n SEITAI Barcelona: conmemoraci\u00f3n del 1.er aniversario de la muerte de Katsumi Mamine - BUTXACA TV","og_url":"https:\/\/butxacatv.com\/es\/commemoracio-1r-aniversari-de-la-mort-del-nostre-estimat-katsumi-mamine-miwa\/","og_site_name":"BUTXACA TV","article_publisher":"https:\/\/www.facebook.com\/Butxacatv","article_published_time":"2021-04-09T08:20:13+00:00","article_modified_time":"2021-04-13T10:32:01+00:00","og_image":[{"width":1067,"height":600,"url":"https:\/\/butxacatv.com\/wp-content\/uploads\/2021\/04\/seitai-destacada-2.jpg","type":"image\/jpeg"}],"author":"bt-administrador","twitter_misc":{"Escrito por":"bt-administrador","Tiempo de lectura":"2 minutos"},"schema":{"@context":"https:\/\/schema.org","@graph":[{"@type":"WebPage","@id":"https:\/\/butxacatv.com\/es\/commemoracio-1r-aniversari-de-la-mort-del-nostre-estimat-katsumi-mamine-miwa\/","url":"https:\/\/butxacatv.com\/es\/commemoracio-1r-aniversari-de-la-mort-del-nostre-estimat-katsumi-mamine-miwa\/","name":"Fundaci\u00f3n SEITAI Barcelona: conmemoraci\u00f3n del 1.er aniversario de la muerte de Katsumi Mamine - BUTXACA TV","isPartOf":{"@id":"https:\/\/butxacatv.com\/#website"},"datePublished":"2021-04-09T08:20:13+00:00","dateModified":"2021-04-13T10:32:01+00:00","author":{"@id":"https:\/\/butxacatv.com\/#\/schema\/person\/a061863d3c344ba65b6fee2ef2a1a3ea"},"breadcrumb":{"@id":"https:\/\/butxacatv.com\/es\/commemoracio-1r-aniversari-de-la-mort-del-nostre-estimat-katsumi-mamine-miwa\/#breadcrumb"},"inLanguage":"es","potentialAction":[{"@type":"ReadAction","target":["https:\/\/butxacatv.com\/es\/commemoracio-1r-aniversari-de-la-mort-del-nostre-estimat-katsumi-mamine-miwa\/"]}]},{"@type":"BreadcrumbList","@id":"https:\/\/butxacatv.com\/es\/commemoracio-1r-aniversari-de-la-mort-del-nostre-estimat-katsumi-mamine-miwa\/#breadcrumb","itemListElement":[{"@type":"ListItem","position":1,"name":"Portada","item":"https:\/\/butxacatv.com\/es\/home\/"},{"@type":"ListItem","position":2,"name":"Fundaci\u00f3n SEITAI Barcelona: conmemoraci\u00f3n del 1.er aniversario de la muerte de Katsumi Mamine"}]},{"@type":"WebSite","@id":"https:\/\/butxacatv.com\/#website","url":"https:\/\/butxacatv.com\/","name":"BUTXACA TV","description":"BUTXACA TV","potentialAction":[{"@type":"SearchAction","target":{"@type":"EntryPoint","urlTemplate":"https:\/\/butxacatv.com\/?s={search_term_string}"},"query-input":"required name=search_term_string"}],"inLanguage":"es"},{"@type":"Person","@id":"https:\/\/butxacatv.com\/#\/schema\/person\/a061863d3c344ba65b6fee2ef2a1a3ea","name":"bt-administrador","url":"https:\/\/butxacatv.com\/es\/author\/bt-administrador\/"}]}},"_links":{"self":[{"href":"https:\/\/butxacatv.com\/es\/wp-json\/wp\/v2\/posts\/1539"}],"collection":[{"href":"https:\/\/butxacatv.com\/es\/wp-json\/wp\/v2\/posts"}],"about":[{"href":"https:\/\/butxacatv.com\/es\/wp-json\/wp\/v2\/types\/post"}],"author":[{"embeddable":true,"href":"https:\/\/butxacatv.com\/es\/wp-json\/wp\/v2\/users\/2"}],"replies":[{"embeddable":true,"href":"https:\/\/butxacatv.com\/es\/wp-json\/wp\/v2\/comments?post=1539"}],"version-history":[{"count":6,"href":"https:\/\/butxacatv.com\/es\/wp-json\/wp\/v2\/posts\/1539\/revisions"}],"predecessor-version":[{"id":1774,"href":"https:\/\/butxacatv.com\/es\/wp-json\/wp\/v2\/posts\/1539\/revisions\/1774"}],"wp:featuredmedia":[{"embeddable":true,"href":"https:\/\/butxacatv.com\/es\/wp-json\/wp\/v2\/media\/1525"}],"wp:attachment":[{"href":"https:\/\/butxacatv.com\/es\/wp-json\/wp\/v2\/media?parent=1539"}],"wp:term":[{"taxonomy":"category","embeddable":true,"href":"https:\/\/butxacatv.com\/es\/wp-json\/wp\/v2\/categories?post=1539"},{"taxonomy":"post_tag","embeddable":true,"href":"https:\/\/butxacatv.com\/es\/wp-json\/wp\/v2\/tags?post=1539"}],"curies":[{"name":"wp","href":"https:\/\/api.w.org\/{rel}","templated":true}]}}