{"id":3422,"date":"2023-02-18T16:00:00","date_gmt":"2023-02-18T15:00:00","guid":{"rendered":"https:\/\/butxacatv.com\/?p=3422"},"modified":"2023-05-19T11:39:51","modified_gmt":"2023-05-19T09:39:51","slug":"round-tables-of-the-ucs-courses-of-the-2nd-semester-22-23","status":"publish","type":"post","link":"https:\/\/butxacatv.com\/en\/round-tables-of-the-ucs-courses-of-the-2nd-semester-22-23\/","title":{"rendered":"Round Tables of the UCS courses of the 2nd semester 22\/23"},"content":{"rendered":"\n<style type=\"text\/css\" data-created_by=\"avia_inline_auto\" id=\"style-css-av-wyzjz2-9be44ea1b303aba1c015ae39c22894af\">\n.flex_column.av-wyzjz2-9be44ea1b303aba1c015ae39c22894af{\n-webkit-border-radius:0px 0px 0px 0px;\n-moz-border-radius:0px 0px 0px 0px;\nborder-radius:0px 0px 0px 0px;\npadding:0px 0px 0px 0px;\n}\n<\/style>\n<div  class='flex_column av-wyzjz2-9be44ea1b303aba1c015ae39c22894af av_one_half  avia-builder-el-0  el_before_av_hr  avia-builder-el-first  first flex_column_div av-zero-column-padding  '     ><style type=\"text\/css\" data-created_by=\"avia_inline_auto\" id=\"style-css-av-v5d5oe-33ea2f2fb00f926d87cad6d58f7cfb9d\">\n.avia-image-container.av-v5d5oe-33ea2f2fb00f926d87cad6d58f7cfb9d img.avia_image{\nbox-shadow:none;\n}\n.avia-image-container.av-v5d5oe-33ea2f2fb00f926d87cad6d58f7cfb9d .av-image-caption-overlay-center{\ncolor:#ffffff;\n}\n<\/style>\n<div  class='avia-image-container av-v5d5oe-33ea2f2fb00f926d87cad6d58f7cfb9d av-styling- avia-align-left  avia-builder-el-1  avia-builder-el-no-sibling '   itemprop=\"image\" itemscope=\"itemscope\" itemtype=\"https:\/\/schema.org\/ImageObject\" ><div class=\"avia-image-container-inner\"><div class=\"avia-image-overlay-wrap\"><img decoding=\"async\" class='wp-image-1949 avia-img-lazy-loading-not-1949 avia_image ' src=\"https:\/\/butxacatv.com\/wp-content\/uploads\/2021\/04\/ok1-300x188.jpg\" alt='' title='ok1'  height=\"188\" width=\"300\"  itemprop=\"thumbnailUrl\" srcset=\"https:\/\/butxacatv.com\/wp-content\/uploads\/2021\/04\/ok1-300x188.jpg 300w, https:\/\/butxacatv.com\/wp-content\/uploads\/2021\/04\/ok1.jpg 400w\" sizes=\"(max-width: 300px) 100vw, 300px\" \/><\/div><\/div><\/div><\/div>\n<div  class='hr av-t37tzy-7626b52931d38e2e0ebb8d71c0928e07 hr-default  avia-builder-el-2  el_after_av_one_half  el_before_av_textblock '><span class='hr-inner '><span class=\"hr-inner-style\"><\/span><\/span><\/div>\n<section  class='av_textblock_section av-lht77c27-c3777525f56e7cf2da19bfed1d72b5a3 '   itemscope=\"itemscope\" itemtype=\"https:\/\/schema.org\/BlogPosting\" itemprop=\"blogPost\" ><div class='avia_textblock'  itemprop=\"text\" ><p><strong>Organizing company\/entity:<\/strong> Social Commitment Unit (UdG)<\/p>\n<p>It consisted of eight programs:<\/p>\n<ul>\n<li style=\"list-style-type: none\">\n<ul>\n<li>Cooperation for development<\/li>\n<li>Making racism visible: discourses, practices and resistances<\/li>\n<li>Introduction to sexual and gender diversity<\/li>\n<li>Drug use and drug addiction: divergences and confluences<\/li>\n<li>Introduction to working with people with disabilities<\/li>\n<li>Eating disorders<\/li>\n<li>Prevention of suicidal behavior<\/li>\n<li>Right to human mobility<\/li>\n<\/ul>\n<\/li>\n<\/ul>\n<p>Live roundtables on the YouTube and Facebook channels of the Social Commitment Unit of the UdG. With the participation of the speakers who have participated in the pills of the training courses, with the aim that registered university students can interact with the speakers through chats and resolve doubts.<\/p>\n<\/div><\/section>\n\n<style type=\"text\/css\" data-created_by=\"avia_inline_auto\" id=\"style-css-av-rseipa-885f00212e026688537bdaaeae8be83c\">\n#top .hr.av-rseipa-885f00212e026688537bdaaeae8be83c{\nmargin-top:30px;\nmargin-bottom:30px;\n}\n.hr.av-rseipa-885f00212e026688537bdaaeae8be83c .hr-inner{\nwidth:50px;\n}\n<\/style>\n<div  id=\"presentacio\"  class='hr av-rseipa-885f00212e026688537bdaaeae8be83c hr-custom  avia-builder-el-4  el_after_av_textblock  el_before_av_video  hr-center hr-icon-no'><span class='hr-inner inner-border-av-border-thin'><span class=\"hr-inner-style\"><\/span><\/span><\/div>\n<div  id=\"voluntariat\"  class='avia-video av-pw3ggu-854000e92c1f3181a5075581e6046a8e avia-video-16-9 av-no-preview-image avia-video-load-always av-lazyload-immediate av-lazyload-video-embed'  itemprop=\"video\" itemtype=\"https:\/\/schema.org\/VideoObject\"  data-original_url='https:\/\/www.youtube.com\/watch?v=H4R6den2hvY'><script type='text\/html' class='av-video-tmpl'><div class='avia-iframe-wrap'><iframe title=\"\ud83d\udce3  DIRECTE - 23 de FEBRER 2023 - 16h, UCS. Taula rodona: Cooperaci\u00f3 per al desenvolupament\" width=\"1500\" height=\"844\" src=\"https:\/\/www.youtube.com\/embed\/H4R6den2hvY?feature=oembed&autoplay=0&loop=0&controls=1&mute=0\" frameborder=\"0\" allow=\"accelerometer; autoplay; clipboard-write; encrypted-media; gyroscope; picture-in-picture; web-share\" allowfullscreen><\/iframe><\/div><\/script><div class='av-click-to-play-overlay'><div class=\"avia_playpause_icon\"><\/div><\/div><\/div>\n<div  id=\"bols\"  class='hr av-oqqwi6-8a288c57acbe71eb0626886fb885ee59 hr-default  avia-builder-el-6  el_after_av_video  el_before_av_video '><span class='hr-inner '><span class=\"hr-inner-style\"><\/span><\/span><\/div>\n<div  id=\"sostenibilitat\"  class='avia-video av-mm1exa-f43e813e85fd845c7bf1dd057ac64e5d avia-video-16-9 av-no-preview-image avia-video-load-always av-lazyload-immediate av-lazyload-video-embed'  itemprop=\"video\" itemtype=\"https:\/\/schema.org\/VideoObject\"  data-original_url='https:\/\/www.youtube.com\/watch?v=Rp8z9pZXeM8'><script type='text\/html' class='av-video-tmpl'><div class='avia-iframe-wrap'><iframe title=\"\ud83d\udce3  DIRECTE - 2 de MAR\u00c7 2023 - 16h, UCS. Taula rodona: Visibilitzant els racismes\" width=\"1500\" height=\"844\" src=\"https:\/\/www.youtube.com\/embed\/Rp8z9pZXeM8?feature=oembed&autoplay=0&loop=0&controls=1&mute=0\" frameborder=\"0\" allow=\"accelerometer; autoplay; clipboard-write; encrypted-media; gyroscope; picture-in-picture; web-share\" allowfullscreen><\/iframe><\/div><\/script><div class='av-click-to-play-overlay'><div class=\"avia_playpause_icon\"><\/div><\/div><\/div>\n<div  id=\"consells\"  class='hr av-k57jgu-cac05bc49198d723332b41c58e33572d hr-default  avia-builder-el-8  el_after_av_video  el_before_av_video '><span class='hr-inner '><span class=\"hr-inner-style\"><\/span><\/span><\/div>\n<div  id=\"perspectiva\"  class='avia-video av-iw1dsu-8fc1c0af9cb0ed265b67b5a8694804a0 avia-video-16-9 av-no-preview-image avia-video-load-always av-lazyload-immediate av-lazyload-video-embed'  itemprop=\"video\" itemtype=\"https:\/\/schema.org\/VideoObject\"  data-original_url='https:\/\/www.youtube.com\/watch?v=DkkOp0bWaGM'><script type='text\/html' class='av-video-tmpl'><div class='avia-iframe-wrap'><iframe title=\"\ud83d\udce3 DIRECTE - 9 de MAR\u00c7 2023 - 16h, UCS. Taula rodona: Introducci\u00f3 a la diversitat sexual i de g\u00e8nere\" width=\"1500\" height=\"844\" src=\"https:\/\/www.youtube.com\/embed\/DkkOp0bWaGM?feature=oembed&autoplay=0&loop=0&controls=1&mute=0\" frameborder=\"0\" allow=\"accelerometer; autoplay; clipboard-write; encrypted-media; gyroscope; picture-in-picture; web-share\" allowfullscreen><\/iframe><\/div><\/script><div class='av-click-to-play-overlay'><div class=\"avia_playpause_icon\"><\/div><\/div><\/div>\n<div  id=\"show\"  class='hr av-gq3yfi-06b6ed7291a3b11a90ea38b2be31b3ff hr-default  avia-builder-el-10  el_after_av_video  el_before_av_video '><span class='hr-inner '><span class=\"hr-inner-style\"><\/span><\/span><\/div>\n<div  id=\"mobilitat\"  class='avia-video av-f4l1ym-2b36ac40b0eed5a91425fc8ce57d74f3 avia-video-16-9 av-no-preview-image avia-video-load-always av-lazyload-immediate av-lazyload-video-embed'  itemprop=\"video\" itemtype=\"https:\/\/schema.org\/VideoObject\"  data-original_url='https:\/\/www.youtube.com\/watch?v=38Bjvg1I9CA'><script type='text\/html' class='av-video-tmpl'><div class='avia-iframe-wrap'><iframe title=\"\ud83d\udce3  DIRECTE - 16 de MAR\u00c7 2023 - 16h, UCS. Taula rodona: Consum de drogues i drogodepend\u00e8ncies\" width=\"1500\" height=\"844\" src=\"https:\/\/www.youtube.com\/embed\/38Bjvg1I9CA?feature=oembed&autoplay=0&loop=0&controls=1&mute=0\" frameborder=\"0\" allow=\"accelerometer; autoplay; clipboard-write; encrypted-media; gyroscope; picture-in-picture; web-share\" allowfullscreen><\/iframe><\/div><\/script><div class='av-click-to-play-overlay'><div class=\"avia_playpause_icon\"><\/div><\/div><\/div>\n<div  id=\"benestar\"  class='hr av-etolvi-03d5accff7e8f362aebb614f23b2bc1c hr-default  avia-builder-el-12  el_after_av_video  el_before_av_video '><span class='hr-inner '><span class=\"hr-inner-style\"><\/span><\/span><\/div>\n<div  id=\"mobilitat\"  class='avia-video av-crns8e-53853ac5ea96728eaae578b461061f20 avia-video-16-9 av-no-preview-image avia-video-load-always av-lazyload-immediate av-lazyload-video-embed'  itemprop=\"video\" itemtype=\"https:\/\/schema.org\/VideoObject\"  data-original_url='https:\/\/www.youtube.com\/watch?v=EUOFTs8V2EM'><script type='text\/html' class='av-video-tmpl'><div class='avia-iframe-wrap'><iframe title=\"\ud83d\udce3  DIRECTE - 23 de MAR\u00c7 - 16h. Taula rodona: Introducci\u00f3 al treball amb persones amb discapacitat\" width=\"1500\" height=\"844\" src=\"https:\/\/www.youtube.com\/embed\/EUOFTs8V2EM?feature=oembed&autoplay=0&loop=0&controls=1&mute=0\" frameborder=\"0\" allow=\"accelerometer; autoplay; clipboard-write; encrypted-media; gyroscope; picture-in-picture; web-share\" allowfullscreen><\/iframe><\/div><\/script><div class='av-click-to-play-overlay'><div class=\"avia_playpause_icon\"><\/div><\/div><\/div>\n<div  id=\"benestar\"  class='hr av-b996z2-17e63e0bcd8f6463b89fa2e277bcf86c hr-default  avia-builder-el-14  el_after_av_video  el_before_av_video '><span class='hr-inner '><span class=\"hr-inner-style\"><\/span><\/span><\/div>\n<div  id=\"mobilitat\"  class='avia-video av-8w34vy-6beba847650e9af387d21abc8e65674c avia-video-16-9 av-no-preview-image avia-video-load-always av-lazyload-immediate av-lazyload-video-embed'  itemprop=\"video\" itemtype=\"https:\/\/schema.org\/VideoObject\"  data-original_url='https:\/\/www.youtube.com\/watch?v=SF6hguU9y_8'><script type='text\/html' class='av-video-tmpl'><div class='avia-iframe-wrap'><iframe title=\"\ud83d\udce3  DIRECTE - 30 de Mar\u00e7 2023 - 16h, UCS. Taula rodona: Trastorns de la conducta aliment\u00e0ria\" width=\"1500\" height=\"844\" src=\"https:\/\/www.youtube.com\/embed\/SF6hguU9y_8?feature=oembed&autoplay=0&loop=0&controls=1&mute=0\" frameborder=\"0\" allow=\"accelerometer; autoplay; clipboard-write; encrypted-media; gyroscope; picture-in-picture; web-share\" allowfullscreen><\/iframe><\/div><\/script><div class='av-click-to-play-overlay'><div class=\"avia_playpause_icon\"><\/div><\/div><\/div>\n<div  id=\"benestar\"  class='hr av-82hgou-9889a11d5ac0eb86aa4bb84bbe39447b hr-default  avia-builder-el-16  el_after_av_video  el_before_av_video '><span class='hr-inner '><span class=\"hr-inner-style\"><\/span><\/span><\/div>\n<div  id=\"mobilitat\"  class='avia-video av-6feem6-17a1d616b99962cdaf1d888ceae5bcc4 avia-video-16-9 av-no-preview-image avia-video-load-always av-lazyload-immediate av-lazyload-video-embed'  itemprop=\"video\" itemtype=\"https:\/\/schema.org\/VideoObject\"  data-original_url='https:\/\/www.youtube.com\/watch?v=883ItsrPl04'><script type='text\/html' class='av-video-tmpl'><div class='avia-iframe-wrap'><iframe title=\"\ud83d\udce3  DIRECTE - 13 d\u2019abril 2023 - 16h, UCS. Taula rodona: Prevenci\u00f3 de la conducta su\u00efcida\" width=\"1500\" height=\"844\" src=\"https:\/\/www.youtube.com\/embed\/883ItsrPl04?feature=oembed&autoplay=0&loop=0&controls=1&mute=0\" frameborder=\"0\" allow=\"accelerometer; autoplay; clipboard-write; encrypted-media; gyroscope; picture-in-picture; web-share\" allowfullscreen><\/iframe><\/div><\/script><div class='av-click-to-play-overlay'><div class=\"avia_playpause_icon\"><\/div><\/div><\/div>\n<div  id=\"benestar\"  class='hr av-4a4rq6-32a12501c95e987846e8254a06c70b37 hr-default  avia-builder-el-18  el_after_av_video  el_before_av_video '><span class='hr-inner '><span class=\"hr-inner-style\"><\/span><\/span><\/div>\n<div  id=\"mobilitat\"  class='avia-video av-1zlvke-35d20edd0cadec8a7f63ec0e3f9ba7ff avia-video-16-9 av-no-preview-image avia-video-load-always av-lazyload-immediate av-lazyload-video-embed'  itemprop=\"video\" itemtype=\"https:\/\/schema.org\/VideoObject\"  data-original_url='https:\/\/www.youtube.com\/watch?v=ZDMsPAJkk3o'><script type='text\/html' class='av-video-tmpl'><div class='avia-iframe-wrap'><iframe title=\"\ud83d\udce3 DIRECTE - 4 de MAIG 2023 - 18h, UCS. Taula rodona: El dret a la mobilitat humana\" width=\"1500\" height=\"844\" src=\"https:\/\/www.youtube.com\/embed\/ZDMsPAJkk3o?feature=oembed&autoplay=0&loop=0&controls=1&mute=0\" frameborder=\"0\" allow=\"accelerometer; autoplay; clipboard-write; encrypted-media; gyroscope; picture-in-picture; web-share\" allowfullscreen><\/iframe><\/div><\/script><div class='av-click-to-play-overlay'><div class=\"avia_playpause_icon\"><\/div><\/div><\/div>\n","protected":false},"excerpt":{"rendered":"","protected":false},"author":2,"featured_media":3415,"comment_status":"closed","ping_status":"closed","sticky":false,"template":"","format":"standard","meta":[],"categories":[72,73],"tags":[],"yoast_head":"<!-- This site is optimized with the Yoast SEO plugin v20.9 - https:\/\/yoast.com\/wordpress\/plugins\/seo\/ -->\n<title>Round Tables of the UCS courses of the 2nd semester 22\/23 - BUTXACA TV<\/title>\n<meta name=\"robots\" content=\"index, follow, max-snippet:-1, max-image-preview:large, max-video-preview:-1\" \/>\n<link rel=\"canonical\" href=\"https:\/\/butxacatv.com\/en\/round-tables-of-the-ucs-courses-of-the-2nd-semester-22-23\/\" \/>\n<meta property=\"og:locale\" content=\"en_US\" \/>\n<meta property=\"og:type\" content=\"article\" \/>\n<meta property=\"og:title\" content=\"Round Tables of the UCS courses of the 2nd semester 22\/23 - BUTXACA TV\" \/>\n<meta property=\"og:url\" content=\"https:\/\/butxacatv.com\/en\/round-tables-of-the-ucs-courses-of-the-2nd-semester-22-23\/\" \/>\n<meta property=\"og:site_name\" content=\"BUTXACA TV\" \/>\n<meta property=\"article:publisher\" content=\"https:\/\/www.facebook.com\/Butxacatv\" \/>\n<meta property=\"article:published_time\" content=\"2023-02-18T15:00:00+00:00\" \/>\n<meta property=\"article:modified_time\" content=\"2023-05-19T09:39:51+00:00\" \/>\n<meta property=\"og:image\" content=\"https:\/\/butxacatv.com\/wp-content\/uploads\/2023\/05\/5_045B_Taula-rodona-UCS-UdGDiscap_cartela_OK.jpg\" \/>\n\t<meta property=\"og:image:width\" content=\"1920\" \/>\n\t<meta property=\"og:image:height\" content=\"1080\" \/>\n\t<meta property=\"og:image:type\" content=\"image\/jpeg\" \/>\n<meta name=\"author\" content=\"bt-administrador\" \/>\n<meta name=\"twitter:label1\" content=\"Written by\" \/>\n\t<meta name=\"twitter:data1\" content=\"bt-administrador\" \/>\n\t<meta name=\"twitter:label2\" content=\"Est. reading time\" \/>\n\t<meta name=\"twitter:data2\" content=\"3 minutes\" \/>\n<script type=\"application\/ld+json\" class=\"yoast-schema-graph\">{\"@context\":\"https:\/\/schema.org\",\"@graph\":[{\"@type\":\"WebPage\",\"@id\":\"https:\/\/butxacatv.com\/en\/round-tables-of-the-ucs-courses-of-the-2nd-semester-22-23\/\",\"url\":\"https:\/\/butxacatv.com\/en\/round-tables-of-the-ucs-courses-of-the-2nd-semester-22-23\/\",\"name\":\"Round Tables of the UCS courses of the 2nd semester 22\/23 - BUTXACA TV\",\"isPartOf\":{\"@id\":\"https:\/\/butxacatv.com\/#website\"},\"datePublished\":\"2023-02-18T15:00:00+00:00\",\"dateModified\":\"2023-05-19T09:39:51+00:00\",\"author\":{\"@id\":\"https:\/\/butxacatv.com\/#\/schema\/person\/a061863d3c344ba65b6fee2ef2a1a3ea\"},\"breadcrumb\":{\"@id\":\"https:\/\/butxacatv.com\/en\/round-tables-of-the-ucs-courses-of-the-2nd-semester-22-23\/#breadcrumb\"},\"inLanguage\":\"en-US\",\"potentialAction\":[{\"@type\":\"ReadAction\",\"target\":[\"https:\/\/butxacatv.com\/en\/round-tables-of-the-ucs-courses-of-the-2nd-semester-22-23\/\"]}]},{\"@type\":\"BreadcrumbList\",\"@id\":\"https:\/\/butxacatv.com\/en\/round-tables-of-the-ucs-courses-of-the-2nd-semester-22-23\/#breadcrumb\",\"itemListElement\":[{\"@type\":\"ListItem\",\"position\":1,\"name\":\"Portada\",\"item\":\"https:\/\/butxacatv.com\/en\/home\/\"},{\"@type\":\"ListItem\",\"position\":2,\"name\":\"Round Tables of the UCS courses of the 2nd semester 22\/23\"}]},{\"@type\":\"WebSite\",\"@id\":\"https:\/\/butxacatv.com\/#website\",\"url\":\"https:\/\/butxacatv.com\/\",\"name\":\"BUTXACA TV\",\"description\":\"BUTXACA TV\",\"potentialAction\":[{\"@type\":\"SearchAction\",\"target\":{\"@type\":\"EntryPoint\",\"urlTemplate\":\"https:\/\/butxacatv.com\/?s={search_term_string}\"},\"query-input\":\"required name=search_term_string\"}],\"inLanguage\":\"en-US\"},{\"@type\":\"Person\",\"@id\":\"https:\/\/butxacatv.com\/#\/schema\/person\/a061863d3c344ba65b6fee2ef2a1a3ea\",\"name\":\"bt-administrador\",\"url\":\"https:\/\/butxacatv.com\/en\/author\/bt-administrador\/\"}]}<\/script>\n<!-- \/ Yoast SEO plugin. -->","yoast_head_json":{"title":"Round Tables of the UCS courses of the 2nd semester 22\/23 - BUTXACA TV","robots":{"index":"index","follow":"follow","max-snippet":"max-snippet:-1","max-image-preview":"max-image-preview:large","max-video-preview":"max-video-preview:-1"},"canonical":"https:\/\/butxacatv.com\/en\/round-tables-of-the-ucs-courses-of-the-2nd-semester-22-23\/","og_locale":"en_US","og_type":"article","og_title":"Round Tables of the UCS courses of the 2nd semester 22\/23 - BUTXACA TV","og_url":"https:\/\/butxacatv.com\/en\/round-tables-of-the-ucs-courses-of-the-2nd-semester-22-23\/","og_site_name":"BUTXACA TV","article_publisher":"https:\/\/www.facebook.com\/Butxacatv","article_published_time":"2023-02-18T15:00:00+00:00","article_modified_time":"2023-05-19T09:39:51+00:00","og_image":[{"width":1920,"height":1080,"url":"https:\/\/butxacatv.com\/wp-content\/uploads\/2023\/05\/5_045B_Taula-rodona-UCS-UdGDiscap_cartela_OK.jpg","type":"image\/jpeg"}],"author":"bt-administrador","twitter_misc":{"Written by":"bt-administrador","Est. reading time":"3 minutes"},"schema":{"@context":"https:\/\/schema.org","@graph":[{"@type":"WebPage","@id":"https:\/\/butxacatv.com\/en\/round-tables-of-the-ucs-courses-of-the-2nd-semester-22-23\/","url":"https:\/\/butxacatv.com\/en\/round-tables-of-the-ucs-courses-of-the-2nd-semester-22-23\/","name":"Round Tables of the UCS courses of the 2nd semester 22\/23 - BUTXACA TV","isPartOf":{"@id":"https:\/\/butxacatv.com\/#website"},"datePublished":"2023-02-18T15:00:00+00:00","dateModified":"2023-05-19T09:39:51+00:00","author":{"@id":"https:\/\/butxacatv.com\/#\/schema\/person\/a061863d3c344ba65b6fee2ef2a1a3ea"},"breadcrumb":{"@id":"https:\/\/butxacatv.com\/en\/round-tables-of-the-ucs-courses-of-the-2nd-semester-22-23\/#breadcrumb"},"inLanguage":"en-US","potentialAction":[{"@type":"ReadAction","target":["https:\/\/butxacatv.com\/en\/round-tables-of-the-ucs-courses-of-the-2nd-semester-22-23\/"]}]},{"@type":"BreadcrumbList","@id":"https:\/\/butxacatv.com\/en\/round-tables-of-the-ucs-courses-of-the-2nd-semester-22-23\/#breadcrumb","itemListElement":[{"@type":"ListItem","position":1,"name":"Portada","item":"https:\/\/butxacatv.com\/en\/home\/"},{"@type":"ListItem","position":2,"name":"Round Tables of the UCS courses of the 2nd semester 22\/23"}]},{"@type":"WebSite","@id":"https:\/\/butxacatv.com\/#website","url":"https:\/\/butxacatv.com\/","name":"BUTXACA TV","description":"BUTXACA TV","potentialAction":[{"@type":"SearchAction","target":{"@type":"EntryPoint","urlTemplate":"https:\/\/butxacatv.com\/?s={search_term_string}"},"query-input":"required name=search_term_string"}],"inLanguage":"en-US"},{"@type":"Person","@id":"https:\/\/butxacatv.com\/#\/schema\/person\/a061863d3c344ba65b6fee2ef2a1a3ea","name":"bt-administrador","url":"https:\/\/butxacatv.com\/en\/author\/bt-administrador\/"}]}},"_links":{"self":[{"href":"https:\/\/butxacatv.com\/en\/wp-json\/wp\/v2\/posts\/3422"}],"collection":[{"href":"https:\/\/butxacatv.com\/en\/wp-json\/wp\/v2\/posts"}],"about":[{"href":"https:\/\/butxacatv.com\/en\/wp-json\/wp\/v2\/types\/post"}],"author":[{"embeddable":true,"href":"https:\/\/butxacatv.com\/en\/wp-json\/wp\/v2\/users\/2"}],"replies":[{"embeddable":true,"href":"https:\/\/butxacatv.com\/en\/wp-json\/wp\/v2\/comments?post=3422"}],"version-history":[{"count":6,"href":"https:\/\/butxacatv.com\/en\/wp-json\/wp\/v2\/posts\/3422\/revisions"}],"predecessor-version":[{"id":3475,"href":"https:\/\/butxacatv.com\/en\/wp-json\/wp\/v2\/posts\/3422\/revisions\/3475"}],"wp:featuredmedia":[{"embeddable":true,"href":"https:\/\/butxacatv.com\/en\/wp-json\/wp\/v2\/media\/3415"}],"wp:attachment":[{"href":"https:\/\/butxacatv.com\/en\/wp-json\/wp\/v2\/media?parent=3422"}],"wp:term":[{"taxonomy":"category","embeddable":true,"href":"https:\/\/butxacatv.com\/en\/wp-json\/wp\/v2\/categories?post=3422"},{"taxonomy":"post_tag","embeddable":true,"href":"https:\/\/butxacatv.com\/en\/wp-json\/wp\/v2\/tags?post=3422"}],"curies":[{"name":"wp","href":"https:\/\/api.w.org\/{rel}","templated":true}]}}