{"id":3239,"date":"2022-10-28T16:14:36","date_gmt":"2022-10-28T14:14:36","guid":{"rendered":"https:\/\/butxacatv.com\/?p=3239"},"modified":"2022-12-22T16:54:07","modified_gmt":"2022-12-22T15:54:07","slug":"round-tables-of-the-ucs-courses-of-the-1st-semester-22-23","status":"publish","type":"post","link":"https:\/\/butxacatv.com\/en\/round-tables-of-the-ucs-courses-of-the-1st-semester-22-23\/","title":{"rendered":"Round Tables of the UCS courses of the 1st semester 22\/23"},"content":{"rendered":"\n<style type=\"text\/css\" data-created_by=\"avia_inline_auto\" id=\"style-css-av-a8lj47-938a433c06e863f440d36fa0c89616ee\">\n.flex_column.av-a8lj47-938a433c06e863f440d36fa0c89616ee{\n-webkit-border-radius:0px 0px 0px 0px;\n-moz-border-radius:0px 0px 0px 0px;\nborder-radius:0px 0px 0px 0px;\npadding:0px 0px 0px 0px;\n}\n<\/style>\n<div  class='flex_column av-a8lj47-938a433c06e863f440d36fa0c89616ee av_one_half  avia-builder-el-0  el_before_av_hr  avia-builder-el-first  first flex_column_div av-zero-column-padding  '     ><div  class='avia-slideshow av-8yp83b-fa183e9555c7b19545294e4c24d47d0a avia-slideshow-medium av_slideshow avia-slide-slider  avia-builder-el-1  avia-builder-el-no-sibling  av-slideshow-ui av-control-default av-slideshow-autoplay av-loop-endless av-loop-manual-endless av-default-height-applied avia-slideshow-1' data-slideshow-options=\"{&quot;animation&quot;:&quot;slide&quot;,&quot;autoplay&quot;:true,&quot;loop_autoplay&quot;:&quot;endless&quot;,&quot;interval&quot;:5,&quot;loop_manual&quot;:&quot;manual-endless&quot;,&quot;autoplay_stopper&quot;:false,&quot;noNavigation&quot;:false,&quot;bg_slider&quot;:false,&quot;keep_padding&quot;:false,&quot;hoverpause&quot;:false,&quot;show_slide_delay&quot;:0}\"  itemprop=\"image\" itemscope=\"itemscope\" itemtype=\"https:\/\/schema.org\/ImageObject\" ><ul class='avia-slideshow-inner ' style='padding-bottom: 100%;'><li  class='avia-slideshow-slide av-8yp83b-fa183e9555c7b19545294e4c24d47d0a__0  av-single-slide slide-1 slide-odd'><div data-rel='slideshow-1' class='avia-slide-wrap '   ><img decoding=\"async\" class=\"wp-image-1128 avia-img-lazy-loading-not-1128\"  src=\"https:\/\/butxacatv.com\/wp-content\/uploads\/2020\/12\/unitat-de-compromis-social-udg-300x300.jpg\" width=\"300\" height=\"300\" title='unitat de compromis social udg' alt=''  itemprop=\"thumbnailUrl\" srcset=\"https:\/\/butxacatv.com\/wp-content\/uploads\/2020\/12\/unitat-de-compromis-social-udg-300x300.jpg 300w, https:\/\/butxacatv.com\/wp-content\/uploads\/2020\/12\/unitat-de-compromis-social-udg-100x100.jpg 100w, https:\/\/butxacatv.com\/wp-content\/uploads\/2020\/12\/unitat-de-compromis-social-udg-80x80.jpg 80w, https:\/\/butxacatv.com\/wp-content\/uploads\/2020\/12\/unitat-de-compromis-social-udg-36x36.jpg 36w, https:\/\/butxacatv.com\/wp-content\/uploads\/2020\/12\/unitat-de-compromis-social-udg-180x180.jpg 180w, https:\/\/butxacatv.com\/wp-content\/uploads\/2020\/12\/unitat-de-compromis-social-udg.jpg 600w\" sizes=\"(max-width: 300px) 100vw, 300px\" \/><\/div><\/li><\/ul><\/div><\/div>\n<div  class='hr av-65ygtj-e94b3a645c25a35c51920f14bcdd5de2 hr-default  avia-builder-el-2  el_after_av_one_half  el_before_av_textblock '><span class='hr-inner '><span class=\"hr-inner-style\"><\/span><\/span><\/div>\n<section  class='av_textblock_section av-l9sks2e1-766fda812b4ceca8f4fb233aa8c5d14c '   itemscope=\"itemscope\" itemtype=\"https:\/\/schema.org\/BlogPosting\" itemprop=\"blogPost\" ><div class='avia_textblock'  itemprop=\"text\" ><p><strong>Company\/organizing entity:<\/strong> Social Commitment Unit of the UdG<\/p>\n<p>Live roundtables on the YouTube and Facebook channels of the Social Commitment Unit of the UdG. With the participation of the speakers who have participated in the pills of the training courses, with the aim that registered university students can interact with the speakers through chats and resolve doubts.<\/p>\n<ol>\n<li>Round Table <strong>Introduction to volunteering<\/strong><\/li>\n<li>Round Table <strong>Introduction to sustainability<\/strong><\/li>\n<li>Round Table <strong>Introduction to the gender perspective<\/strong><\/li>\n<li>Round Table <strong>Introduction to the Management of Responses to Humanitarian Emergencies<\/strong><\/li>\n<li>Round Table <strong>Prevention of Eating Disorders<\/strong><\/li>\n<li>Round Table <strong>Introduction to the Sustainable Development Agenda<\/strong><\/li>\n<li>Round Table <strong>Preventing suicidal behavior: guardians of mental health<\/strong><\/li>\n<\/ol>\n<\/div><\/section>\n<div  class='hr av-4dlq1j-3ce0153ec587661990a01687b90bc143 hr-default  avia-builder-el-4  el_after_av_textblock  el_before_av_video '><span class='hr-inner '><span class=\"hr-inner-style\"><\/span><\/span><\/div>\n<div  class='avia-video av-273ahz-202588c934301711cfd09abc3f4074dd avia-video-16-9 av-no-preview-image avia-video-load-always av-lazyload-immediate av-lazyload-video-embed'  itemprop=\"video\" itemtype=\"https:\/\/schema.org\/VideoObject\"  data-original_url='https:\/\/www.youtube.com\/watch?v=U1p_g3JoIQE'><script type='text\/html' class='av-video-tmpl'><div class='avia-iframe-wrap'><iframe title=\"\ud83d\udce3  DIRECTE - 27 d&#039;octubre 2022 - 16h, UCS. Taula rodona: Introducci\u00f3 al voluntariat\" width=\"1500\" height=\"844\" src=\"https:\/\/www.youtube.com\/embed\/U1p_g3JoIQE?feature=oembed&autoplay=0&loop=0&controls=1&mute=0\" frameborder=\"0\" allow=\"accelerometer; autoplay; clipboard-write; encrypted-media; gyroscope; picture-in-picture\" allowfullscreen><\/iframe><\/div><\/script><div class='av-click-to-play-overlay'><div class=\"avia_playpause_icon\"><\/div><\/div><\/div>\n<div  class='hr av-5o318n-0d1d87a9f0cf87bb04630ce2f580aec5 hr-default  avia-builder-el-6  el_after_av_video  el_before_av_video '><span class='hr-inner '><span class=\"hr-inner-style\"><\/span><\/span><\/div>\n<div  class='avia-video av-lac9kq2r-c9cbec869fe9257783e6a042c5f683e3 avia-video-16-9 av-no-preview-image avia-video-load-always av-lazyload-immediate av-lazyload-video-embed'  itemprop=\"video\" itemtype=\"https:\/\/schema.org\/VideoObject\"  data-original_url='https:\/\/www.youtube.com\/watch?v=SeOASMbaXz4'><script type='text\/html' class='av-video-tmpl'><div class='avia-iframe-wrap'><iframe title=\"\ud83d\udce3  DIRECTE - 3 de novembre 2022 - 16h, UCS. Taula rodona: Introducci\u00f3 a la sostenibilitat\" width=\"1500\" height=\"844\" src=\"https:\/\/www.youtube.com\/embed\/SeOASMbaXz4?feature=oembed&autoplay=0&loop=0&controls=1&mute=0\" frameborder=\"0\" allow=\"accelerometer; autoplay; clipboard-write; encrypted-media; gyroscope; picture-in-picture\" allowfullscreen><\/iframe><\/div><\/script><div class='av-click-to-play-overlay'><div class=\"avia_playpause_icon\"><\/div><\/div><\/div>\n<div  class='hr av-4exipz-05f4479d83863c102417d28492a1fd1d hr-default  avia-builder-el-8  el_after_av_video  el_before_av_video '><span class='hr-inner '><span class=\"hr-inner-style\"><\/span><\/span><\/div>\n<div  class='avia-video av-lac9l9ie-c927c73fcbe69b97b26afe117946221d avia-video-16-9 av-no-preview-image avia-video-load-always av-lazyload-immediate av-lazyload-video-embed'  itemprop=\"video\" itemtype=\"https:\/\/schema.org\/VideoObject\"  data-original_url='https:\/\/www.youtube.com\/watch?v=LuYXTGfgHDw'><script type='text\/html' class='av-video-tmpl'><div class='avia-iframe-wrap'><iframe title=\"\ud83d\udce3  DIRECTE - 10 de NOVEMBRE 2022 - 16h, UCS. Taula rodona: Introducci\u00f3 a la perspectiva de g\u00e8nere\" width=\"1500\" height=\"844\" src=\"https:\/\/www.youtube.com\/embed\/LuYXTGfgHDw?feature=oembed&autoplay=0&loop=0&controls=1&mute=0\" frameborder=\"0\" allow=\"accelerometer; autoplay; clipboard-write; encrypted-media; gyroscope; picture-in-picture\" allowfullscreen><\/iframe><\/div><\/script><div class='av-click-to-play-overlay'><div class=\"avia_playpause_icon\"><\/div><\/div><\/div>\n<div  class='hr av-1uftw7-922beb5f2107e1c0369eadd7cdddaa5b hr-default  avia-builder-el-10  el_after_av_video  el_before_av_video '><span class='hr-inner '><span class=\"hr-inner-style\"><\/span><\/span><\/div>\n<div  class='avia-video av-lac9lw6s-83eba6649196d74e176d5f6663becc82 avia-video-16-9 av-no-preview-image avia-video-load-always av-lazyload-immediate av-lazyload-video-embed'  itemprop=\"video\" itemtype=\"https:\/\/schema.org\/VideoObject\"  data-original_url='https:\/\/www.youtube.com\/watch?v=mXpIDcejLXE'><script type='text\/html' class='av-video-tmpl'><div class='avia-iframe-wrap'><iframe title=\"\ud83d\udce3  DIRECTE - 17 NOV 2022 - 16h, UCS. Taula rodona: Gesti\u00f3 de respostes a emerg\u00e8ncies humanit\u00e0ries\" width=\"1500\" height=\"844\" src=\"https:\/\/www.youtube.com\/embed\/mXpIDcejLXE?feature=oembed&autoplay=0&loop=0&controls=1&mute=0\" frameborder=\"0\" allow=\"accelerometer; autoplay; clipboard-write; encrypted-media; gyroscope; picture-in-picture\" allowfullscreen><\/iframe><\/div><\/script><div class='av-click-to-play-overlay'><div class=\"avia_playpause_icon\"><\/div><\/div><\/div>\n<div  class='hr av-2ygsw7-6d994e94b39c6a6e45aa5008ba8fd295 hr-default  avia-builder-el-12  el_after_av_video  el_before_av_video '><span class='hr-inner '><span class=\"hr-inner-style\"><\/span><\/span><\/div>\n<div  class='avia-video av-lasbndij-cc73dc20af64f2d2cff676d461488a14 avia-video-16-9 av-no-preview-image avia-video-load-always av-lazyload-immediate av-lazyload-video-embed'  itemprop=\"video\" itemtype=\"https:\/\/schema.org\/VideoObject\"  data-original_url='https:\/\/www.youtube.com\/watch?v=5v-P3323kns'><script type='text\/html' class='av-video-tmpl'><div class='avia-iframe-wrap'><iframe title=\"\ud83d\udce3 DIRECTE - 24 de Novembre 2022 - 16h, UCS. Taula rodona: Trastorns de la conducta aliment\u00e0ria\" width=\"1500\" height=\"844\" src=\"https:\/\/www.youtube.com\/embed\/5v-P3323kns?feature=oembed&autoplay=0&loop=0&controls=1&mute=0\" frameborder=\"0\" allow=\"accelerometer; autoplay; clipboard-write; encrypted-media; gyroscope; picture-in-picture\" allowfullscreen><\/iframe><\/div><\/script><div class='av-click-to-play-overlay'><div class=\"avia_playpause_icon\"><\/div><\/div><\/div>\n<div  class='hr av-av_hr-7bacd336e8c7b574fdeac16e430feaa5 hr-default  avia-builder-el-14  el_after_av_video  el_before_av_video '><span class='hr-inner '><span class=\"hr-inner-style\"><\/span><\/span><\/div>\n<div  class='avia-video av-lbz9k2td-529e321c09d09eeeed495f93e6aae11a avia-video-16-9 av-no-preview-image avia-video-load-always av-lazyload-immediate av-lazyload-video-embed'  itemprop=\"video\" itemtype=\"https:\/\/schema.org\/VideoObject\"  data-original_url='https:\/\/www.youtube.com\/watch?v=T-tMiWwy3Co'><script type='text\/html' class='av-video-tmpl'><div class='avia-iframe-wrap'><iframe title=\"\ud83d\udce3  DIRECTE - 1 DES de 2022, UCS. Taula rodona: Introducci\u00f3 a l\u2019Agenda de Desenvolupament Sostenible\" width=\"1500\" height=\"844\" src=\"https:\/\/www.youtube.com\/embed\/T-tMiWwy3Co?feature=oembed&autoplay=0&loop=0&controls=1&mute=0\" frameborder=\"0\" allow=\"accelerometer; autoplay; clipboard-write; encrypted-media; gyroscope; picture-in-picture\" allowfullscreen><\/iframe><\/div><\/script><div class='av-click-to-play-overlay'><div class=\"avia_playpause_icon\"><\/div><\/div><\/div>\n<div  class='hr av-av_hr-7bacd336e8c7b574fdeac16e430feaa5 hr-default  avia-builder-el-16  el_after_av_video  el_before_av_video '><span class='hr-inner '><span class=\"hr-inner-style\"><\/span><\/span><\/div>\n<div  class='avia-video av-lbz9kiih-c3745f963999261ecd63450b767fdece avia-video-16-9 av-no-preview-image avia-video-load-always av-lazyload-immediate av-lazyload-video-embed'  itemprop=\"video\" itemtype=\"https:\/\/schema.org\/VideoObject\"  data-original_url='https:\/\/www.youtube.com\/watch?v=qxYsGrQvm9I'><script type='text\/html' class='av-video-tmpl'><div class='avia-iframe-wrap'><iframe title=\"\ud83d\udce3 DIRECTE - 15\/12\/2022. Taula rodona Prevenci\u00f3 de la conducta su\u00efcida: guardians de la salut mental\" width=\"1500\" height=\"844\" src=\"https:\/\/www.youtube.com\/embed\/qxYsGrQvm9I?feature=oembed&autoplay=0&loop=0&controls=1&mute=0\" frameborder=\"0\" allow=\"accelerometer; autoplay; clipboard-write; encrypted-media; gyroscope; picture-in-picture\" allowfullscreen><\/iframe><\/div><\/script><div class='av-click-to-play-overlay'><div class=\"avia_playpause_icon\"><\/div><\/div><\/div>\n","protected":false},"excerpt":{"rendered":"","protected":false},"author":2,"featured_media":3232,"comment_status":"closed","ping_status":"closed","sticky":false,"template":"","format":"standard","meta":[],"categories":[72,73],"tags":[],"yoast_head":"<!-- This site is optimized with the Yoast SEO plugin v20.9 - https:\/\/yoast.com\/wordpress\/plugins\/seo\/ -->\n<title>Round Tables of the UCS courses of the 1st semester 22\/23 - BUTXACA TV<\/title>\n<meta name=\"robots\" content=\"index, follow, max-snippet:-1, max-image-preview:large, max-video-preview:-1\" \/>\n<link rel=\"canonical\" href=\"https:\/\/butxacatv.com\/en\/round-tables-of-the-ucs-courses-of-the-1st-semester-22-23\/\" \/>\n<meta property=\"og:locale\" content=\"en_US\" \/>\n<meta property=\"og:type\" content=\"article\" \/>\n<meta property=\"og:title\" content=\"Round Tables of the UCS courses of the 1st semester 22\/23 - BUTXACA TV\" \/>\n<meta property=\"og:url\" content=\"https:\/\/butxacatv.com\/en\/round-tables-of-the-ucs-courses-of-the-1st-semester-22-23\/\" \/>\n<meta property=\"og:site_name\" content=\"BUTXACA TV\" \/>\n<meta property=\"article:publisher\" content=\"https:\/\/www.facebook.com\/Butxacatv\" \/>\n<meta property=\"article:published_time\" content=\"2022-10-28T14:14:36+00:00\" \/>\n<meta property=\"article:modified_time\" content=\"2022-12-22T15:54:07+00:00\" \/>\n<meta property=\"og:image\" content=\"https:\/\/butxacatv.com\/wp-content\/uploads\/2022\/10\/1_045B_Taula-rodona-UCS-UdG_voluntari_OK.jpg\" \/>\n\t<meta property=\"og:image:width\" content=\"1920\" \/>\n\t<meta property=\"og:image:height\" content=\"1080\" \/>\n\t<meta property=\"og:image:type\" content=\"image\/jpeg\" \/>\n<meta name=\"author\" content=\"bt-administrador\" \/>\n<meta name=\"twitter:label1\" content=\"Written by\" \/>\n\t<meta name=\"twitter:data1\" content=\"bt-administrador\" \/>\n\t<meta name=\"twitter:label2\" content=\"Est. reading time\" \/>\n\t<meta name=\"twitter:data2\" content=\"3 minutes\" \/>\n<script type=\"application\/ld+json\" class=\"yoast-schema-graph\">{\"@context\":\"https:\/\/schema.org\",\"@graph\":[{\"@type\":\"WebPage\",\"@id\":\"https:\/\/butxacatv.com\/en\/round-tables-of-the-ucs-courses-of-the-1st-semester-22-23\/\",\"url\":\"https:\/\/butxacatv.com\/en\/round-tables-of-the-ucs-courses-of-the-1st-semester-22-23\/\",\"name\":\"Round Tables of the UCS courses of the 1st semester 22\/23 - BUTXACA TV\",\"isPartOf\":{\"@id\":\"https:\/\/butxacatv.com\/#website\"},\"datePublished\":\"2022-10-28T14:14:36+00:00\",\"dateModified\":\"2022-12-22T15:54:07+00:00\",\"author\":{\"@id\":\"https:\/\/butxacatv.com\/#\/schema\/person\/a061863d3c344ba65b6fee2ef2a1a3ea\"},\"breadcrumb\":{\"@id\":\"https:\/\/butxacatv.com\/en\/round-tables-of-the-ucs-courses-of-the-1st-semester-22-23\/#breadcrumb\"},\"inLanguage\":\"en-US\",\"potentialAction\":[{\"@type\":\"ReadAction\",\"target\":[\"https:\/\/butxacatv.com\/en\/round-tables-of-the-ucs-courses-of-the-1st-semester-22-23\/\"]}]},{\"@type\":\"BreadcrumbList\",\"@id\":\"https:\/\/butxacatv.com\/en\/round-tables-of-the-ucs-courses-of-the-1st-semester-22-23\/#breadcrumb\",\"itemListElement\":[{\"@type\":\"ListItem\",\"position\":1,\"name\":\"Portada\",\"item\":\"https:\/\/butxacatv.com\/en\/home\/\"},{\"@type\":\"ListItem\",\"position\":2,\"name\":\"Round Tables of the UCS courses of the 1st semester 22\/23\"}]},{\"@type\":\"WebSite\",\"@id\":\"https:\/\/butxacatv.com\/#website\",\"url\":\"https:\/\/butxacatv.com\/\",\"name\":\"BUTXACA TV\",\"description\":\"BUTXACA TV\",\"potentialAction\":[{\"@type\":\"SearchAction\",\"target\":{\"@type\":\"EntryPoint\",\"urlTemplate\":\"https:\/\/butxacatv.com\/?s={search_term_string}\"},\"query-input\":\"required name=search_term_string\"}],\"inLanguage\":\"en-US\"},{\"@type\":\"Person\",\"@id\":\"https:\/\/butxacatv.com\/#\/schema\/person\/a061863d3c344ba65b6fee2ef2a1a3ea\",\"name\":\"bt-administrador\",\"url\":\"https:\/\/butxacatv.com\/en\/author\/bt-administrador\/\"}]}<\/script>\n<!-- \/ Yoast SEO plugin. -->","yoast_head_json":{"title":"Round Tables of the UCS courses of the 1st semester 22\/23 - BUTXACA TV","robots":{"index":"index","follow":"follow","max-snippet":"max-snippet:-1","max-image-preview":"max-image-preview:large","max-video-preview":"max-video-preview:-1"},"canonical":"https:\/\/butxacatv.com\/en\/round-tables-of-the-ucs-courses-of-the-1st-semester-22-23\/","og_locale":"en_US","og_type":"article","og_title":"Round Tables of the UCS courses of the 1st semester 22\/23 - BUTXACA TV","og_url":"https:\/\/butxacatv.com\/en\/round-tables-of-the-ucs-courses-of-the-1st-semester-22-23\/","og_site_name":"BUTXACA TV","article_publisher":"https:\/\/www.facebook.com\/Butxacatv","article_published_time":"2022-10-28T14:14:36+00:00","article_modified_time":"2022-12-22T15:54:07+00:00","og_image":[{"width":1920,"height":1080,"url":"https:\/\/butxacatv.com\/wp-content\/uploads\/2022\/10\/1_045B_Taula-rodona-UCS-UdG_voluntari_OK.jpg","type":"image\/jpeg"}],"author":"bt-administrador","twitter_misc":{"Written by":"bt-administrador","Est. reading time":"3 minutes"},"schema":{"@context":"https:\/\/schema.org","@graph":[{"@type":"WebPage","@id":"https:\/\/butxacatv.com\/en\/round-tables-of-the-ucs-courses-of-the-1st-semester-22-23\/","url":"https:\/\/butxacatv.com\/en\/round-tables-of-the-ucs-courses-of-the-1st-semester-22-23\/","name":"Round Tables of the UCS courses of the 1st semester 22\/23 - BUTXACA TV","isPartOf":{"@id":"https:\/\/butxacatv.com\/#website"},"datePublished":"2022-10-28T14:14:36+00:00","dateModified":"2022-12-22T15:54:07+00:00","author":{"@id":"https:\/\/butxacatv.com\/#\/schema\/person\/a061863d3c344ba65b6fee2ef2a1a3ea"},"breadcrumb":{"@id":"https:\/\/butxacatv.com\/en\/round-tables-of-the-ucs-courses-of-the-1st-semester-22-23\/#breadcrumb"},"inLanguage":"en-US","potentialAction":[{"@type":"ReadAction","target":["https:\/\/butxacatv.com\/en\/round-tables-of-the-ucs-courses-of-the-1st-semester-22-23\/"]}]},{"@type":"BreadcrumbList","@id":"https:\/\/butxacatv.com\/en\/round-tables-of-the-ucs-courses-of-the-1st-semester-22-23\/#breadcrumb","itemListElement":[{"@type":"ListItem","position":1,"name":"Portada","item":"https:\/\/butxacatv.com\/en\/home\/"},{"@type":"ListItem","position":2,"name":"Round Tables of the UCS courses of the 1st semester 22\/23"}]},{"@type":"WebSite","@id":"https:\/\/butxacatv.com\/#website","url":"https:\/\/butxacatv.com\/","name":"BUTXACA TV","description":"BUTXACA TV","potentialAction":[{"@type":"SearchAction","target":{"@type":"EntryPoint","urlTemplate":"https:\/\/butxacatv.com\/?s={search_term_string}"},"query-input":"required name=search_term_string"}],"inLanguage":"en-US"},{"@type":"Person","@id":"https:\/\/butxacatv.com\/#\/schema\/person\/a061863d3c344ba65b6fee2ef2a1a3ea","name":"bt-administrador","url":"https:\/\/butxacatv.com\/en\/author\/bt-administrador\/"}]}},"_links":{"self":[{"href":"https:\/\/butxacatv.com\/en\/wp-json\/wp\/v2\/posts\/3239"}],"collection":[{"href":"https:\/\/butxacatv.com\/en\/wp-json\/wp\/v2\/posts"}],"about":[{"href":"https:\/\/butxacatv.com\/en\/wp-json\/wp\/v2\/types\/post"}],"author":[{"embeddable":true,"href":"https:\/\/butxacatv.com\/en\/wp-json\/wp\/v2\/users\/2"}],"replies":[{"embeddable":true,"href":"https:\/\/butxacatv.com\/en\/wp-json\/wp\/v2\/comments?post=3239"}],"version-history":[{"count":10,"href":"https:\/\/butxacatv.com\/en\/wp-json\/wp\/v2\/posts\/3239\/revisions"}],"predecessor-version":[{"id":3357,"href":"https:\/\/butxacatv.com\/en\/wp-json\/wp\/v2\/posts\/3239\/revisions\/3357"}],"wp:featuredmedia":[{"embeddable":true,"href":"https:\/\/butxacatv.com\/en\/wp-json\/wp\/v2\/media\/3232"}],"wp:attachment":[{"href":"https:\/\/butxacatv.com\/en\/wp-json\/wp\/v2\/media?parent=3239"}],"wp:term":[{"taxonomy":"category","embeddable":true,"href":"https:\/\/butxacatv.com\/en\/wp-json\/wp\/v2\/categories?post=3239"},{"taxonomy":"post_tag","embeddable":true,"href":"https:\/\/butxacatv.com\/en\/wp-json\/wp\/v2\/tags?post=3239"}],"curies":[{"name":"wp","href":"https:\/\/api.w.org\/{rel}","templated":true}]}}