{"id":2701,"date":"2021-11-23T11:14:46","date_gmt":"2021-11-23T10:14:46","guid":{"rendered":"https:\/\/butxacatv.com\/?p=2701"},"modified":"2021-12-02T10:28:43","modified_gmt":"2021-12-02T09:28:43","slug":"2701","status":"publish","type":"post","link":"https:\/\/butxacatv.com\/en\/2701\/","title":{"rendered":"Round tables of the courses of the UCS of the 1st semester 21\/22"},"content":{"rendered":"\n<style type=\"text\/css\" data-created_by=\"avia_inline_auto\" id=\"style-css-av-1dysvk-0e244a25d4d63a6b54cd7527a5b7bb3f\">\n.flex_column.av-1dysvk-0e244a25d4d63a6b54cd7527a5b7bb3f{\n-webkit-border-radius:0px 0px 0px 0px;\n-moz-border-radius:0px 0px 0px 0px;\nborder-radius:0px 0px 0px 0px;\npadding:0px 0px 0px 0px;\n}\n<\/style>\n<div  class='flex_column av-1dysvk-0e244a25d4d63a6b54cd7527a5b7bb3f av_one_half  avia-builder-el-0  el_before_av_hr  avia-builder-el-first  first flex_column_div av-zero-column-padding  '     ><style type=\"text\/css\" data-created_by=\"avia_inline_auto\" id=\"style-css-av-kvuptnew-c09a6734a7a00cf555a473e5beadebe8\">\n.avia-image-container.av-kvuptnew-c09a6734a7a00cf555a473e5beadebe8 img.avia_image{\nbox-shadow:none;\n}\n.avia-image-container.av-kvuptnew-c09a6734a7a00cf555a473e5beadebe8 .av-image-caption-overlay-center{\ncolor:#ffffff;\n}\n<\/style>\n<div  class='avia-image-container av-kvuptnew-c09a6734a7a00cf555a473e5beadebe8 av-styling- avia-align-left  avia-builder-el-1  avia-builder-el-no-sibling '   itemprop=\"image\" itemscope=\"itemscope\" itemtype=\"https:\/\/schema.org\/ImageObject\" ><div class=\"avia-image-container-inner\"><div class=\"avia-image-overlay-wrap\"><img decoding=\"async\" class='wp-image-1949 avia-img-lazy-loading-not-1949 avia_image ' src=\"https:\/\/butxacatv.com\/wp-content\/uploads\/2021\/04\/ok1-300x188.jpg\" alt='' title='ok1'  height=\"188\" width=\"300\"  itemprop=\"thumbnailUrl\" srcset=\"https:\/\/butxacatv.com\/wp-content\/uploads\/2021\/04\/ok1-300x188.jpg 300w, https:\/\/butxacatv.com\/wp-content\/uploads\/2021\/04\/ok1.jpg 400w\" sizes=\"(max-width: 300px) 100vw, 300px\" \/><\/div><\/div><\/div><\/div>\n<div  class='hr av-7p5k0-0c9758bab4aaaa6bc45cadffda5aeb7c hr-default  avia-builder-el-2  el_after_av_one_half  el_before_av_textblock '><span class='hr-inner '><span class=\"hr-inner-style\"><\/span><\/span><\/div>\n<section  class='av_textblock_section av-kmvvddzy-ded04bc457180ae42a3fdeeb9a63613d '   itemscope=\"itemscope\" itemtype=\"https:\/\/schema.org\/BlogPosting\" itemprop=\"blogPost\" ><div class='avia_textblock'  itemprop=\"text\" ><p><strong>Company \/ organizing entity:<\/strong> Social Commitment Unit (UdG)<\/p>\n<p>It consisted of five programs:<\/p>\n<ul>\n<li style=\"list-style-type: none\">\n<ul class=\"ul1\">\n<li><a href=\"#voluntariat\"><strong>Introduction to Volunteering<\/strong><\/a> (4\/11\/21)<\/li>\n<li><a href=\"#sostenibilitat\"><strong>Introduction to Sustainability<\/strong><\/a> (11\/11\/21)<\/li>\n<li><a href=\"#perspectiva\"><strong>Introduction to the Gender Perspective<\/strong><\/a> (18\/11\/21)<\/li>\n<li><a href=\"#mobilitat\"><strong>The Right to Human Mobility<\/strong><\/a> (25\/11\/21)<\/li>\n<li class=\"li1\"><a href=\"#emergencies\"><strong>Humanitarian Emergency Response Management<\/strong><\/a> (2\/12\/21)<\/li>\n<li><a href=\"#agenda\"><strong>Introduction to the Sustainable Development Agenda<\/strong><\/a> (9\/12\/21)<\/li>\n<li><a href=\"#su\u00efcidi\"><strong>Prevention of Suicidal Behavior<\/strong><\/a> (16\/12\/21)<\/li>\n<\/ul>\n<\/li>\n<\/ul>\n<p>Live round tables on the YouTube and Facebook channels of the UdG&#8217;s Social Commitment Unit. With the participation of the speakers who have taken part in the training course pills, with the aim that registered university students can interact with the speakers through chats and resolve any doubts.<\/p>\n<\/div><\/section>\n\n<style type=\"text\/css\" data-created_by=\"avia_inline_auto\" id=\"style-css-av-kmwh85j4-16ca41f8a66cb7fc9451f87e61315e46\">\n#top .hr.av-kmwh85j4-16ca41f8a66cb7fc9451f87e61315e46{\nmargin-top:30px;\nmargin-bottom:30px;\n}\n.hr.av-kmwh85j4-16ca41f8a66cb7fc9451f87e61315e46 .hr-inner{\nwidth:50px;\n}\n<\/style>\n<div  id=\"presentacio\"  class='hr av-kmwh85j4-16ca41f8a66cb7fc9451f87e61315e46 hr-custom  avia-builder-el-4  el_after_av_textblock  el_before_av_video  hr-center hr-icon-no'><span class='hr-inner inner-border-av-border-thin'><span class=\"hr-inner-style\"><\/span><\/span><\/div>\n<div  id=\"voluntariat\"  class='avia-video av-kn5uqork-8bd30472afbc7d6a68af41b3a02d6ad9 avia-video-16-9 av-no-preview-image avia-video-load-always av-lazyload-immediate av-lazyload-video-embed'  itemprop=\"video\" itemtype=\"https:\/\/schema.org\/VideoObject\"  data-original_url='https:\/\/www.youtube.com\/watch?v=JGIXO804TDk'><script type='text\/html' class='av-video-tmpl'><a href=\"https:\/\/www.youtube.com\/watch?v=JGIXO804TDk\">https:\/\/www.youtube.com\/watch?v=JGIXO804TDk<\/a><\/script><div class='av-click-to-play-overlay'><div class=\"avia_playpause_icon\"><\/div><\/div><\/div>\n<div  id=\"bols\"  class='hr av-kn5v3et7-22864253468fecfbdad65d7314c4b8ea hr-default  avia-builder-el-6  el_after_av_video  el_before_av_video '><span class='hr-inner '><span class=\"hr-inner-style\"><\/span><\/span><\/div>\n<div  id=\"sostenibilitat\"  class='avia-video av-kn5urtni-bfa5b09f44e56d75a9664917733dee7f avia-video-16-9 av-no-preview-image avia-video-load-always av-lazyload-immediate av-lazyload-video-embed'  itemprop=\"video\" itemtype=\"https:\/\/schema.org\/VideoObject\"  data-original_url='https:\/\/www.youtube.com\/watch?v=9pxNOkeynGs'><script type='text\/html' class='av-video-tmpl'><a href=\"https:\/\/www.youtube.com\/watch?v=9pxNOkeynGs\">https:\/\/www.youtube.com\/watch?v=9pxNOkeynGs<\/a><\/script><div class='av-click-to-play-overlay'><div class=\"avia_playpause_icon\"><\/div><\/div><\/div>\n<div  id=\"consells\"  class='hr av-wkdy8-a4856af1db329636dc451b5eeec54267 hr-default  avia-builder-el-8  el_after_av_video  el_before_av_video '><span class='hr-inner '><span class=\"hr-inner-style\"><\/span><\/span><\/div>\n<div  id=\"perspectiva\"  class='avia-video av-kn5xppzw-3d9782606f7d12fadcb02f644478f0ca avia-video-16-9 av-no-preview-image avia-video-load-always av-lazyload-immediate av-lazyload-video-embed'  itemprop=\"video\" itemtype=\"https:\/\/schema.org\/VideoObject\"  data-original_url='https:\/\/www.youtube.com\/watch?v=wYkdUNUv5CM'><script type='text\/html' class='av-video-tmpl'><div class='avia-iframe-wrap'><iframe title=\"?  DIRECTE - 18 de NOVEMBRE 2021 - 16h, UCS. Taula rodona: Introducci\u00f3 a la perspectiva de g\u00e8nere\" width=\"1500\" height=\"844\" src=\"https:\/\/www.youtube.com\/embed\/wYkdUNUv5CM?feature=oembed&autoplay=0&loop=0&controls=1&mute=0\" frameborder=\"0\" allow=\"accelerometer; autoplay; clipboard-write; encrypted-media; gyroscope; picture-in-picture\" allowfullscreen><\/iframe><\/div><\/script><div class='av-click-to-play-overlay'><div class=\"avia_playpause_icon\"><\/div><\/div><\/div>\n<div  id=\"show\"  class='hr av-wkdy8-ae7c560d24945c2a29940dd367e0f038 hr-default  avia-builder-el-10  el_after_av_video  el_before_av_video '><span class='hr-inner '><span class=\"hr-inner-style\"><\/span><\/span><\/div>\n<div  id=\"mobilitat\"  class='avia-video av-kn5uvk31-5e016c44bf3e270a93ec87d1415641f2 avia-video-16-9 av-no-preview-image avia-video-load-always av-lazyload-immediate av-lazyload-video-embed'  itemprop=\"video\" itemtype=\"https:\/\/schema.org\/VideoObject\"  data-original_url='https:\/\/www.youtube.com\/watch?v=3rkY9cX3kqY'><script type='text\/html' class='av-video-tmpl'><div class='avia-iframe-wrap'><iframe title=\"?  DIRECTE - 25 de NOVEMBRE 2021 - 16h, UCS. Taula rodona: El dret a la mobilitat humana\" width=\"1500\" height=\"844\" src=\"https:\/\/www.youtube.com\/embed\/3rkY9cX3kqY?feature=oembed&autoplay=0&loop=0&controls=1&mute=0\" frameborder=\"0\" allow=\"accelerometer; autoplay; clipboard-write; encrypted-media; gyroscope; picture-in-picture\" allowfullscreen><\/iframe><\/div><\/script><div class='av-click-to-play-overlay'><div class=\"avia_playpause_icon\"><\/div><\/div><\/div>\n<div  id=\"benestar\"  class='hr av-rxc28-776e8c1c2a737388cabdf61c9cd693b6 hr-default  avia-builder-el-12  el_after_av_video  el_before_av_video '><span class='hr-inner '><span class=\"hr-inner-style\"><\/span><\/span><\/div>\n<div  id=\"emergencies\"  class='avia-video av-kn5uvk31-82d34a873b44ffec84642f175a4b4089 avia-video-16-9 av-no-preview-image avia-video-load-always av-lazyload-immediate av-lazyload-video-embed'  itemprop=\"video\" itemtype=\"https:\/\/schema.org\/VideoObject\"  data-original_url='https:\/\/www.youtube.com\/watch?v=EGXD3F_MHXE'><script type='text\/html' class='av-video-tmpl'><div class='avia-iframe-wrap'><iframe title=\"?DIRECTE - 2 de DESEMBRE 2021 - 16h. Taula rodona: Gesti\u00f3 de respostes a emerg\u00e8ncies humanit\u00e0ries\" width=\"1500\" height=\"844\" src=\"https:\/\/www.youtube.com\/embed\/EGXD3F_MHXE?feature=oembed&autoplay=0&loop=0&controls=1&mute=0\" frameborder=\"0\" allow=\"accelerometer; autoplay; clipboard-write; encrypted-media; gyroscope; picture-in-picture\" allowfullscreen><\/iframe><\/div><\/script><div class='av-click-to-play-overlay'><div class=\"avia_playpause_icon\"><\/div><\/div><\/div>\n<div  id=\"show\"  class='hr av-wkdy8-ae7c560d24945c2a29940dd367e0f038 hr-default  avia-builder-el-14  el_after_av_video  el_before_av_video '><span class='hr-inner '><span class=\"hr-inner-style\"><\/span><\/span><\/div>\n<div  id=\"agenda\"  class='avia-video av-kn5uvk31-61ebba49e2541d2af614b54df5289cb9 avia-video-16-9 av-no-preview-image avia-video-load-always av-lazyload-immediate av-lazyload-video-embed'  itemprop=\"video\" itemtype=\"https:\/\/schema.org\/VideoObject\"  data-original_url='https:\/\/www.youtube.com\/watch?v=kanLCljLI04'><script type='text\/html' class='av-video-tmpl'><a href=\"https:\/\/www.youtube.com\/watch?v=kanLCljLI04\">https:\/\/www.youtube.com\/watch?v=kanLCljLI04<\/a><\/script><div class='av-click-to-play-overlay'><div class=\"avia_playpause_icon\"><\/div><\/div><\/div>\n<div  id=\"show\"  class='hr av-wkdy8-ae7c560d24945c2a29940dd367e0f038 hr-default  avia-builder-el-16  el_after_av_video  el_before_av_video '><span class='hr-inner '><span class=\"hr-inner-style\"><\/span><\/span><\/div>\n<div  id=\"sucidi\"  class='avia-video av-kn5uvk31-a26c88ee8fef114600303fa5a0964228 avia-video-16-9 av-no-preview-image avia-video-load-always av-lazyload-immediate av-lazyload-video-embed'  itemprop=\"video\" itemtype=\"https:\/\/schema.org\/VideoObject\"  data-original_url='https:\/\/www.youtube.com\/watch?v=kQ0wJjd8xao'><script type='text\/html' class='av-video-tmpl'><div class='avia-iframe-wrap'><iframe title=\"?  DIRECTE - 16 de Desembre 2021 - 16h. Taula rodona: Prevenci\u00f3 de la conducta su\u00efcida\" width=\"1500\" height=\"844\" src=\"https:\/\/www.youtube.com\/embed\/kQ0wJjd8xao?feature=oembed&autoplay=0&loop=0&controls=1&mute=0\" frameborder=\"0\" allow=\"accelerometer; autoplay; clipboard-write; encrypted-media; gyroscope; picture-in-picture\" allowfullscreen><\/iframe><\/div><\/script><div class='av-click-to-play-overlay'><div class=\"avia_playpause_icon\"><\/div><\/div><\/div>\n","protected":false},"excerpt":{"rendered":"","protected":false},"author":2,"featured_media":2569,"comment_status":"closed","ping_status":"closed","sticky":false,"template":"","format":"standard","meta":[],"categories":[71,72,73],"tags":[],"yoast_head":"<!-- This site is optimized with the Yoast SEO plugin v20.9 - https:\/\/yoast.com\/wordpress\/plugins\/seo\/ -->\n<title>Round tables of the courses of the UCS of the 1st semester 21\/22 - BUTXACA TV<\/title>\n<meta name=\"robots\" content=\"index, follow, max-snippet:-1, max-image-preview:large, max-video-preview:-1\" \/>\n<link rel=\"canonical\" href=\"https:\/\/butxacatv.com\/en\/2701\/\" \/>\n<meta property=\"og:locale\" content=\"en_US\" \/>\n<meta property=\"og:type\" content=\"article\" \/>\n<meta property=\"og:title\" content=\"Round tables of the courses of the UCS of the 1st semester 21\/22 - BUTXACA TV\" \/>\n<meta property=\"og:url\" content=\"https:\/\/butxacatv.com\/en\/2701\/\" \/>\n<meta property=\"og:site_name\" content=\"BUTXACA TV\" \/>\n<meta property=\"article:publisher\" content=\"https:\/\/www.facebook.com\/Butxacatv\" \/>\n<meta property=\"article:published_time\" content=\"2021-11-23T10:14:46+00:00\" \/>\n<meta property=\"article:modified_time\" content=\"2021-12-02T09:28:43+00:00\" \/>\n<meta property=\"og:image\" content=\"https:\/\/butxacatv.com\/wp-content\/uploads\/2021\/11\/4_026C-Taula-rodona-UCS-UdGcartela-mobilitat_OK.jpg\" \/>\n\t<meta property=\"og:image:width\" content=\"1920\" \/>\n\t<meta property=\"og:image:height\" content=\"1080\" \/>\n\t<meta property=\"og:image:type\" content=\"image\/jpeg\" \/>\n<meta name=\"author\" content=\"bt-administrador\" \/>\n<meta name=\"twitter:label1\" content=\"Written by\" \/>\n\t<meta name=\"twitter:data1\" content=\"bt-administrador\" \/>\n\t<meta name=\"twitter:label2\" content=\"Est. reading time\" \/>\n\t<meta name=\"twitter:data2\" content=\"5 minutes\" \/>\n<script type=\"application\/ld+json\" class=\"yoast-schema-graph\">{\"@context\":\"https:\/\/schema.org\",\"@graph\":[{\"@type\":\"WebPage\",\"@id\":\"https:\/\/butxacatv.com\/en\/2701\/\",\"url\":\"https:\/\/butxacatv.com\/en\/2701\/\",\"name\":\"Round tables of the courses of the UCS of the 1st semester 21\/22 - BUTXACA TV\",\"isPartOf\":{\"@id\":\"https:\/\/butxacatv.com\/#website\"},\"datePublished\":\"2021-11-23T10:14:46+00:00\",\"dateModified\":\"2021-12-02T09:28:43+00:00\",\"author\":{\"@id\":\"https:\/\/butxacatv.com\/#\/schema\/person\/a061863d3c344ba65b6fee2ef2a1a3ea\"},\"breadcrumb\":{\"@id\":\"https:\/\/butxacatv.com\/en\/2701\/#breadcrumb\"},\"inLanguage\":\"en-US\",\"potentialAction\":[{\"@type\":\"ReadAction\",\"target\":[\"https:\/\/butxacatv.com\/en\/2701\/\"]}]},{\"@type\":\"BreadcrumbList\",\"@id\":\"https:\/\/butxacatv.com\/en\/2701\/#breadcrumb\",\"itemListElement\":[{\"@type\":\"ListItem\",\"position\":1,\"name\":\"Portada\",\"item\":\"https:\/\/butxacatv.com\/en\/home\/\"},{\"@type\":\"ListItem\",\"position\":2,\"name\":\"Round tables of the courses of the UCS of the 1st semester 21\/22\"}]},{\"@type\":\"WebSite\",\"@id\":\"https:\/\/butxacatv.com\/#website\",\"url\":\"https:\/\/butxacatv.com\/\",\"name\":\"BUTXACA TV\",\"description\":\"BUTXACA TV\",\"potentialAction\":[{\"@type\":\"SearchAction\",\"target\":{\"@type\":\"EntryPoint\",\"urlTemplate\":\"https:\/\/butxacatv.com\/?s={search_term_string}\"},\"query-input\":\"required name=search_term_string\"}],\"inLanguage\":\"en-US\"},{\"@type\":\"Person\",\"@id\":\"https:\/\/butxacatv.com\/#\/schema\/person\/a061863d3c344ba65b6fee2ef2a1a3ea\",\"name\":\"bt-administrador\",\"url\":\"https:\/\/butxacatv.com\/en\/author\/bt-administrador\/\"}]}<\/script>\n<!-- \/ Yoast SEO plugin. -->","yoast_head_json":{"title":"Round tables of the courses of the UCS of the 1st semester 21\/22 - BUTXACA TV","robots":{"index":"index","follow":"follow","max-snippet":"max-snippet:-1","max-image-preview":"max-image-preview:large","max-video-preview":"max-video-preview:-1"},"canonical":"https:\/\/butxacatv.com\/en\/2701\/","og_locale":"en_US","og_type":"article","og_title":"Round tables of the courses of the UCS of the 1st semester 21\/22 - BUTXACA TV","og_url":"https:\/\/butxacatv.com\/en\/2701\/","og_site_name":"BUTXACA TV","article_publisher":"https:\/\/www.facebook.com\/Butxacatv","article_published_time":"2021-11-23T10:14:46+00:00","article_modified_time":"2021-12-02T09:28:43+00:00","og_image":[{"width":1920,"height":1080,"url":"https:\/\/butxacatv.com\/wp-content\/uploads\/2021\/11\/4_026C-Taula-rodona-UCS-UdGcartela-mobilitat_OK.jpg","type":"image\/jpeg"}],"author":"bt-administrador","twitter_misc":{"Written by":"bt-administrador","Est. reading time":"5 minutes"},"schema":{"@context":"https:\/\/schema.org","@graph":[{"@type":"WebPage","@id":"https:\/\/butxacatv.com\/en\/2701\/","url":"https:\/\/butxacatv.com\/en\/2701\/","name":"Round tables of the courses of the UCS of the 1st semester 21\/22 - BUTXACA TV","isPartOf":{"@id":"https:\/\/butxacatv.com\/#website"},"datePublished":"2021-11-23T10:14:46+00:00","dateModified":"2021-12-02T09:28:43+00:00","author":{"@id":"https:\/\/butxacatv.com\/#\/schema\/person\/a061863d3c344ba65b6fee2ef2a1a3ea"},"breadcrumb":{"@id":"https:\/\/butxacatv.com\/en\/2701\/#breadcrumb"},"inLanguage":"en-US","potentialAction":[{"@type":"ReadAction","target":["https:\/\/butxacatv.com\/en\/2701\/"]}]},{"@type":"BreadcrumbList","@id":"https:\/\/butxacatv.com\/en\/2701\/#breadcrumb","itemListElement":[{"@type":"ListItem","position":1,"name":"Portada","item":"https:\/\/butxacatv.com\/en\/home\/"},{"@type":"ListItem","position":2,"name":"Round tables of the courses of the UCS of the 1st semester 21\/22"}]},{"@type":"WebSite","@id":"https:\/\/butxacatv.com\/#website","url":"https:\/\/butxacatv.com\/","name":"BUTXACA TV","description":"BUTXACA TV","potentialAction":[{"@type":"SearchAction","target":{"@type":"EntryPoint","urlTemplate":"https:\/\/butxacatv.com\/?s={search_term_string}"},"query-input":"required name=search_term_string"}],"inLanguage":"en-US"},{"@type":"Person","@id":"https:\/\/butxacatv.com\/#\/schema\/person\/a061863d3c344ba65b6fee2ef2a1a3ea","name":"bt-administrador","url":"https:\/\/butxacatv.com\/en\/author\/bt-administrador\/"}]}},"_links":{"self":[{"href":"https:\/\/butxacatv.com\/en\/wp-json\/wp\/v2\/posts\/2701"}],"collection":[{"href":"https:\/\/butxacatv.com\/en\/wp-json\/wp\/v2\/posts"}],"about":[{"href":"https:\/\/butxacatv.com\/en\/wp-json\/wp\/v2\/types\/post"}],"author":[{"embeddable":true,"href":"https:\/\/butxacatv.com\/en\/wp-json\/wp\/v2\/users\/2"}],"replies":[{"embeddable":true,"href":"https:\/\/butxacatv.com\/en\/wp-json\/wp\/v2\/comments?post=2701"}],"version-history":[{"count":4,"href":"https:\/\/butxacatv.com\/en\/wp-json\/wp\/v2\/posts\/2701\/revisions"}],"predecessor-version":[{"id":2740,"href":"https:\/\/butxacatv.com\/en\/wp-json\/wp\/v2\/posts\/2701\/revisions\/2740"}],"wp:featuredmedia":[{"embeddable":true,"href":"https:\/\/butxacatv.com\/en\/wp-json\/wp\/v2\/media\/2569"}],"wp:attachment":[{"href":"https:\/\/butxacatv.com\/en\/wp-json\/wp\/v2\/media?parent=2701"}],"wp:term":[{"taxonomy":"category","embeddable":true,"href":"https:\/\/butxacatv.com\/en\/wp-json\/wp\/v2\/categories?post=2701"},{"taxonomy":"post_tag","embeddable":true,"href":"https:\/\/butxacatv.com\/en\/wp-json\/wp\/v2\/tags?post=2701"}],"curies":[{"name":"wp","href":"https:\/\/api.w.org\/{rel}","templated":true}]}}