{"id":1959,"date":"2021-04-19T10:49:26","date_gmt":"2021-04-19T08:49:26","guid":{"rendered":"https:\/\/butxacatv.com\/salut-i-benestar-v-jornades-visions-dun-mon-desigual\/"},"modified":"2021-11-22T12:04:38","modified_gmt":"2021-11-22T11:04:38","slug":"salut-i-benestar-v-jornades-visions-dun-mon-desigual","status":"publish","type":"post","link":"https:\/\/butxacatv.com\/en\/salut-i-benestar-v-jornades-visions-dun-mon-desigual\/","title":{"rendered":"Health and Wellbeing, V Visions of an Uneven World Conference"},"content":{"rendered":"\n<style type=\"text\/css\" data-created_by=\"avia_inline_auto\" id=\"style-css-av-1dysvk-0e244a25d4d63a6b54cd7527a5b7bb3f\">\n.flex_column.av-1dysvk-0e244a25d4d63a6b54cd7527a5b7bb3f{\n-webkit-border-radius:0px 0px 0px 0px;\n-moz-border-radius:0px 0px 0px 0px;\nborder-radius:0px 0px 0px 0px;\npadding:0px 0px 0px 0px;\n}\n<\/style>\n<div  class='flex_column av-1dysvk-0e244a25d4d63a6b54cd7527a5b7bb3f av_one_half  avia-builder-el-0  el_before_av_hr  avia-builder-el-first  first flex_column_div av-zero-column-padding  '     ><div  class='avia-slideshow av-280p6k-4c7fced6edcb56623c9990b98715b2b9 avia-slideshow-featured av_slideshow avia-slide-slider  avia-builder-el-1  avia-builder-el-no-sibling  av-slideshow-ui av-control-default av-slideshow-manual av-loop-once av-loop-manual-endless av-default-height-applied avia-slideshow-1' data-slideshow-options=\"{&quot;animation&quot;:&quot;slide&quot;,&quot;autoplay&quot;:false,&quot;loop_autoplay&quot;:&quot;once&quot;,&quot;interval&quot;:5,&quot;loop_manual&quot;:&quot;manual-endless&quot;,&quot;autoplay_stopper&quot;:false,&quot;noNavigation&quot;:false,&quot;bg_slider&quot;:false,&quot;keep_padding&quot;:false,&quot;hoverpause&quot;:false,&quot;show_slide_delay&quot;:0}\"  itemprop=\"image\" itemscope=\"itemscope\" itemtype=\"https:\/\/schema.org\/ImageObject\" ><ul class='avia-slideshow-inner ' style='padding-bottom: 62.5%;'><li  class='avia-slideshow-slide av-280p6k-4c7fced6edcb56623c9990b98715b2b9__0  slide-1 slide-odd'><div data-rel='slideshow-1' class='avia-slide-wrap '   ><img decoding=\"async\" class=\"wp-image-1949 avia-img-lazy-loading-not-1949\"  src=\"https:\/\/butxacatv.com\/wp-content\/uploads\/2021\/04\/ok1.jpg\" width=\"400\" height=\"250\" title='ok1' alt=''  itemprop=\"thumbnailUrl\" srcset=\"https:\/\/butxacatv.com\/wp-content\/uploads\/2021\/04\/ok1.jpg 400w, https:\/\/butxacatv.com\/wp-content\/uploads\/2021\/04\/ok1-300x188.jpg 300w\" sizes=\"(max-width: 400px) 100vw, 400px\" \/><\/div><\/li><li  class='avia-slideshow-slide av-280p6k-4c7fced6edcb56623c9990b98715b2b9__1  slide-2 slide-even'><div data-rel='slideshow-1' class='avia-slide-wrap '   ><img decoding=\"async\" class=\"wp-image-1943 avia-img-lazy-loading-not-1943\"  src=\"https:\/\/butxacatv.com\/wp-content\/uploads\/2021\/04\/New-Project-4.jpg\" width=\"400\" height=\"250\" title='New Project-4' alt=''  itemprop=\"thumbnailUrl\" srcset=\"https:\/\/butxacatv.com\/wp-content\/uploads\/2021\/04\/New-Project-4.jpg 400w, https:\/\/butxacatv.com\/wp-content\/uploads\/2021\/04\/New-Project-4-300x188.jpg 300w\" sizes=\"(max-width: 400px) 100vw, 400px\" \/><\/div><\/li><li  class='avia-slideshow-slide av-280p6k-4c7fced6edcb56623c9990b98715b2b9__2  slide-3 slide-odd'><div data-rel='slideshow-1' class='avia-slide-wrap '   ><img decoding=\"async\" class=\"wp-image-1946 avia-img-lazy-loading-not-1946\"  src=\"https:\/\/butxacatv.com\/wp-content\/uploads\/2021\/04\/New-Project-1.jpg\" width=\"400\" height=\"250\" title='New Project' alt=''  itemprop=\"thumbnailUrl\" srcset=\"https:\/\/butxacatv.com\/wp-content\/uploads\/2021\/04\/New-Project-1.jpg 400w, https:\/\/butxacatv.com\/wp-content\/uploads\/2021\/04\/New-Project-1-300x188.jpg 300w\" sizes=\"(max-width: 400px) 100vw, 400px\" \/><\/div><\/li><li  class='avia-slideshow-slide av-280p6k-4c7fced6edcb56623c9990b98715b2b9__3  slide-4 slide-even'><div data-rel='slideshow-1' class='avia-slide-wrap '   ><img decoding=\"async\" class=\"wp-image-1940 avia-img-lazy-loading-not-1940\"  src=\"https:\/\/butxacatv.com\/wp-content\/uploads\/2021\/04\/New-Project-3-1.jpg\" width=\"400\" height=\"250\" title='New Project-3' alt=''  itemprop=\"thumbnailUrl\" srcset=\"https:\/\/butxacatv.com\/wp-content\/uploads\/2021\/04\/New-Project-3-1.jpg 400w, https:\/\/butxacatv.com\/wp-content\/uploads\/2021\/04\/New-Project-3-1-300x188.jpg 300w\" sizes=\"(max-width: 400px) 100vw, 400px\" \/><\/div><\/li><\/ul><div class='avia-slideshow-arrows avia-slideshow-controls' ><a href='#prev' class='prev-slide ' aria-hidden='true' data-av_icon='\ue87c' data-av_iconfont='entypo-fontello'  tabindex='-1'>Previous<\/a><a href='#next' class='next-slide ' aria-hidden='true' data-av_icon='\ue87d' data-av_iconfont='entypo-fontello'  tabindex='-1'>Next<\/a><\/div><div class='avia-slideshow-dots avia-slideshow-controls'><a href='#1' class='goto-slide active' >1<\/a><a href='#2' class='goto-slide ' >2<\/a><a href='#3' class='goto-slide ' >3<\/a><a href='#4' class='goto-slide ' >4<\/a><\/div><\/div><\/div>\n<div  class='hr av-7p5k0-0c9758bab4aaaa6bc45cadffda5aeb7c hr-default  avia-builder-el-2  el_after_av_one_half  el_before_av_textblock '><span class='hr-inner '><span class=\"hr-inner-style\"><\/span><\/span><\/div>\n<section  class='av_textblock_section av-kmvvddzy-ded04bc457180ae42a3fdeeb9a63613d '   itemscope=\"itemscope\" itemtype=\"https:\/\/schema.org\/BlogPosting\" itemprop=\"blogPost\" ><div class='avia_textblock'  itemprop=\"text\" ><p><b>Empresa\/entitat organitzadora<\/b>: Unitat de Comprom\u00eds Social (UdG), Unitat de Desenvolupament i Cooperaci\u00f3 (UdL), URV Solid\u00e0ria (URV), UPF solid\u00e0ria (UPF).<\/p>\n<p>Emissi\u00f3 en directe i en estrena de la programaci\u00f3 de les V Jornades Visions d&#8217;un M\u00f3n Desigual. Salut i g\u00e8nere<\/p>\n<ul class=\"ul1\">\n<li><a href=\"#covid\">L&#8217;Impacte indirecte COVID en la Salut Global<\/a> (26 ABR)<\/li>\n<li><a href=\"#emocions\">Resili\u00e8ncia i emocions saludables. Conviure amb l&#8217;adversitat<\/a> (28 ABR)<\/li>\n<li><a href=\"#desigualtats\">Desigualtats en salut<\/a> (3 MAI)<\/li>\n<li><a href=\"#salut\">Salut i g\u00e8nere<\/a> (5 MAI)<\/li>\n<\/ul>\n<\/div><\/section>\n<div  id=\"bols\"  class='hr av-kn5v3et7-22864253468fecfbdad65d7314c4b8ea hr-default  avia-builder-el-4  el_after_av_textblock  el_before_av_video '><span class='hr-inner '><span class=\"hr-inner-style\"><\/span><\/span><\/div>\n<div  id=\"covid\"  class='avia-video av-kn5uqork-5a6ae37754c8a2fffa2ee8bdd7fb71b9 avia-video-16-9 av-no-preview-image avia-video-load-always av-lazyload-immediate av-lazyload-video-embed'  itemprop=\"video\" itemtype=\"https:\/\/schema.org\/VideoObject\"  data-original_url='https:\/\/www.youtube.com\/watch?v=4hUvnuIo16Y&amp;list=PLU0ovzWq2abRhxgp7wSICS2RBnkJWDiKH&amp;index=1'><script type='text\/html' class='av-video-tmpl'><div class='avia-iframe-wrap'><iframe title=\"?  DIRECTE - 26 d\u2019ABRIL 2021 - 18h. &quot;L&#039;Impacte indirecte COVID en la Salut Global\u201d\" width=\"1500\" height=\"844\" src=\"https:\/\/www.youtube.com\/embed\/4hUvnuIo16Y?list=PLU0ovzWq2abRhxgp7wSICS2RBnkJWDiKH&autoplay=0&loop=0&controls=1&mute=0\" frameborder=\"0\" allow=\"accelerometer; autoplay; clipboard-write; encrypted-media; gyroscope; picture-in-picture\" allowfullscreen><\/iframe><\/div><\/script><div class='av-click-to-play-overlay'><div class=\"avia_playpause_icon\"><\/div><\/div><\/div>\n<div  id=\"bols\"  class='hr av-kn5v3et7-22864253468fecfbdad65d7314c4b8ea hr-default  avia-builder-el-6  el_after_av_video  el_before_av_video '><span class='hr-inner '><span class=\"hr-inner-style\"><\/span><\/span><\/div>\n<div  id=\"emocions\"  class='avia-video av-kn5urtni-252eee6d047b4446146f1b597443258c avia-video-16-9 av-no-preview-image avia-video-load-always av-lazyload-immediate av-lazyload-video-embed'  itemprop=\"video\" itemtype=\"https:\/\/schema.org\/VideoObject\"  data-original_url='https:\/\/www.youtube.com\/watch?v=zakqJa2TmtI&amp;list=PLU0ovzWq2abRhxgp7wSICS2RBnkJWDiKH&amp;index=2'><script type='text\/html' class='av-video-tmpl'><div class='avia-iframe-wrap'><iframe title=\"?  DIRECTE - 28 d\u2019ABRIL 2021 - 18h. &quot;Resili\u00e8ncia i emocions saludables. Conviure amb l&#039;adversitat&quot;\" width=\"1500\" height=\"844\" src=\"https:\/\/www.youtube.com\/embed\/zakqJa2TmtI?list=PLU0ovzWq2abRhxgp7wSICS2RBnkJWDiKH&autoplay=0&loop=0&controls=1&mute=0\" frameborder=\"0\" allow=\"accelerometer; autoplay; clipboard-write; encrypted-media; gyroscope; picture-in-picture\" allowfullscreen><\/iframe><\/div><\/script><div class='av-click-to-play-overlay'><div class=\"avia_playpause_icon\"><\/div><\/div><\/div>\n<div  id=\"consells\"  class='hr av-wkdy8-a4856af1db329636dc451b5eeec54267 hr-default  avia-builder-el-8  el_after_av_video  el_before_av_video '><span class='hr-inner '><span class=\"hr-inner-style\"><\/span><\/span><\/div>\n<div  id=\"desigualtat\"  class='avia-video av-kn5xppzw-ae4b6a450a07d9618887f5a439c55c2b avia-video-16-9 av-no-preview-image avia-video-load-always av-lazyload-immediate av-lazyload-video-embed'  itemprop=\"video\" itemtype=\"https:\/\/schema.org\/VideoObject\"  data-original_url='https:\/\/www.youtube.com\/watch?v=heVT4isQlSs&amp;list=PLU0ovzWq2abRhxgp7wSICS2RBnkJWDiKH&amp;index=3'><script type='text\/html' class='av-video-tmpl'><div class='avia-iframe-wrap'><iframe title=\"?  DIRECTE - 18 de MAIG 2021 - 18h. &quot;Desigualtats en salut&quot;\" width=\"1500\" height=\"844\" src=\"https:\/\/www.youtube.com\/embed\/heVT4isQlSs?list=PLU0ovzWq2abRhxgp7wSICS2RBnkJWDiKH&autoplay=0&loop=0&controls=1&mute=0\" frameborder=\"0\" allow=\"accelerometer; autoplay; clipboard-write; encrypted-media; gyroscope; picture-in-picture\" allowfullscreen><\/iframe><\/div><\/script><div class='av-click-to-play-overlay'><div class=\"avia_playpause_icon\"><\/div><\/div><\/div>\n<div  id=\"show\"  class='hr av-wkdy8-ae7c560d24945c2a29940dd367e0f038 hr-default  avia-builder-el-10  el_after_av_video  el_before_av_video '><span class='hr-inner '><span class=\"hr-inner-style\"><\/span><\/span><\/div>\n<div  id=\"salut\"  class='avia-video av-kn5uvk31-d9cdb7a83fb2d98d69af03ce24f061eb avia-video-16-9 av-no-preview-image avia-video-load-always av-lazyload-immediate av-lazyload-video-embed'  itemprop=\"video\" itemtype=\"https:\/\/schema.org\/VideoObject\"  data-original_url='https:\/\/www.youtube.com\/watch?v=-09B_oN08ns&amp;list=PLU0ovzWq2abRhxgp7wSICS2RBnkJWDiKH&amp;index=4'><script type='text\/html' class='av-video-tmpl'><div class='avia-iframe-wrap'><iframe title=\"?  DIRECTE - 5 de MAIG 2021 - 18h. &quot;Salut i g\u00e8nere&quot;\" width=\"1500\" height=\"844\" src=\"https:\/\/www.youtube.com\/embed\/-09B_oN08ns?list=PLU0ovzWq2abRhxgp7wSICS2RBnkJWDiKH&autoplay=0&loop=0&controls=1&mute=0\" frameborder=\"0\" allow=\"accelerometer; autoplay; clipboard-write; encrypted-media; gyroscope; picture-in-picture\" allowfullscreen><\/iframe><\/div><\/script><div class='av-click-to-play-overlay'><div class=\"avia_playpause_icon\"><\/div><\/div><\/div>\n","protected":false},"excerpt":{"rendered":"","protected":false},"author":2,"featured_media":1937,"comment_status":"closed","ping_status":"closed","sticky":false,"template":"","format":"standard","meta":[],"categories":[77,72,79,81,73,80],"tags":[],"yoast_head":"<!-- This site is optimized with the Yoast SEO plugin v20.9 - https:\/\/yoast.com\/wordpress\/plugins\/seo\/ -->\n<title>Health and Wellbeing, V Visions of an Uneven World Conference - BUTXACA TV<\/title>\n<meta name=\"robots\" content=\"index, follow, max-snippet:-1, max-image-preview:large, max-video-preview:-1\" \/>\n<link rel=\"canonical\" href=\"https:\/\/butxacatv.com\/en\/salut-i-benestar-v-jornades-visions-dun-mon-desigual\/\" \/>\n<meta property=\"og:locale\" content=\"en_US\" \/>\n<meta property=\"og:type\" content=\"article\" \/>\n<meta property=\"og:title\" content=\"Health and Wellbeing, V Visions of an Uneven World Conference - BUTXACA TV\" \/>\n<meta property=\"og:url\" content=\"https:\/\/butxacatv.com\/en\/salut-i-benestar-v-jornades-visions-dun-mon-desigual\/\" \/>\n<meta property=\"og:site_name\" content=\"BUTXACA TV\" \/>\n<meta property=\"article:publisher\" content=\"https:\/\/www.facebook.com\/Butxacatv\" \/>\n<meta property=\"article:published_time\" content=\"2021-04-19T08:49:26+00:00\" \/>\n<meta property=\"article:modified_time\" content=\"2021-11-22T11:04:38+00:00\" \/>\n<meta property=\"og:image\" content=\"https:\/\/butxacatv.com\/wp-content\/uploads\/2021\/04\/cartell_salutibenestar.jpg\" \/>\n\t<meta property=\"og:image:width\" content=\"1280\" \/>\n\t<meta property=\"og:image:height\" content=\"720\" \/>\n\t<meta property=\"og:image:type\" content=\"image\/jpeg\" \/>\n<meta name=\"author\" content=\"bt-administrador\" \/>\n<meta name=\"twitter:label1\" content=\"Written by\" \/>\n\t<meta name=\"twitter:data1\" content=\"bt-administrador\" \/>\n\t<meta name=\"twitter:label2\" content=\"Est. reading time\" \/>\n\t<meta name=\"twitter:data2\" content=\"4 minutes\" \/>\n<script type=\"application\/ld+json\" class=\"yoast-schema-graph\">{\"@context\":\"https:\/\/schema.org\",\"@graph\":[{\"@type\":\"WebPage\",\"@id\":\"https:\/\/butxacatv.com\/en\/salut-i-benestar-v-jornades-visions-dun-mon-desigual\/\",\"url\":\"https:\/\/butxacatv.com\/en\/salut-i-benestar-v-jornades-visions-dun-mon-desigual\/\",\"name\":\"Health and Wellbeing, V Visions of an Uneven World Conference - BUTXACA TV\",\"isPartOf\":{\"@id\":\"https:\/\/butxacatv.com\/#website\"},\"datePublished\":\"2021-04-19T08:49:26+00:00\",\"dateModified\":\"2021-11-22T11:04:38+00:00\",\"author\":{\"@id\":\"https:\/\/butxacatv.com\/#\/schema\/person\/a061863d3c344ba65b6fee2ef2a1a3ea\"},\"breadcrumb\":{\"@id\":\"https:\/\/butxacatv.com\/en\/salut-i-benestar-v-jornades-visions-dun-mon-desigual\/#breadcrumb\"},\"inLanguage\":\"en-US\",\"potentialAction\":[{\"@type\":\"ReadAction\",\"target\":[\"https:\/\/butxacatv.com\/en\/salut-i-benestar-v-jornades-visions-dun-mon-desigual\/\"]}]},{\"@type\":\"BreadcrumbList\",\"@id\":\"https:\/\/butxacatv.com\/en\/salut-i-benestar-v-jornades-visions-dun-mon-desigual\/#breadcrumb\",\"itemListElement\":[{\"@type\":\"ListItem\",\"position\":1,\"name\":\"Portada\",\"item\":\"https:\/\/butxacatv.com\/en\/home\/\"},{\"@type\":\"ListItem\",\"position\":2,\"name\":\"Health and Wellbeing, V Visions of an Uneven World Conference\"}]},{\"@type\":\"WebSite\",\"@id\":\"https:\/\/butxacatv.com\/#website\",\"url\":\"https:\/\/butxacatv.com\/\",\"name\":\"BUTXACA TV\",\"description\":\"BUTXACA TV\",\"potentialAction\":[{\"@type\":\"SearchAction\",\"target\":{\"@type\":\"EntryPoint\",\"urlTemplate\":\"https:\/\/butxacatv.com\/?s={search_term_string}\"},\"query-input\":\"required name=search_term_string\"}],\"inLanguage\":\"en-US\"},{\"@type\":\"Person\",\"@id\":\"https:\/\/butxacatv.com\/#\/schema\/person\/a061863d3c344ba65b6fee2ef2a1a3ea\",\"name\":\"bt-administrador\",\"url\":\"https:\/\/butxacatv.com\/en\/author\/bt-administrador\/\"}]}<\/script>\n<!-- \/ Yoast SEO plugin. -->","yoast_head_json":{"title":"Health and Wellbeing, V Visions of an Uneven World Conference - BUTXACA TV","robots":{"index":"index","follow":"follow","max-snippet":"max-snippet:-1","max-image-preview":"max-image-preview:large","max-video-preview":"max-video-preview:-1"},"canonical":"https:\/\/butxacatv.com\/en\/salut-i-benestar-v-jornades-visions-dun-mon-desigual\/","og_locale":"en_US","og_type":"article","og_title":"Health and Wellbeing, V Visions of an Uneven World Conference - BUTXACA TV","og_url":"https:\/\/butxacatv.com\/en\/salut-i-benestar-v-jornades-visions-dun-mon-desigual\/","og_site_name":"BUTXACA TV","article_publisher":"https:\/\/www.facebook.com\/Butxacatv","article_published_time":"2021-04-19T08:49:26+00:00","article_modified_time":"2021-11-22T11:04:38+00:00","og_image":[{"width":1280,"height":720,"url":"https:\/\/butxacatv.com\/wp-content\/uploads\/2021\/04\/cartell_salutibenestar.jpg","type":"image\/jpeg"}],"author":"bt-administrador","twitter_misc":{"Written by":"bt-administrador","Est. reading time":"4 minutes"},"schema":{"@context":"https:\/\/schema.org","@graph":[{"@type":"WebPage","@id":"https:\/\/butxacatv.com\/en\/salut-i-benestar-v-jornades-visions-dun-mon-desigual\/","url":"https:\/\/butxacatv.com\/en\/salut-i-benestar-v-jornades-visions-dun-mon-desigual\/","name":"Health and Wellbeing, V Visions of an Uneven World Conference - BUTXACA TV","isPartOf":{"@id":"https:\/\/butxacatv.com\/#website"},"datePublished":"2021-04-19T08:49:26+00:00","dateModified":"2021-11-22T11:04:38+00:00","author":{"@id":"https:\/\/butxacatv.com\/#\/schema\/person\/a061863d3c344ba65b6fee2ef2a1a3ea"},"breadcrumb":{"@id":"https:\/\/butxacatv.com\/en\/salut-i-benestar-v-jornades-visions-dun-mon-desigual\/#breadcrumb"},"inLanguage":"en-US","potentialAction":[{"@type":"ReadAction","target":["https:\/\/butxacatv.com\/en\/salut-i-benestar-v-jornades-visions-dun-mon-desigual\/"]}]},{"@type":"BreadcrumbList","@id":"https:\/\/butxacatv.com\/en\/salut-i-benestar-v-jornades-visions-dun-mon-desigual\/#breadcrumb","itemListElement":[{"@type":"ListItem","position":1,"name":"Portada","item":"https:\/\/butxacatv.com\/en\/home\/"},{"@type":"ListItem","position":2,"name":"Health and Wellbeing, V Visions of an Uneven World Conference"}]},{"@type":"WebSite","@id":"https:\/\/butxacatv.com\/#website","url":"https:\/\/butxacatv.com\/","name":"BUTXACA TV","description":"BUTXACA TV","potentialAction":[{"@type":"SearchAction","target":{"@type":"EntryPoint","urlTemplate":"https:\/\/butxacatv.com\/?s={search_term_string}"},"query-input":"required name=search_term_string"}],"inLanguage":"en-US"},{"@type":"Person","@id":"https:\/\/butxacatv.com\/#\/schema\/person\/a061863d3c344ba65b6fee2ef2a1a3ea","name":"bt-administrador","url":"https:\/\/butxacatv.com\/en\/author\/bt-administrador\/"}]}},"_links":{"self":[{"href":"https:\/\/butxacatv.com\/en\/wp-json\/wp\/v2\/posts\/1959"}],"collection":[{"href":"https:\/\/butxacatv.com\/en\/wp-json\/wp\/v2\/posts"}],"about":[{"href":"https:\/\/butxacatv.com\/en\/wp-json\/wp\/v2\/types\/post"}],"author":[{"embeddable":true,"href":"https:\/\/butxacatv.com\/en\/wp-json\/wp\/v2\/users\/2"}],"replies":[{"embeddable":true,"href":"https:\/\/butxacatv.com\/en\/wp-json\/wp\/v2\/comments?post=1959"}],"version-history":[{"count":3,"href":"https:\/\/butxacatv.com\/en\/wp-json\/wp\/v2\/posts\/1959\/revisions"}],"predecessor-version":[{"id":2646,"href":"https:\/\/butxacatv.com\/en\/wp-json\/wp\/v2\/posts\/1959\/revisions\/2646"}],"wp:featuredmedia":[{"embeddable":true,"href":"https:\/\/butxacatv.com\/en\/wp-json\/wp\/v2\/media\/1937"}],"wp:attachment":[{"href":"https:\/\/butxacatv.com\/en\/wp-json\/wp\/v2\/media?parent=1959"}],"wp:term":[{"taxonomy":"category","embeddable":true,"href":"https:\/\/butxacatv.com\/en\/wp-json\/wp\/v2\/categories?post=1959"},{"taxonomy":"post_tag","embeddable":true,"href":"https:\/\/butxacatv.com\/en\/wp-json\/wp\/v2\/tags?post=1959"}],"curies":[{"name":"wp","href":"https:\/\/api.w.org\/{rel}","templated":true}]}}