{"id":1598,"date":"2020-12-15T10:24:00","date_gmt":"2020-12-15T09:24:00","guid":{"rendered":"https:\/\/butxacatv.com\/496-2\/"},"modified":"2021-11-22T10:21:08","modified_gmt":"2021-11-22T09:21:08","slug":"496-2","status":"publish","type":"post","link":"https:\/\/butxacatv.com\/en\/496-2\/","title":{"rendered":"Deconstructing gender. I Conference Gender perspective in teaching"},"content":{"rendered":"\n<style type=\"text\/css\" data-created_by=\"avia_inline_auto\" id=\"style-css-av-sed5v-0d71dbcc83a8709b020fcb42b1995cd0\">\n.flex_column.av-sed5v-0d71dbcc83a8709b020fcb42b1995cd0{\n-webkit-border-radius:0px 0px 0px 0px;\n-moz-border-radius:0px 0px 0px 0px;\nborder-radius:0px 0px 0px 0px;\npadding:0px 0px 0px 0px;\n}\n<\/style>\n<div  class='flex_column av-sed5v-0d71dbcc83a8709b020fcb42b1995cd0 av_one_half  avia-builder-el-0  el_before_av_hr  avia-builder-el-first  first flex_column_div av-zero-column-padding  '     ><div  class='avia-slideshow av-kiu2d0kb-e389cf4673ad05026b31a9184d6ed030 avia-slideshow-medium av_slideshow avia-slide-slider  avia-builder-el-1  avia-builder-el-no-sibling  av-slideshow-ui av-control-default av-slideshow-autoplay av-loop-endless av-loop-manual-endless av-default-height-applied avia-slideshow-1' data-slideshow-options=\"{&quot;animation&quot;:&quot;slide&quot;,&quot;autoplay&quot;:true,&quot;loop_autoplay&quot;:&quot;endless&quot;,&quot;interval&quot;:5,&quot;loop_manual&quot;:&quot;manual-endless&quot;,&quot;autoplay_stopper&quot;:false,&quot;noNavigation&quot;:false,&quot;bg_slider&quot;:false,&quot;keep_padding&quot;:false,&quot;hoverpause&quot;:false,&quot;show_slide_delay&quot;:0}\"  itemprop=\"image\" itemscope=\"itemscope\" itemtype=\"https:\/\/schema.org\/ImageObject\" ><ul class='avia-slideshow-inner ' style='padding-bottom: 100%;'><li  class='avia-slideshow-slide av-kiu2d0kb-e389cf4673ad05026b31a9184d6ed030__0  slide-1 slide-odd'><div data-rel='slideshow-1' class='avia-slide-wrap '   ><img decoding=\"async\" class=\"wp-image-1373 avia-img-lazy-loading-not-1373\"  src=\"https:\/\/butxacatv.com\/wp-content\/uploads\/2020\/12\/Logo-UdG-UCS-1-300x300.jpg\" width=\"300\" height=\"300\" title='Logo UdG UCS' alt=''  itemprop=\"thumbnailUrl\" srcset=\"https:\/\/butxacatv.com\/wp-content\/uploads\/2020\/12\/Logo-UdG-UCS-1-300x300.jpg 300w, https:\/\/butxacatv.com\/wp-content\/uploads\/2020\/12\/Logo-UdG-UCS-1-100x100.jpg 100w, https:\/\/butxacatv.com\/wp-content\/uploads\/2020\/12\/Logo-UdG-UCS-1-80x80.jpg 80w, https:\/\/butxacatv.com\/wp-content\/uploads\/2020\/12\/Logo-UdG-UCS-1-36x36.jpg 36w, https:\/\/butxacatv.com\/wp-content\/uploads\/2020\/12\/Logo-UdG-UCS-1-180x180.jpg 180w, https:\/\/butxacatv.com\/wp-content\/uploads\/2020\/12\/Logo-UdG-UCS-1.jpg 400w\" sizes=\"(max-width: 300px) 100vw, 300px\" \/><\/div><\/li><li  class='avia-slideshow-slide av-kiu2d0kb-e389cf4673ad05026b31a9184d6ed030__1  slide-2 slide-even'><div data-rel='slideshow-1' class='avia-slide-wrap '   ><img decoding=\"async\" class=\"wp-image-1370 avia-img-lazy-loading-not-1370\"  src=\"https:\/\/butxacatv.com\/wp-content\/uploads\/2020\/12\/Logo-UdG-Xarxa-300x300.jpg\" width=\"300\" height=\"300\" title='Logo UdG Xarxa' alt=''  itemprop=\"thumbnailUrl\" srcset=\"https:\/\/butxacatv.com\/wp-content\/uploads\/2020\/12\/Logo-UdG-Xarxa-300x300.jpg 300w, https:\/\/butxacatv.com\/wp-content\/uploads\/2020\/12\/Logo-UdG-Xarxa-100x100.jpg 100w, https:\/\/butxacatv.com\/wp-content\/uploads\/2020\/12\/Logo-UdG-Xarxa-80x80.jpg 80w, https:\/\/butxacatv.com\/wp-content\/uploads\/2020\/12\/Logo-UdG-Xarxa-36x36.jpg 36w, https:\/\/butxacatv.com\/wp-content\/uploads\/2020\/12\/Logo-UdG-Xarxa-180x180.jpg 180w, https:\/\/butxacatv.com\/wp-content\/uploads\/2020\/12\/Logo-UdG-Xarxa.jpg 400w\" sizes=\"(max-width: 300px) 100vw, 300px\" \/><\/div><\/li><\/ul><div class='avia-slideshow-arrows avia-slideshow-controls' ><a href='#prev' class='prev-slide ' aria-hidden='true' data-av_icon='\ue87c' data-av_iconfont='entypo-fontello'  tabindex='-1'>Previous<\/a><a href='#next' class='next-slide ' aria-hidden='true' data-av_icon='\ue87d' data-av_iconfont='entypo-fontello'  tabindex='-1'>Next<\/a><\/div><div class='avia-slideshow-dots avia-slideshow-controls'><a href='#1' class='goto-slide active' >1<\/a><a href='#2' class='goto-slide ' >2<\/a><\/div><\/div><\/div>\n<div  class='hr av-av_hr-7bacd336e8c7b574fdeac16e430feaa5 hr-default  avia-builder-el-2  el_after_av_one_half  el_before_av_one_full '><span class='hr-inner '><span class=\"hr-inner-style\"><\/span><\/span><\/div>\n\n<style type=\"text\/css\" data-created_by=\"avia_inline_auto\" id=\"style-css-av-9hykg-f2ebdc20674edc6dc4bd6887163c2ff7\">\n.flex_column.av-9hykg-f2ebdc20674edc6dc4bd6887163c2ff7{\n-webkit-border-radius:0px 0px 0px 0px;\n-moz-border-radius:0px 0px 0px 0px;\nborder-radius:0px 0px 0px 0px;\npadding:0px 0px 0px 0px;\n}\n<\/style>\n<div  class='flex_column av-9hykg-f2ebdc20674edc6dc4bd6887163c2ff7 av_one_full  avia-builder-el-3  el_after_av_hr  el_before_av_hr  first flex_column_div av-zero-column-padding  '     ><section  class='av_textblock_section av-kiu2uqe7-e6ff01a8ca291aadd6b56feb09b29c9b '   itemscope=\"itemscope\" itemtype=\"https:\/\/schema.org\/BlogPosting\" itemprop=\"blogPost\" ><div class='avia_textblock'  itemprop=\"text\" ><p><strong>Company \/ organizing entity:<\/strong> Teaching Innovation Network (ICE) in Gender Perspective in Teaching (UdG)<\/p>\n<p><strong>It consisted of seven programs:<\/strong><\/p>\n<ul>\n<li><strong>15des20 &#8211; 9: 30h<\/strong> | Welcome S\u00edlvia Llach and presentations by T\u00e0nia Verge and S\u00f2nia Estrad\u00e9<\/li>\n<li><strong>15des20 &#8211; 12h<\/strong> | Papers by Ana M\u00aa Romero and Begonya S\u00e1ez<\/li>\n<li><strong>15des20 &#8211; 16h<\/strong> | Presentations of final degree projects<\/li>\n<li><strong>15des20 &#8211; 17h<\/strong> | Student representation<\/li>\n<li><strong>16des20 &#8211; 9: 30h<\/strong> | ROUND TABLE Deconstructing gender in teaching<\/li>\n<li><strong>16des20 &#8211; 10: 50h<\/strong> | Teaching experiences at the University of Girona<\/li>\n<li>1<strong>6des20 &#8211; 12h<\/strong> | Presentation by Teresa Ruiz and closing ceremony by Quim Salvi<\/li>\n<\/ul>\n<\/div><\/section><\/div><div  class='hr av-av_hr-7bacd336e8c7b574fdeac16e430feaa5 hr-default  avia-builder-el-5  el_after_av_one_full  el_before_av_one_full '><span class='hr-inner '><span class=\"hr-inner-style\"><\/span><\/span><\/div><\/p>\n\n<style type=\"text\/css\" data-created_by=\"avia_inline_auto\" id=\"style-css-av-81rpk-802c0530501d9517aadffae0e7e41550\">\n.flex_column.av-81rpk-802c0530501d9517aadffae0e7e41550{\n-webkit-border-radius:0px 0px 0px 0px;\n-moz-border-radius:0px 0px 0px 0px;\nborder-radius:0px 0px 0px 0px;\npadding:0px 0px 0px 0px;\n}\n<\/style>\n<div  class='flex_column av-81rpk-802c0530501d9517aadffae0e7e41550 av_one_full  avia-builder-el-6  el_after_av_hr  avia-builder-el-last  first flex_column_div av-zero-column-padding  '     ><p><br \/>\n<br \/>\n<br \/>\n<br \/>\n<br \/>\n<br \/>\n<br \/>\n<\/p><\/div>\n","protected":false},"excerpt":{"rendered":"","protected":false},"author":2,"featured_media":1184,"comment_status":"closed","ping_status":"closed","sticky":false,"template":"","format":"standard","meta":[],"categories":[72,79,86,73],"tags":[],"yoast_head":"<!-- This site is optimized with the Yoast SEO plugin v20.9 - https:\/\/yoast.com\/wordpress\/plugins\/seo\/ -->\n<title>Deconstructing gender. I Conference Gender perspective in teaching - BUTXACA TV<\/title>\n<meta name=\"robots\" content=\"index, follow, max-snippet:-1, max-image-preview:large, max-video-preview:-1\" \/>\n<link rel=\"canonical\" href=\"https:\/\/butxacatv.com\/en\/496-2\/\" \/>\n<meta property=\"og:locale\" content=\"en_US\" \/>\n<meta property=\"og:type\" content=\"article\" \/>\n<meta property=\"og:title\" content=\"Deconstructing gender. I Conference Gender perspective in teaching - BUTXACA TV\" \/>\n<meta property=\"og:url\" content=\"https:\/\/butxacatv.com\/en\/496-2\/\" \/>\n<meta property=\"og:site_name\" content=\"BUTXACA TV\" \/>\n<meta property=\"article:publisher\" content=\"https:\/\/www.facebook.com\/Butxacatv\" \/>\n<meta property=\"article:published_time\" content=\"2020-12-15T09:24:00+00:00\" \/>\n<meta property=\"article:modified_time\" content=\"2021-11-22T09:21:08+00:00\" \/>\n<meta property=\"og:image\" content=\"https:\/\/butxacatv.com\/wp-content\/uploads\/2020\/12\/Jornada-genere-UCS-UdG-OK.jpg\" \/>\n\t<meta property=\"og:image:width\" content=\"1280\" \/>\n\t<meta property=\"og:image:height\" content=\"720\" \/>\n\t<meta property=\"og:image:type\" content=\"image\/jpeg\" \/>\n<meta name=\"author\" content=\"bt-administrador\" \/>\n<meta name=\"twitter:label1\" content=\"Written by\" \/>\n\t<meta name=\"twitter:data1\" content=\"bt-administrador\" \/>\n\t<meta name=\"twitter:label2\" content=\"Est. reading time\" \/>\n\t<meta name=\"twitter:data2\" content=\"5 minutes\" \/>\n<script type=\"application\/ld+json\" class=\"yoast-schema-graph\">{\"@context\":\"https:\/\/schema.org\",\"@graph\":[{\"@type\":\"WebPage\",\"@id\":\"https:\/\/butxacatv.com\/en\/496-2\/\",\"url\":\"https:\/\/butxacatv.com\/en\/496-2\/\",\"name\":\"Deconstructing gender. I Conference Gender perspective in teaching - BUTXACA TV\",\"isPartOf\":{\"@id\":\"https:\/\/butxacatv.com\/#website\"},\"datePublished\":\"2020-12-15T09:24:00+00:00\",\"dateModified\":\"2021-11-22T09:21:08+00:00\",\"author\":{\"@id\":\"https:\/\/butxacatv.com\/#\/schema\/person\/a061863d3c344ba65b6fee2ef2a1a3ea\"},\"breadcrumb\":{\"@id\":\"https:\/\/butxacatv.com\/en\/496-2\/#breadcrumb\"},\"inLanguage\":\"en-US\",\"potentialAction\":[{\"@type\":\"ReadAction\",\"target\":[\"https:\/\/butxacatv.com\/en\/496-2\/\"]}]},{\"@type\":\"BreadcrumbList\",\"@id\":\"https:\/\/butxacatv.com\/en\/496-2\/#breadcrumb\",\"itemListElement\":[{\"@type\":\"ListItem\",\"position\":1,\"name\":\"Portada\",\"item\":\"https:\/\/butxacatv.com\/en\/home\/\"},{\"@type\":\"ListItem\",\"position\":2,\"name\":\"Deconstructing gender. I Conference Gender perspective in teaching\"}]},{\"@type\":\"WebSite\",\"@id\":\"https:\/\/butxacatv.com\/#website\",\"url\":\"https:\/\/butxacatv.com\/\",\"name\":\"BUTXACA TV\",\"description\":\"BUTXACA TV\",\"potentialAction\":[{\"@type\":\"SearchAction\",\"target\":{\"@type\":\"EntryPoint\",\"urlTemplate\":\"https:\/\/butxacatv.com\/?s={search_term_string}\"},\"query-input\":\"required name=search_term_string\"}],\"inLanguage\":\"en-US\"},{\"@type\":\"Person\",\"@id\":\"https:\/\/butxacatv.com\/#\/schema\/person\/a061863d3c344ba65b6fee2ef2a1a3ea\",\"name\":\"bt-administrador\",\"url\":\"https:\/\/butxacatv.com\/en\/author\/bt-administrador\/\"}]}<\/script>\n<!-- \/ Yoast SEO plugin. -->","yoast_head_json":{"title":"Deconstructing gender. I Conference Gender perspective in teaching - BUTXACA TV","robots":{"index":"index","follow":"follow","max-snippet":"max-snippet:-1","max-image-preview":"max-image-preview:large","max-video-preview":"max-video-preview:-1"},"canonical":"https:\/\/butxacatv.com\/en\/496-2\/","og_locale":"en_US","og_type":"article","og_title":"Deconstructing gender. I Conference Gender perspective in teaching - BUTXACA TV","og_url":"https:\/\/butxacatv.com\/en\/496-2\/","og_site_name":"BUTXACA TV","article_publisher":"https:\/\/www.facebook.com\/Butxacatv","article_published_time":"2020-12-15T09:24:00+00:00","article_modified_time":"2021-11-22T09:21:08+00:00","og_image":[{"width":1280,"height":720,"url":"https:\/\/butxacatv.com\/wp-content\/uploads\/2020\/12\/Jornada-genere-UCS-UdG-OK.jpg","type":"image\/jpeg"}],"author":"bt-administrador","twitter_misc":{"Written by":"bt-administrador","Est. reading time":"5 minutes"},"schema":{"@context":"https:\/\/schema.org","@graph":[{"@type":"WebPage","@id":"https:\/\/butxacatv.com\/en\/496-2\/","url":"https:\/\/butxacatv.com\/en\/496-2\/","name":"Deconstructing gender. I Conference Gender perspective in teaching - BUTXACA TV","isPartOf":{"@id":"https:\/\/butxacatv.com\/#website"},"datePublished":"2020-12-15T09:24:00+00:00","dateModified":"2021-11-22T09:21:08+00:00","author":{"@id":"https:\/\/butxacatv.com\/#\/schema\/person\/a061863d3c344ba65b6fee2ef2a1a3ea"},"breadcrumb":{"@id":"https:\/\/butxacatv.com\/en\/496-2\/#breadcrumb"},"inLanguage":"en-US","potentialAction":[{"@type":"ReadAction","target":["https:\/\/butxacatv.com\/en\/496-2\/"]}]},{"@type":"BreadcrumbList","@id":"https:\/\/butxacatv.com\/en\/496-2\/#breadcrumb","itemListElement":[{"@type":"ListItem","position":1,"name":"Portada","item":"https:\/\/butxacatv.com\/en\/home\/"},{"@type":"ListItem","position":2,"name":"Deconstructing gender. I Conference Gender perspective in teaching"}]},{"@type":"WebSite","@id":"https:\/\/butxacatv.com\/#website","url":"https:\/\/butxacatv.com\/","name":"BUTXACA TV","description":"BUTXACA TV","potentialAction":[{"@type":"SearchAction","target":{"@type":"EntryPoint","urlTemplate":"https:\/\/butxacatv.com\/?s={search_term_string}"},"query-input":"required name=search_term_string"}],"inLanguage":"en-US"},{"@type":"Person","@id":"https:\/\/butxacatv.com\/#\/schema\/person\/a061863d3c344ba65b6fee2ef2a1a3ea","name":"bt-administrador","url":"https:\/\/butxacatv.com\/en\/author\/bt-administrador\/"}]}},"_links":{"self":[{"href":"https:\/\/butxacatv.com\/en\/wp-json\/wp\/v2\/posts\/1598"}],"collection":[{"href":"https:\/\/butxacatv.com\/en\/wp-json\/wp\/v2\/posts"}],"about":[{"href":"https:\/\/butxacatv.com\/en\/wp-json\/wp\/v2\/types\/post"}],"author":[{"embeddable":true,"href":"https:\/\/butxacatv.com\/en\/wp-json\/wp\/v2\/users\/2"}],"replies":[{"embeddable":true,"href":"https:\/\/butxacatv.com\/en\/wp-json\/wp\/v2\/comments?post=1598"}],"version-history":[{"count":4,"href":"https:\/\/butxacatv.com\/en\/wp-json\/wp\/v2\/posts\/1598\/revisions"}],"predecessor-version":[{"id":2613,"href":"https:\/\/butxacatv.com\/en\/wp-json\/wp\/v2\/posts\/1598\/revisions\/2613"}],"wp:featuredmedia":[{"embeddable":true,"href":"https:\/\/butxacatv.com\/en\/wp-json\/wp\/v2\/media\/1184"}],"wp:attachment":[{"href":"https:\/\/butxacatv.com\/en\/wp-json\/wp\/v2\/media?parent=1598"}],"wp:term":[{"taxonomy":"category","embeddable":true,"href":"https:\/\/butxacatv.com\/en\/wp-json\/wp\/v2\/categories?post=1598"},{"taxonomy":"post_tag","embeddable":true,"href":"https:\/\/butxacatv.com\/en\/wp-json\/wp\/v2\/tags?post=1598"}],"curies":[{"name":"wp","href":"https:\/\/api.w.org\/{rel}","templated":true}]}}