{"id":1536,"date":"2021-04-09T11:51:50","date_gmt":"2021-04-09T09:51:50","guid":{"rendered":"https:\/\/butxacatv.com\/taules-rodones-dels-cursos-de-la-ucs-del-2n-semestre-20-21\/"},"modified":"2021-04-19T10:14:28","modified_gmt":"2021-04-19T08:14:28","slug":"taules-rodones-dels-cursos-de-la-ucs-del-2n-semestre-20-21","status":"publish","type":"post","link":"https:\/\/butxacatv.com\/en\/taules-rodones-dels-cursos-de-la-ucs-del-2n-semestre-20-21\/","title":{"rendered":"Round tables of the the 2nd semester 20\/21 courses by the UCS"},"content":{"rendered":"\n<style type=\"text\/css\" data-created_by=\"avia_inline_auto\" id=\"style-css-av-7azef3-7d7223ef535d76c6a530414fae3a1338\">\n.flex_column.av-7azef3-7d7223ef535d76c6a530414fae3a1338{\n-webkit-border-radius:0px 0px 0px 0px;\n-moz-border-radius:0px 0px 0px 0px;\nborder-radius:0px 0px 0px 0px;\npadding:0px 0px 0px 0px;\n}\n<\/style>\n<div  class='flex_column av-7azef3-7d7223ef535d76c6a530414fae3a1338 av_one_half  avia-builder-el-0  el_before_av_hr  avia-builder-el-first  first flex_column_div av-zero-column-padding  '     ><style type=\"text\/css\" data-created_by=\"avia_inline_auto\" id=\"style-css-av-kna3v12i-d93e0f1f7fa0851c18e099eeca1880be\">\n.avia-image-container.av-kna3v12i-d93e0f1f7fa0851c18e099eeca1880be img.avia_image{\nbox-shadow:none;\n}\n.avia-image-container.av-kna3v12i-d93e0f1f7fa0851c18e099eeca1880be .av-image-caption-overlay-center{\ncolor:#ffffff;\n}\n<\/style>\n<div  class='avia-image-container av-kna3v12i-d93e0f1f7fa0851c18e099eeca1880be av-styling- avia-align-left  avia-builder-el-1  avia-builder-el-no-sibling '   itemprop=\"image\" itemscope=\"itemscope\" itemtype=\"https:\/\/schema.org\/ImageObject\" ><div class=\"avia-image-container-inner\"><div class=\"avia-image-overlay-wrap\"><img decoding=\"async\" class='wp-image-1530 avia-img-lazy-loading-not-1530 avia_image ' src=\"https:\/\/butxacatv.com\/wp-content\/uploads\/2021\/04\/compromis-300x72.png\" alt='' title='compromis'  height=\"72\" width=\"300\"  itemprop=\"thumbnailUrl\" srcset=\"https:\/\/butxacatv.com\/wp-content\/uploads\/2021\/04\/compromis-300x72.png 300w, https:\/\/butxacatv.com\/wp-content\/uploads\/2021\/04\/compromis-768x185.png 768w, https:\/\/butxacatv.com\/wp-content\/uploads\/2021\/04\/compromis-705x170.png 705w, https:\/\/butxacatv.com\/wp-content\/uploads\/2021\/04\/compromis-600x144.png 600w, https:\/\/butxacatv.com\/wp-content\/uploads\/2021\/04\/compromis.png 864w\" sizes=\"(max-width: 300px) 100vw, 300px\" \/><\/div><\/div><\/div><\/div>\n<div  class='hr av-6au6a7-268c40934d7d3f51dc3291435d7ae294 hr-default  avia-builder-el-2  el_after_av_one_half  el_before_av_one_full '><span class='hr-inner '><span class=\"hr-inner-style\"><\/span><\/span><\/div>\n\n<style type=\"text\/css\" data-created_by=\"avia_inline_auto\" id=\"style-css-av-3hhjz3-8d1c6d5af1d12e827e212412b109bac0\">\n.flex_column.av-3hhjz3-8d1c6d5af1d12e827e212412b109bac0{\n-webkit-border-radius:0px 0px 0px 0px;\n-moz-border-radius:0px 0px 0px 0px;\nborder-radius:0px 0px 0px 0px;\npadding:0px 0px 0px 0px;\n}\n<\/style>\n<div  class='flex_column av-3hhjz3-8d1c6d5af1d12e827e212412b109bac0 av_one_full  avia-builder-el-3  el_after_av_hr  el_before_av_hr  first flex_column_div av-zero-column-padding  '     ><section  class='av_textblock_section av-kna42rp0-56361f78bf0d9d081346ca204ce66cbd '   itemscope=\"itemscope\" itemtype=\"https:\/\/schema.org\/BlogPosting\" itemprop=\"blogPost\" ><div class='avia_textblock'  itemprop=\"text\" ><p><b>Empresa\/entitat organitzadora<\/b>: Unitat de Comprom\u00eds Social (UdG)<\/p>\n<p>Va constar de cinc programes:<\/p>\n<ul class=\"ul1\">\n<li><a href=\"#desenvolupament\"><strong>Cooperaci\u00f3 per al Desenvolupament<\/strong><\/a> (25 MAR)<\/li>\n<li><a href=\"#salutmental\"><strong>Prevenci\u00f3 de la conducta su\u00efcida: guardians de la salut mental<\/strong><\/a> (7 ABR)<\/li>\n<li><a href=\"#drogues\"><strong>Consum de drogues i drogodepend\u00e8ncies: diverg\u00e8ncies i conflu\u00e8ncies <\/strong><\/a>(8 ABR)<\/li>\n<li><a href=\"#racisme\"><strong>Visibilitzant els racismes: discursos, pr\u00e0ctiques i resist\u00e8ncies <\/strong><\/a>(15 ABR)<\/li>\n<li class=\"li1\"><a href=\"#diversitatsexual\"><strong>Introducci\u00f3 a la diversitat sexual i de g\u00e8nere <\/strong><\/a>(22 ABR)<\/li>\n<\/ul>\n<\/div><\/section><\/div><div  class='hr av-37pm7z-a61e24c0a05dcc4e20cb3746fcf9a7ba hr-default  avia-builder-el-5  el_after_av_one_full  el_before_av_textblock '><span class='hr-inner '><span class=\"hr-inner-style\"><\/span><\/span><\/div><\/p>\n<section  class='av_textblock_section av-kne9qeqd-2249eb5ccfb775674e57d5cb1c47d06e '   itemscope=\"itemscope\" itemtype=\"https:\/\/schema.org\/BlogPosting\" itemprop=\"blogPost\" ><div class='avia_textblock'  itemprop=\"text\" ><p><span style=\"font-weight: 400\">Taules rodones en directe pels canals YouTube i Facebook de la Unitat de Comprom\u00eds Social de la UdG. Amb la participaci\u00f3 dels ponents que han participat en les p\u00edndoles dels cursos formatius, amb l\u2019objectiu que els universitaris inscrits puguin interactuar amb els ponents a trav\u00e9s dels xats i resoldre dubtes.<\/span><\/p>\n<\/div><\/section>\n<div  class='hr av-37pm7z-a61e24c0a05dcc4e20cb3746fcf9a7ba hr-default  avia-builder-el-7  el_after_av_textblock  el_before_av_video '><span class='hr-inner '><span class=\"hr-inner-style\"><\/span><\/span><\/div>\n<div  id=\"desenvolupament\"  class='avia-video av-kna42xmj-66343390533e7bc3a2373b40dfa5aca5 avia-video-16-9 av-no-preview-image avia-video-load-always av-lazyload-immediate av-lazyload-video-embed'  itemprop=\"video\" itemtype=\"https:\/\/schema.org\/VideoObject\"  data-original_url='https:\/\/www.youtube.com\/watch?v=yMqZ5KVWAnQ'><script type='text\/html' class='av-video-tmpl'><div class='avia-iframe-wrap'><iframe title=\"?  DIRECTE - 25 de MAR\u00c7 2021 - 18h, UCS. Taula rodona: Cooperaci\u00f3 per al Desenvolupament\" width=\"1500\" height=\"844\" src=\"https:\/\/www.youtube.com\/embed\/yMqZ5KVWAnQ?feature=oembed&autoplay=0&loop=0&controls=1&mute=0\" frameborder=\"0\" allow=\"accelerometer; autoplay; clipboard-write; encrypted-media; gyroscope; picture-in-picture\" allowfullscreen><\/iframe><\/div><\/script><div class='av-click-to-play-overlay'><div class=\"avia_playpause_icon\"><\/div><\/div><\/div>\n<div  id=\"salutmental\"  class='avia-video av-kna43ve9-5d03e2d4c2ea9d61e2dc44a1f0e13a50 avia-video-16-9 av-no-preview-image avia-video-load-always av-lazyload-immediate av-lazyload-video-embed'  itemprop=\"video\" itemtype=\"https:\/\/schema.org\/VideoObject\"  data-original_url='https:\/\/www.youtube.com\/watch?v=5Q0EIpW-xN0'><script type='text\/html' class='av-video-tmpl'><div class='avia-iframe-wrap'><iframe title=\"?  DIRECTE - 7 d\u2019ABRIL 2021 - 18h, UCS. Taula rodona: Prevenci\u00f3 de la conducta su\u00efcida\" width=\"1500\" height=\"844\" src=\"https:\/\/www.youtube.com\/embed\/5Q0EIpW-xN0?feature=oembed&autoplay=0&loop=0&controls=1&mute=0\" frameborder=\"0\" allow=\"accelerometer; autoplay; clipboard-write; encrypted-media; gyroscope; picture-in-picture\" allowfullscreen><\/iframe><\/div><\/script><div class='av-click-to-play-overlay'><div class=\"avia_playpause_icon\"><\/div><\/div><\/div>\n<div  id=\"drogues\"  class='avia-video av-kna449yd-d363cce5c344e32d83094873af3ac726 avia-video-16-9 av-no-preview-image avia-video-load-always av-lazyload-immediate av-lazyload-video-embed'  itemprop=\"video\" itemtype=\"https:\/\/schema.org\/VideoObject\"  data-original_url='https:\/\/www.youtube.com\/watch?v=G5ZaiiO6LSw'><script type='text\/html' class='av-video-tmpl'><div class='avia-iframe-wrap'><iframe title=\"? DIRECTE 8 d&#039;ABRIL 2021 - 18h, UCS. Taula rodona: Consum de drogues i drogodepend\u00e8ncies\" width=\"1500\" height=\"844\" src=\"https:\/\/www.youtube.com\/embed\/G5ZaiiO6LSw?feature=oembed&autoplay=0&loop=0&controls=1&mute=0\" frameborder=\"0\" allow=\"accelerometer; autoplay; clipboard-write; encrypted-media; gyroscope; picture-in-picture\" allowfullscreen><\/iframe><\/div><\/script><div class='av-click-to-play-overlay'><div class=\"avia_playpause_icon\"><\/div><\/div><\/div>\n<div  id=\"racisme\"  class='avia-video av-kneguo78-d1396bc1481e7bd66d19f604cb71fba4 avia-video-16-9 av-no-preview-image avia-video-load-always av-lazyload-immediate av-lazyload-video-embed'  itemprop=\"video\" itemtype=\"https:\/\/schema.org\/VideoObject\"  data-original_url='https:\/\/www.youtube.com\/watch?v=fOcv010StGU'><script type='text\/html' class='av-video-tmpl'><div class='avia-iframe-wrap'><iframe title=\"?  DIRECTE - 15 d\u2019ABRIL 2021 - 18h, UCS. Taula rodona: Visibilitzant els racismes\" width=\"1500\" height=\"844\" src=\"https:\/\/www.youtube.com\/embed\/fOcv010StGU?feature=oembed&autoplay=0&loop=0&controls=1&mute=0\" frameborder=\"0\" allow=\"accelerometer; autoplay; clipboard-write; encrypted-media; gyroscope; picture-in-picture\" allowfullscreen><\/iframe><\/div><\/script><div class='av-click-to-play-overlay'><div class=\"avia_playpause_icon\"><\/div><\/div><\/div>\n<div  id=\"diversitatsexual\"  class='avia-video av-knegv50j-64f6cf28bee3057c1389a5dc5d0655ab avia-video-16-9 av-no-preview-image avia-video-load-always av-lazyload-immediate av-lazyload-video-embed'  itemprop=\"video\" itemtype=\"https:\/\/schema.org\/VideoObject\"  data-original_url='https:\/\/www.youtube.com\/watch?v=L3NUKybOis8'><script type='text\/html' class='av-video-tmpl'><div class='avia-iframe-wrap'><iframe title=\"?  DIRECTE - 22 d\u2019ABRIL 2021 - 18h. Taula rodona: Introducci\u00f3 a la diversitat sexual i de g\u00e8nere\" width=\"1500\" height=\"844\" src=\"https:\/\/www.youtube.com\/embed\/L3NUKybOis8?feature=oembed&autoplay=0&loop=0&controls=1&mute=0\" frameborder=\"0\" allow=\"accelerometer; autoplay; clipboard-write; encrypted-media; gyroscope; picture-in-picture\" allowfullscreen><\/iframe><\/div><\/script><div class='av-click-to-play-overlay'><div class=\"avia_playpause_icon\"><\/div><\/div><\/div>\n","protected":false},"excerpt":{"rendered":"","protected":false},"author":2,"featured_media":1534,"comment_status":"closed","ping_status":"closed","sticky":false,"template":"","format":"standard","meta":[],"categories":[71,72,73],"tags":[],"yoast_head":"<!-- This site is optimized with the Yoast SEO plugin v20.9 - https:\/\/yoast.com\/wordpress\/plugins\/seo\/ -->\n<title>Round tables of the the 2nd semester 20\/21 courses by the UCS - BUTXACA TV<\/title>\n<meta name=\"robots\" content=\"index, follow, max-snippet:-1, max-image-preview:large, max-video-preview:-1\" \/>\n<link rel=\"canonical\" href=\"https:\/\/butxacatv.com\/en\/taules-rodones-dels-cursos-de-la-ucs-del-2n-semestre-20-21\/\" \/>\n<meta property=\"og:locale\" content=\"en_US\" \/>\n<meta property=\"og:type\" content=\"article\" \/>\n<meta property=\"og:title\" content=\"Round tables of the the 2nd semester 20\/21 courses by the UCS - BUTXACA TV\" \/>\n<meta property=\"og:url\" content=\"https:\/\/butxacatv.com\/en\/taules-rodones-dels-cursos-de-la-ucs-del-2n-semestre-20-21\/\" \/>\n<meta property=\"og:site_name\" content=\"BUTXACA TV\" \/>\n<meta property=\"article:publisher\" content=\"https:\/\/www.facebook.com\/Butxacatv\" \/>\n<meta property=\"article:published_time\" content=\"2021-04-09T09:51:50+00:00\" \/>\n<meta property=\"article:modified_time\" content=\"2021-04-19T08:14:28+00:00\" \/>\n<meta property=\"og:image\" content=\"https:\/\/butxacatv.com\/wp-content\/uploads\/2021\/04\/001_09C-Taula-rodona-UCS-cartela_OK.jpg\" \/>\n\t<meta property=\"og:image:width\" content=\"1280\" \/>\n\t<meta property=\"og:image:height\" content=\"720\" \/>\n\t<meta property=\"og:image:type\" content=\"image\/jpeg\" \/>\n<meta name=\"author\" content=\"bt-administrador\" \/>\n<meta name=\"twitter:label1\" content=\"Written by\" \/>\n\t<meta name=\"twitter:data1\" content=\"bt-administrador\" \/>\n\t<meta name=\"twitter:label2\" content=\"Est. reading time\" \/>\n\t<meta name=\"twitter:data2\" content=\"4 minutes\" \/>\n<script type=\"application\/ld+json\" class=\"yoast-schema-graph\">{\"@context\":\"https:\/\/schema.org\",\"@graph\":[{\"@type\":\"WebPage\",\"@id\":\"https:\/\/butxacatv.com\/en\/taules-rodones-dels-cursos-de-la-ucs-del-2n-semestre-20-21\/\",\"url\":\"https:\/\/butxacatv.com\/en\/taules-rodones-dels-cursos-de-la-ucs-del-2n-semestre-20-21\/\",\"name\":\"Round tables of the the 2nd semester 20\/21 courses by the UCS - BUTXACA TV\",\"isPartOf\":{\"@id\":\"https:\/\/butxacatv.com\/#website\"},\"datePublished\":\"2021-04-09T09:51:50+00:00\",\"dateModified\":\"2021-04-19T08:14:28+00:00\",\"author\":{\"@id\":\"https:\/\/butxacatv.com\/#\/schema\/person\/a061863d3c344ba65b6fee2ef2a1a3ea\"},\"breadcrumb\":{\"@id\":\"https:\/\/butxacatv.com\/en\/taules-rodones-dels-cursos-de-la-ucs-del-2n-semestre-20-21\/#breadcrumb\"},\"inLanguage\":\"en-US\",\"potentialAction\":[{\"@type\":\"ReadAction\",\"target\":[\"https:\/\/butxacatv.com\/en\/taules-rodones-dels-cursos-de-la-ucs-del-2n-semestre-20-21\/\"]}]},{\"@type\":\"BreadcrumbList\",\"@id\":\"https:\/\/butxacatv.com\/en\/taules-rodones-dels-cursos-de-la-ucs-del-2n-semestre-20-21\/#breadcrumb\",\"itemListElement\":[{\"@type\":\"ListItem\",\"position\":1,\"name\":\"Portada\",\"item\":\"https:\/\/butxacatv.com\/en\/home\/\"},{\"@type\":\"ListItem\",\"position\":2,\"name\":\"Round tables of the the 2nd semester 20\/21 courses by the UCS\"}]},{\"@type\":\"WebSite\",\"@id\":\"https:\/\/butxacatv.com\/#website\",\"url\":\"https:\/\/butxacatv.com\/\",\"name\":\"BUTXACA TV\",\"description\":\"BUTXACA TV\",\"potentialAction\":[{\"@type\":\"SearchAction\",\"target\":{\"@type\":\"EntryPoint\",\"urlTemplate\":\"https:\/\/butxacatv.com\/?s={search_term_string}\"},\"query-input\":\"required name=search_term_string\"}],\"inLanguage\":\"en-US\"},{\"@type\":\"Person\",\"@id\":\"https:\/\/butxacatv.com\/#\/schema\/person\/a061863d3c344ba65b6fee2ef2a1a3ea\",\"name\":\"bt-administrador\",\"url\":\"https:\/\/butxacatv.com\/en\/author\/bt-administrador\/\"}]}<\/script>\n<!-- \/ Yoast SEO plugin. -->","yoast_head_json":{"title":"Round tables of the the 2nd semester 20\/21 courses by the UCS - BUTXACA TV","robots":{"index":"index","follow":"follow","max-snippet":"max-snippet:-1","max-image-preview":"max-image-preview:large","max-video-preview":"max-video-preview:-1"},"canonical":"https:\/\/butxacatv.com\/en\/taules-rodones-dels-cursos-de-la-ucs-del-2n-semestre-20-21\/","og_locale":"en_US","og_type":"article","og_title":"Round tables of the the 2nd semester 20\/21 courses by the UCS - BUTXACA TV","og_url":"https:\/\/butxacatv.com\/en\/taules-rodones-dels-cursos-de-la-ucs-del-2n-semestre-20-21\/","og_site_name":"BUTXACA TV","article_publisher":"https:\/\/www.facebook.com\/Butxacatv","article_published_time":"2021-04-09T09:51:50+00:00","article_modified_time":"2021-04-19T08:14:28+00:00","og_image":[{"width":1280,"height":720,"url":"https:\/\/butxacatv.com\/wp-content\/uploads\/2021\/04\/001_09C-Taula-rodona-UCS-cartela_OK.jpg","type":"image\/jpeg"}],"author":"bt-administrador","twitter_misc":{"Written by":"bt-administrador","Est. reading time":"4 minutes"},"schema":{"@context":"https:\/\/schema.org","@graph":[{"@type":"WebPage","@id":"https:\/\/butxacatv.com\/en\/taules-rodones-dels-cursos-de-la-ucs-del-2n-semestre-20-21\/","url":"https:\/\/butxacatv.com\/en\/taules-rodones-dels-cursos-de-la-ucs-del-2n-semestre-20-21\/","name":"Round tables of the the 2nd semester 20\/21 courses by the UCS - BUTXACA TV","isPartOf":{"@id":"https:\/\/butxacatv.com\/#website"},"datePublished":"2021-04-09T09:51:50+00:00","dateModified":"2021-04-19T08:14:28+00:00","author":{"@id":"https:\/\/butxacatv.com\/#\/schema\/person\/a061863d3c344ba65b6fee2ef2a1a3ea"},"breadcrumb":{"@id":"https:\/\/butxacatv.com\/en\/taules-rodones-dels-cursos-de-la-ucs-del-2n-semestre-20-21\/#breadcrumb"},"inLanguage":"en-US","potentialAction":[{"@type":"ReadAction","target":["https:\/\/butxacatv.com\/en\/taules-rodones-dels-cursos-de-la-ucs-del-2n-semestre-20-21\/"]}]},{"@type":"BreadcrumbList","@id":"https:\/\/butxacatv.com\/en\/taules-rodones-dels-cursos-de-la-ucs-del-2n-semestre-20-21\/#breadcrumb","itemListElement":[{"@type":"ListItem","position":1,"name":"Portada","item":"https:\/\/butxacatv.com\/en\/home\/"},{"@type":"ListItem","position":2,"name":"Round tables of the the 2nd semester 20\/21 courses by the UCS"}]},{"@type":"WebSite","@id":"https:\/\/butxacatv.com\/#website","url":"https:\/\/butxacatv.com\/","name":"BUTXACA TV","description":"BUTXACA TV","potentialAction":[{"@type":"SearchAction","target":{"@type":"EntryPoint","urlTemplate":"https:\/\/butxacatv.com\/?s={search_term_string}"},"query-input":"required name=search_term_string"}],"inLanguage":"en-US"},{"@type":"Person","@id":"https:\/\/butxacatv.com\/#\/schema\/person\/a061863d3c344ba65b6fee2ef2a1a3ea","name":"bt-administrador","url":"https:\/\/butxacatv.com\/en\/author\/bt-administrador\/"}]}},"_links":{"self":[{"href":"https:\/\/butxacatv.com\/en\/wp-json\/wp\/v2\/posts\/1536"}],"collection":[{"href":"https:\/\/butxacatv.com\/en\/wp-json\/wp\/v2\/posts"}],"about":[{"href":"https:\/\/butxacatv.com\/en\/wp-json\/wp\/v2\/types\/post"}],"author":[{"embeddable":true,"href":"https:\/\/butxacatv.com\/en\/wp-json\/wp\/v2\/users\/2"}],"replies":[{"embeddable":true,"href":"https:\/\/butxacatv.com\/en\/wp-json\/wp\/v2\/comments?post=1536"}],"version-history":[{"count":6,"href":"https:\/\/butxacatv.com\/en\/wp-json\/wp\/v2\/posts\/1536\/revisions"}],"predecessor-version":[{"id":1900,"href":"https:\/\/butxacatv.com\/en\/wp-json\/wp\/v2\/posts\/1536\/revisions\/1900"}],"wp:featuredmedia":[{"embeddable":true,"href":"https:\/\/butxacatv.com\/en\/wp-json\/wp\/v2\/media\/1534"}],"wp:attachment":[{"href":"https:\/\/butxacatv.com\/en\/wp-json\/wp\/v2\/media?parent=1536"}],"wp:term":[{"taxonomy":"category","embeddable":true,"href":"https:\/\/butxacatv.com\/en\/wp-json\/wp\/v2\/categories?post=1536"},{"taxonomy":"post_tag","embeddable":true,"href":"https:\/\/butxacatv.com\/en\/wp-json\/wp\/v2\/tags?post=1536"}],"curies":[{"name":"wp","href":"https:\/\/api.w.org\/{rel}","templated":true}]}}